{"id":12945,"date":"2025-04-15T16:25:24","date_gmt":"2025-04-15T19:25:24","guid":{"rendered":"https:\/\/mussicom.com\/mec-prorroga-ate-maio-prazo-para-regulacao-da-ead-no-ensino-superior\/"},"modified":"2025-04-15T16:25:24","modified_gmt":"2025-04-15T19:25:24","slug":"mec-prorroga-ate-maio-prazo-para-regulacao-da-ead-no-ensino-superior","status":"publish","type":"post","link":"https:\/\/mussicom.com\/noticias\/mec-prorroga-ate-maio-prazo-para-regulacao-da-ead-no-ensino-superior\/","title":{"rendered":"MEC prorroga at\u00e9 maio prazo para regula\u00e7\u00e3o da EAD no ensino superior"},"content":{"rendered":"<p> <br \/>\n<\/p>\n<div>\n<p>O Minist\u00e9rio da Educa\u00e7\u00e3o (MEC) prorrogou at\u00e9 9 de maio o prazo para cria\u00e7\u00e3o do marco regulat\u00f3rio e de novos referenciais de qualidade para oferta de cursos da educa\u00e7\u00e3o superior na modalidade a\u00a0dist\u00e2ncia. A medida foi publicada no Di\u00e1rio Oficial da Uni\u00e3o\u00a0de 9 de abril.<img decoding=\"async\" src=\"https:\/\/agenciabrasil.ebc.com.br\/ebc.gif?id=1639005&amp;o=node\" style=\"width:1px; height:1px; display:inline;\"\/><\/p>\n<p><strong>Com o adiamento, os processos de credenciamento e autoriza\u00e7\u00e3o de novos cursos de gradua\u00e7\u00e3o do tipo ensino a dist\u00e2ncia (EAD) ficam suspensos at\u00e9 a defini\u00e7\u00e3o das novas normas regulat\u00f3rias.<\/strong><\/p>\n<p>Na \u00faltima semana, no evento de divulga\u00e7\u00e3o dos dados do Censo Escolar 2024, o ministro da Educa\u00e7\u00e3o, Camilo Santana, disse que o texto do decreto presidencial que vai regulamentar o ensino superior a\u00a0dist\u00e2ncia no pa\u00eds est\u00e1 sendo aperfei\u00e7oado em articula\u00e7\u00e3o com especialistas e entidades que atuam na educa\u00e7\u00e3o superior.<\/p>\n<p>\u201cEstamos ouvindo os setores, os especialistas. Foram seis meses de discuss\u00e3o e avalia\u00e7\u00e3o para que a gente pudesse chegar a esse momento, fechando o processo para que ele [decreto] possa ser anunciado oficialmente pelo presidente.\u201d<\/p>\n<p>Entre os pontos que ser\u00e3o definidos pelo marco regulat\u00f3rio est\u00e3o a defini\u00e7\u00e3o de quais cursos precisar\u00e3o ser 100% presenciais, quais poder\u00e3o ser h\u00edbridos e quais poder\u00e3o desenvolver as atividades em EAD.\u00a0<\/p>\n<blockquote>\n<p>\u201cO MEC n\u00e3o \u00e9 contra o ensino a\u00a0dist\u00e2ncia. O que n\u00f3s queremos apenas \u00e9 garantir a qualidade na oferta desses cursos e na forma\u00e7\u00e3o desses profissionais\u201d,\u00a0garantiu o ministro da Educa\u00e7\u00e3o, Camilo Santana.<\/p>\n<\/blockquote>\n<h2>Segunda prorroga\u00e7\u00e3o<\/h2>\n<p>Inicialmente, o novo marco regulat\u00f3rio e os referenciais de qualidade para a oferta de cursos de educa\u00e7\u00e3o a\u00a0dist\u00e2ncia (EaD) deveriam ter sido publicados at\u00e9 31 de dezembro de 2024, conforme estabelecido na portaria do MEC n\u00ba 528, de 6 de junho de 2024.<\/p>\n<p>Em janeiro deste ano, o ministro da Educa\u00e7\u00e3o deu a\u00a0previs\u00e3o de que o decreto seria apresentado em fevereiro. Entretanto, foram necess\u00e1rios novos adiamentos. Em 10 de mar\u00e7o, o MEC prorrogou o prazo para 10 de abril.<\/p>\n<p>      <!-- Relacionada --><\/p>\n<p>            <!-- Relacionada -->\n    <\/div>\n<p><br \/>\n<br \/>Fonte: <a href=\"https:\/\/agenciabrasil.ebc.com.br\/educacao\/noticia\/2025-04\/mec-prorroga-ate-maio-prazo-para-regulacao-da-ead-no-ensino-superior\">Ag\u00eancia Brasil<\/a><\/p>\n","protected":false},"excerpt":{"rendered":"<p>O Minist\u00e9rio da Educa\u00e7\u00e3o (MEC) prorrogou at\u00e9 9 de maio o prazo para cria\u00e7\u00e3o do marco regulat\u00f3rio e de novos referenciais de qualidade para oferta de cursos da educa\u00e7\u00e3o superior na modalidade a\u00a0dist\u00e2ncia. A medida foi publicada no Di\u00e1rio Oficial da Uni\u00e3o\u00a0de 9 de abril. Com o adiamento, os processos de credenciamento e autoriza\u00e7\u00e3o de [&hellip;]<\/p>\n","protected":false},"author":5,"featured_media":12946,"comment_status":"open","ping_status":"open","sticky":false,"template":"","format":"standard","meta":{"_seopress_robots_primary_cat":"","_seopress_titles_title":"","_seopress_titles_desc":"","_seopress_robots_index":"","footnotes":""},"categories":[44],"tags":[],"class_list":["post-12945","post","type-post","status-publish","format-standard","has-post-thumbnail","hentry","category-educacao"],"_links":{"self":[{"href":"https:\/\/mussicom.com\/noticias\/wp-json\/wp\/v2\/posts\/12945","targetHints":{"allow":["GET"]}}],"collection":[{"href":"https:\/\/mussicom.com\/noticias\/wp-json\/wp\/v2\/posts"}],"about":[{"href":"https:\/\/mussicom.com\/noticias\/wp-json\/wp\/v2\/types\/post"}],"author":[{"embeddable":true,"href":"https:\/\/mussicom.com\/noticias\/wp-json\/wp\/v2\/users\/5"}],"replies":[{"embeddable":true,"href":"https:\/\/mussicom.com\/noticias\/wp-json\/wp\/v2\/comments?post=12945"}],"version-history":[{"count":0,"href":"https:\/\/mussicom.com\/noticias\/wp-json\/wp\/v2\/posts\/12945\/revisions"}],"wp:featuredmedia":[{"embeddable":true,"href":"https:\/\/mussicom.com\/noticias\/wp-json\/wp\/v2\/media\/12946"}],"wp:attachment":[{"href":"https:\/\/mussicom.com\/noticias\/wp-json\/wp\/v2\/media?parent=12945"}],"wp:term":[{"taxonomy":"category","embeddable":true,"href":"https:\/\/mussicom.com\/noticias\/wp-json\/wp\/v2\/categories?post=12945"},{"taxonomy":"post_tag","embeddable":true,"href":"https:\/\/mussicom.com\/noticias\/wp-json\/wp\/v2\/tags?post=12945"}],"curies":[{"name":"wp","href":"https:\/\/api.w.org\/{rel}","templated":true}]}}