{"id":12914,"date":"2025-04-15T14:04:25","date_gmt":"2025-04-15T17:04:25","guid":{"rendered":"https:\/\/www.mussicom.com\/vacinacao-nas-escolas-criancas-sao-imunizadas-e-atualizam-caderneta\/"},"modified":"2025-04-15T14:04:25","modified_gmt":"2025-04-15T17:04:25","slug":"vacinacao-nas-escolas-criancas-sao-imunizadas-e-atualizam-caderneta","status":"publish","type":"post","link":"https:\/\/mussicom.com\/noticias\/vacinacao-nas-escolas-criancas-sao-imunizadas-e-atualizam-caderneta\/","title":{"rendered":"Vacina\u00e7\u00e3o nas escolas: crian\u00e7as s\u00e3o imunizadas e atualizam caderneta"},"content":{"rendered":"<p> <br \/>\n<\/p>\n<div>\n<p>Isis Caiano de Almeida tem 10 meses de idade e chegou cedo ao Centro de Educa\u00e7\u00e3o de Primeira Inf\u00e2ncia Sempre Viva, em Ceil\u00e2ndia, a cerca de 30 quil\u00f4metros de Bras\u00edlia. <strong>A agenda na creche nesta ter\u00e7a-feira (15), entretanto, foi um pouco diferente dos demais dias.<\/strong> Com a autoriza\u00e7\u00e3o dos pais, a beb\u00ea foi imunizada por profissionais da Secretaria de Sa\u00fade do Distrito Federal dentro da pr\u00f3pria institui\u00e7\u00e3o de ensino.<img decoding=\"async\" src=\"https:\/\/agenciabrasil.ebc.com.br\/ebc.gif?id=1638965&amp;o=node\" style=\"width:1px; height:1px; display:inline;\"\/><\/p>\n<p><strong>A equipe de enfermagem no centro conseguiu atualizar toda a caderneta de vacina\u00e7\u00e3o de Isis, que estava com cinco doses em atraso.<\/strong> Agora, a beb\u00ea est\u00e1 imunizada contra a febre amarela, a gripe e a covid, al\u00e9m de receber os refor\u00e7os contra a poliomielite e da chamada pentavalente, que protege contra difteria, t\u00e9tano, coqueluche, hepatite B e infec\u00e7\u00f5es causadas pela bact\u00e9ria H. influenzae tipo B.<br \/>\u00a0<\/p>\n<div class=\"dnd-widget-wrapper context-cheio_8colunas type-image\">\n<div class=\"dnd-atom-rendered\"><!-- scald=421026:cheio_8colunas --><br \/>\n            <img decoding=\"async\" src=\"https:\/\/imagens.ebc.com.br\/V_KSMNN5qsjUCoXz5ArMrj5gzZs=\/754x0\/smart\/https:\/\/agenciabrasil.ebc.com.br\/sites\/default\/files\/thumbnails\/image\/2025\/04\/15\/15042025-pzzb3237_0.jpg?itok=NB5GVGPY\" alt=\"Bras\u00edlia (DF) 15\/04\/2025 A Secretaria de Sa\u00fade do DF promove um dia de vacina\u00e7\u00e3o infantil  na Creche Sempre Viva, na cidade sat\u00e9lite de Ceil\u00e2ndia, DF  Foto: Fabio Rodrigues-Pozzebom\/ Ag\u00eancia Brasil\" title=\"Fabio Rodrigues-Pozzebom\/ Ag\u00eancia Brasil\"\/><br \/>\n        <img decoding=\"async\" src=\"https:\/\/imagens.ebc.com.br\/V_KSMNN5qsjUCoXz5ArMrj5gzZs=\/754x0\/smart\/https:\/\/agenciabrasil.ebc.com.br\/sites\/default\/files\/thumbnails\/image\/2025\/04\/15\/15042025-pzzb3237_0.jpg?itok=NB5GVGPY\" alt=\"Bras\u00edlia (DF) 15\/04\/2025 A Secretaria de Sa\u00fade do DF promove um dia de vacina\u00e7\u00e3o infantil  na Creche Sempre Viva, na cidade sat\u00e9lite de Ceil\u00e2ndia, DF  Foto: Fabio Rodrigues-Pozzebom\/ Ag\u00eancia Brasil\" title=\"Fabio Rodrigues-Pozzebom\/ Ag\u00eancia Brasil\"\/><br \/>\n    <!-- END scald=421026 --><\/div>\n<p><h6 class=\"meta\"><!--copyright=421026-->Crian\u00e7as da creche conseguiram atualizar as cadernetas de vacina\u00e7\u00e3o &#8211; <strong>Foto:<\/strong> <strong>Fabio Rodrigues-Pozzebom\/ Ag\u00eancia Brasil<\/strong><!--END copyright=421026--><\/h6>\n<\/p>\n<\/div>\n<p>Ana Liz do Nascimento, de 7 meses de idade, era a pr\u00f3xima na fila para ser imunizada na institui\u00e7\u00e3o de ensino. Como estava com a caderneta de vacina\u00e7\u00e3o em dia, a beb\u00ea recebeu apenas a dose contra a gripe, que come\u00e7ou a ser aplicada no Distrito Federal h\u00e1 poucas semanas.\u00a0<\/p>\n<p>Do lado de fora da sala de vacina montada na creche, Manuela Almeida, de 2 anos de idade, e a amiga Sofia dos Santos, de 3 anos, se preparavam para serem imunizadas.<\/p>\n<p><strong>\u201cN\u00e3o vamos chorar\u201d, garantiram as duas, enquanto aguardavam, de m\u00e3os dadas, no p\u00e1tio da escola.<\/strong><\/p>\n<p>No momento da aplica\u00e7\u00e3o das doses, entretanto, o cen\u00e1rio foi um pouco diferente. Manuela, que permanecia calma at\u00e9 ent\u00e3o, juntou as m\u00e3ozinhas e ficou apreensiva. Amea\u00e7ou chorar, mas logo voltou a sorrir com as brincadeiras da tia do maternal. Sofia, que faz anivers\u00e1rio nesta ter\u00e7a-feira, recebeu tr\u00eas picadinhas, conseguiu segurar o choro e viu a equipe de sa\u00fade toda cantar parab\u00e9ns pra ela.\u00a0\u00a0\u00a0<\/p>\n<p>\u201cA gente tem todas as vacinas aqui. S\u00f3 n\u00e3o tem a da dengue, porque fora do ambiente da UBS [Unidade B\u00e1sica de Sa\u00fade], precisar\u00edamos da presen\u00e7a de um m\u00e9dico, e a BCG, que \u00e9 uma vacina dada em crian\u00e7as ao nascer. As demais, todas, a gente tem. Aquela crian\u00e7a que est\u00e1 com o cart\u00e3o atrasado pode atualizar aqui, sem necessitar dos pais se deslocarem de casa, sa\u00edrem do trabalho. \u00c9 uma oportunidade muito boa\u201d, explicou a enfermeira da sala de vacinas da UBS 12, de Ceil\u00e2ndia, Thais Maria Alves Pereira.<\/p>\n<p><strong>Thais lembra que a vacina\u00e7\u00e3o nas escolas tem como meta ampliar as coberturas vacinais no pa\u00eds e como a a\u00e7\u00e3o \u00e9 implementada.<\/strong>\u00a0<\/p>\n<div class=\"dnd-widget-wrapper context-grande_6colunas type-image atom-align-right\">\n<div class=\"dnd-atom-rendered\"><!-- scald=421014:grande_6colunas {\"additionalClasses\":\"\"} --><br \/>\n            <img decoding=\"async\" src=\"https:\/\/imagens.ebc.com.br\/KD8UNvvj3rUlQpfPVNCldLeITcY=\/463x0\/smart\/https:\/\/agenciabrasil.ebc.com.br\/sites\/default\/files\/thumbnails\/image\/2025\/04\/15\/15042025-pzzb2806_0.jpg?itok=7t9NzHnK\" alt=\"Bras\u00edlia (DF) 15\/04\/2025 A Secretaria de Sa\u00fade do DF promove um dia de vacina\u00e7\u00e3o infantil  na Creche Sempre Viva, na cidade sat\u00e9lite de Ceil\u00e2ndia, DF.  A enfermeira Thais Alves Pereira, fala com a Ag\u00eancia Brasil  Foto: Fabio Rodrigues-Pozzebom\/ Ag\u00eancia Brasil\" title=\"Fabio Rodrigues-Pozzebom\/ Ag\u00eancia Brasil\"\/><br \/>\n        <img decoding=\"async\" src=\"https:\/\/imagens.ebc.com.br\/KD8UNvvj3rUlQpfPVNCldLeITcY=\/463x0\/smart\/https:\/\/agenciabrasil.ebc.com.br\/sites\/default\/files\/thumbnails\/image\/2025\/04\/15\/15042025-pzzb2806_0.jpg?itok=7t9NzHnK\" alt=\"Bras\u00edlia (DF) 15\/04\/2025 A Secretaria de Sa\u00fade do DF promove um dia de vacina\u00e7\u00e3o infantil  na Creche Sempre Viva, na cidade sat\u00e9lite de Ceil\u00e2ndia, DF.  A enfermeira Thais Alves Pereira, fala com a Ag\u00eancia Brasil  Foto: Fabio Rodrigues-Pozzebom\/ Ag\u00eancia Brasil\" title=\"Fabio Rodrigues-Pozzebom\/ Ag\u00eancia Brasil\"\/><br \/>\n    <!-- END scald=421014 --><\/div>\n<p><h6 class=\"meta\"><!--copyright=421014-->Enfermeira Thais Alves Pereira considera muito importante a oportunidade de vacinar as crian\u00e7as na creche &#8211; <strong>Foto:<\/strong> <strong>Fabio Rodrigues-Pozzebom\/ Ag\u00eancia Brasil<\/strong><!--END copyright=421014--><\/h6>\n<\/p>\n<\/div>\n<blockquote>\n<p>\u201cPrimeiro, a gente faz uma triagem na caderneta, para ver qual a necessidade da crian\u00e7a e se h\u00e1 vacinas em atraso. Antes disso, a gente j\u00e1 mandou uma autoriza\u00e7\u00e3o para a dire\u00e7\u00e3o da creche, que foi encaminhada aos pais ou respons\u00e1veis. Tem pai que autoriza, por exemplo, s\u00f3 a vacina da gripe. Outros, s\u00f3 a da covid\u201d, explicou.<\/p>\n<\/blockquote>\n<p><strong>De acordo com a diretora do Centro de Educa\u00e7\u00e3o de Primeira Inf\u00e2ncia Sempre Viva, Josy Gabriela Cordeiro, a a\u00e7\u00e3o de vacina\u00e7\u00e3o acontece todos os anos na institui\u00e7\u00e3o.<\/strong>\u00a0<\/p>\n<p>\u201c\u00c9 uma necessidade. Nem sempre as fam\u00edlias t\u00eam condi\u00e7\u00f5es de atualizar a caderneta de vacina\u00e7\u00e3o das crian\u00e7as. Vou puxar sardinha para os pais aqui da escola, porque eles s\u00e3o muito participativos e comprometidos. Nas nossas salas, nem todas as crian\u00e7as precisam ser vacinadas. Mas esse processo facilita muito para aqueles que n\u00e3o conseguem\u201d, disse.<\/p>\n<blockquote>\n<p>\u201c\u00c9 o nosso papel dar assist\u00eancia. A gente est\u00e1 aqui para dar assist\u00eancia a essas fam\u00edlias. E garantir o direito \u00e0 sa\u00fade das crian\u00e7as, promovendo bem-estar\u201d, disse.\u00a0<\/p>\n<\/blockquote>\n<p>\u201cFacilita muito. <strong>Vale ressaltar tamb\u00e9m a confian\u00e7a que as fam\u00edlias t\u00eam em n\u00f3s.<\/strong> No caso daquelas crian\u00e7as que choram demais ou que t\u00eam alguma rea\u00e7\u00e3o \u00e0 vacina, a gente liga para os pais. N\u00e3o tendo [rea\u00e7\u00f5es], elas permanecem as 10 horas, no per\u00edodo integral, aqui. De 7h30 \u00e0s 17h30\u201d.<\/p>\n<div class=\"dnd-widget-wrapper context-grande_6colunas type-image atom-align-left\">\n<div class=\"dnd-atom-rendered\"><!-- scald=421015:grande_6colunas {\"additionalClasses\":\"\"} --><br \/>\n            <img decoding=\"async\" src=\"https:\/\/imagens.ebc.com.br\/lGjQCjK-DttsbuTdiIIjYAvwveU=\/463x0\/smart\/https:\/\/agenciabrasil.ebc.com.br\/sites\/default\/files\/thumbnails\/image\/2025\/04\/15\/15042025-pzzb2846_0.jpg?itok=Ks0_Rt19\" alt=\"Bras\u00edlia (DF) 15\/04\/2025 A Secretaria de Sa\u00fade do DF promove um dia de vacina\u00e7\u00e3o infantil  na Creche Sempre Viva, na cidade sat\u00e9lite de Ceil\u00e2ndia, DF. A diretora da creche, Josy Gabriela Cordeiro, fala com a Ag\u00eancia Brasil  Foto: Fabio Rodrigues-Pozzebom\/ Ag\u00eancia Brasil\" title=\"Fabio Rodrigues-Pozzebom\/ Ag\u00eancia Brasil\"\/><br \/>\n        <img decoding=\"async\" src=\"https:\/\/imagens.ebc.com.br\/lGjQCjK-DttsbuTdiIIjYAvwveU=\/463x0\/smart\/https:\/\/agenciabrasil.ebc.com.br\/sites\/default\/files\/thumbnails\/image\/2025\/04\/15\/15042025-pzzb2846_0.jpg?itok=Ks0_Rt19\" alt=\"Bras\u00edlia (DF) 15\/04\/2025 A Secretaria de Sa\u00fade do DF promove um dia de vacina\u00e7\u00e3o infantil  na Creche Sempre Viva, na cidade sat\u00e9lite de Ceil\u00e2ndia, DF. A diretora da creche, Josy Gabriela Cordeiro, fala com a Ag\u00eancia Brasil  Foto: Fabio Rodrigues-Pozzebom\/ Ag\u00eancia Brasil\" title=\"Fabio Rodrigues-Pozzebom\/ Ag\u00eancia Brasil\"\/><br \/>\n    <!-- END scald=421015 --><\/div>\n<p><h6 class=\"meta\"><!--copyright=421015-->Diretora da Creche Sempre Viva, Josy Gabriela Cordeiro, ressalta a import\u00e2ncia da assist\u00eancia a toda a fam\u00edlia &#8211; <strong>Foto:<\/strong>\u00a0 <strong>Fabio Rodrigues-Pozzebom\/ Ag\u00eancia Brasil<\/strong><!--END copyright=421015--><\/h6>\n<\/p>\n<\/div>\n<p>Segundo Josy, a parceria com a UBS pr\u00f3xima \u00e0 escola vai al\u00e9m da vacina\u00e7\u00e3o das crian\u00e7as e se estende ao longo de todo o ano letivo inteiro.\u00a0<\/p>\n<blockquote>\n<p>\u201cEles s\u00e3o nosso parceiro n\u00famero um. Fazemos marca\u00e7\u00e3o de consulta e atendimento de fato para todas as fam\u00edlias. A UBS faz tamb\u00e9m sa\u00fade bucal aqui na creche, marca\u00e7\u00e3o de consulta, sa\u00fade da mulher. Tem muita parceria, n\u00e3o s\u00f3 com as vacinas\u201d, garante.<\/p>\n<\/blockquote>\n<h2>Entenda<\/h2>\n<p>Escolas p\u00fablicas de todo o pa\u00eds iniciaram na segunda-feira (14) uma mobiliza\u00e7\u00e3o para atualizar a caderneta de vacina\u00e7\u00e3o dos alunos. <strong>A a\u00e7\u00e3o faz parte do Programa Sa\u00fade na Escola, uma parceria entre o Minist\u00e9rio da Sa\u00fade e o Minist\u00e9rio da Educa\u00e7\u00e3o para ampliar a cobertura vacinal<\/strong> entre crian\u00e7as e adolescentes.<\/p>\n<p><strong>Ao todo, 5.544 munic\u00edpios participam da campanha<\/strong>, que envolve cerca de 27,8 milh\u00f5es de alunos de 109,8 mil escolas, 80% das institui\u00e7\u00f5es da rede p\u00fablica de ensino do pa\u00eds.\u00a0<br \/>\u00a0<\/p>\n<div class=\"dnd-widget-wrapper context-cheio_8colunas type-image\">\n<div class=\"dnd-atom-rendered\"><!-- scald=421024:cheio_8colunas --><br \/>\n            <img decoding=\"async\" src=\"https:\/\/imagens.ebc.com.br\/m5ENUpaE6N3PvJ_N67bPuRMU7DQ=\/754x0\/smart\/https:\/\/agenciabrasil.ebc.com.br\/sites\/default\/files\/thumbnails\/image\/2025\/04\/15\/15042025-pzzb3087_0.jpg?itok=Ti94ZirZ\" alt=\"Bras\u00edlia (DF) 15\/04\/2025 A Secretaria de Sa\u00fade do DF promove um dia de vacina\u00e7\u00e3o infantil  na Creche Sempre Viva, na cidade sat\u00e9lite de Ceil\u00e2ndia, DF  Foto: Fabio Rodrigues-Pozzebom\/ Ag\u00eancia Brasil\" title=\"Fabio Rodrigues-Pozzebom\/ Ag\u00eancia Brasil\"\/><br \/>\n        <img decoding=\"async\" src=\"https:\/\/imagens.ebc.com.br\/m5ENUpaE6N3PvJ_N67bPuRMU7DQ=\/754x0\/smart\/https:\/\/agenciabrasil.ebc.com.br\/sites\/default\/files\/thumbnails\/image\/2025\/04\/15\/15042025-pzzb3087_0.jpg?itok=Ti94ZirZ\" alt=\"Bras\u00edlia (DF) 15\/04\/2025 A Secretaria de Sa\u00fade do DF promove um dia de vacina\u00e7\u00e3o infantil  na Creche Sempre Viva, na cidade sat\u00e9lite de Ceil\u00e2ndia, DF  Foto: Fabio Rodrigues-Pozzebom\/ Ag\u00eancia Brasil\" title=\"Fabio Rodrigues-Pozzebom\/ Ag\u00eancia Brasil\"\/><br \/>\n    <!-- END scald=421024 --><\/div>\n<p><h6 class=\"meta\"><!--copyright=421024-->Secretaria de Sa\u00fade do DF promove um dia de vacina\u00e7\u00e3o infantil na Creche Sempre Viva, na cidade sat\u00e9lite de Ceil\u00e2ndia &#8211; <strong>Fabio Rodrigues-Pozzebom\/ Ag\u00eancia Brasil<\/strong><!--END copyright=421024--><\/h6>\n<\/p>\n<\/div>\n<p>De acordo com o Minist\u00e9rio da Sa\u00fade, \u00e9 a maior ades\u00e3o da hist\u00f3ria do programa, criado em 2007.<\/p>\n<p><strong>A meta \u00e9 vacinar, at\u00e9 o pr\u00f3ximo dia 25, pelo menos 90% dos estudantes menores de 15 anos de idade.<\/strong> Ser\u00e3o aplicadas doses contra a febre amarela, al\u00e9m da tr\u00edplice viral (sarampo, caxumba e rub\u00e9ola), da DTP (tr\u00edplice bacteriana), da meningoc\u00f3cica ACWY e da vacina contra o HPV.<\/p>\n<blockquote>\n<p>\u201cAs a\u00e7\u00f5es contam com a participa\u00e7\u00e3o de profissionais do SUS [Sistema \u00danico de Sa\u00fade], cujas equipes v\u00e3o vacinar no ambiente escolar, ou as institui\u00e7\u00f5es de ensino levar\u00e3o os estudantes at\u00e9 uma Unidade B\u00e1sica de Sa\u00fade, sempre com a autoriza\u00e7\u00e3o dos respons\u00e1veis\u201d, informou o minist\u00e9rio.<\/p>\n<\/blockquote>\n<p>      <!-- Relacionada --><\/p>\n<p>            <!-- Relacionada -->\n    <\/div>\n<p><br \/>\n<br \/>Fonte: <a href=\"https:\/\/agenciabrasil.ebc.com.br\/saude\/noticia\/2025-04\/vacinacao-nas-escolas-criancas-sao-imunizadas-e-atualizam-caderneta\">Ag\u00eancia Brasil<\/a><\/p>\n","protected":false},"excerpt":{"rendered":"<p>Isis Caiano de Almeida tem 10 meses de idade e chegou cedo ao Centro de Educa\u00e7\u00e3o de Primeira Inf\u00e2ncia Sempre Viva, em Ceil\u00e2ndia, a cerca de 30 quil\u00f4metros de Bras\u00edlia. A agenda na creche nesta ter\u00e7a-feira (15), entretanto, foi um pouco diferente dos demais dias. Com a autoriza\u00e7\u00e3o dos pais, a beb\u00ea foi imunizada por [&hellip;]<\/p>\n","protected":false},"author":5,"featured_media":12915,"comment_status":"open","ping_status":"open","sticky":false,"template":"","format":"standard","meta":{"_seopress_robots_primary_cat":"","_seopress_titles_title":"","_seopress_titles_desc":"","_seopress_robots_index":"","footnotes":""},"categories":[46],"tags":[],"class_list":["post-12914","post","type-post","status-publish","format-standard","has-post-thumbnail","hentry","category-saude"],"_links":{"self":[{"href":"https:\/\/mussicom.com\/noticias\/wp-json\/wp\/v2\/posts\/12914","targetHints":{"allow":["GET"]}}],"collection":[{"href":"https:\/\/mussicom.com\/noticias\/wp-json\/wp\/v2\/posts"}],"about":[{"href":"https:\/\/mussicom.com\/noticias\/wp-json\/wp\/v2\/types\/post"}],"author":[{"embeddable":true,"href":"https:\/\/mussicom.com\/noticias\/wp-json\/wp\/v2\/users\/5"}],"replies":[{"embeddable":true,"href":"https:\/\/mussicom.com\/noticias\/wp-json\/wp\/v2\/comments?post=12914"}],"version-history":[{"count":0,"href":"https:\/\/mussicom.com\/noticias\/wp-json\/wp\/v2\/posts\/12914\/revisions"}],"wp:featuredmedia":[{"embeddable":true,"href":"https:\/\/mussicom.com\/noticias\/wp-json\/wp\/v2\/media\/12915"}],"wp:attachment":[{"href":"https:\/\/mussicom.com\/noticias\/wp-json\/wp\/v2\/media?parent=12914"}],"wp:term":[{"taxonomy":"category","embeddable":true,"href":"https:\/\/mussicom.com\/noticias\/wp-json\/wp\/v2\/categories?post=12914"},{"taxonomy":"post_tag","embeddable":true,"href":"https:\/\/mussicom.com\/noticias\/wp-json\/wp\/v2\/tags?post=12914"}],"curies":[{"name":"wp","href":"https:\/\/api.w.org\/{rel}","templated":true}]}}