{"id":12896,"date":"2025-04-15T12:56:42","date_gmt":"2025-04-15T15:56:42","guid":{"rendered":"https:\/\/mussicom.com\/pastas-do-governo-trump-avaliam-sancoes-contra-moraes\/"},"modified":"2025-04-15T12:56:42","modified_gmt":"2025-04-15T15:56:42","slug":"pastas-do-governo-trump-avaliam-sancoes-contra-moraes","status":"publish","type":"post","link":"https:\/\/mussicom.com\/noticias\/pastas-do-governo-trump-avaliam-sancoes-contra-moraes\/","title":{"rendered":"Pastas do governo Trump avaliam san\u00e7\u00f5es contra Moraes"},"content":{"rendered":"<p> <br \/>\n<\/p>\n<div id=\"hd80s9wa1h892edh8192\">\n<p>A Casa Branca est\u00e1 avaliando poss\u00edveis san\u00e7\u00f5es contra o ministro Alexandre de Moraes, do Supremo Tribunal Federal (STF). O processo, considerado lento, envolve quatro departamentos do governo de Donald Trump. A informa\u00e7\u00e3o \u00e9 do portal Metr\u00f3poles.<\/p>\n<p>No domingo 13, Jason Miller, conselheiro do presidente dos Estados Unidos, chamou Moraes de \u201cmaior amea\u00e7a \u00e0 democracia no hemisf\u00e9rio ocidental\u201d. <\/p>\n<figure class=\"wp-block-embed is-type-rich is-provider-twitter wp-block-embed-twitter\">\n<div class=\"wp-block-embed__wrapper\">\n<blockquote class=\"twitter-tweet\" data-width=\"500\" data-dnt=\"true\">\n<p lang=\"en\" dir=\"ltr\">Brazilian Supreme Court Justice Alexandre de Moraes is the single greatest threat to democracy in the Western Hemisphere, and he thinks it\u2019s funny:<\/p>\n<p>\u201cPeople are going to start saying I\u2019m persecuting everyone now,\u201d he joked.https:\/\/t.co\/E6voZXCbLK<\/p>\n<p>\u2014 Jason Miller (@JasonMiller) <a href=\"https:\/\/twitter.com\/JasonMiller\/status\/1911336311081803884?ref_src=twsrc%5Etfw\">April 13, 2025<\/a><\/p><\/blockquote>\n<\/div>\n<\/figure>\n<p>Em 2021, Miller foi detido pela Pol\u00edcia Federal no aeroporto de Bras\u00edlia, por ordem de Moraes, quando veio ao Brasil para participar do CPAC, um importante evento conservador.<\/p>\n<p>Durante a deten\u00e7\u00e3o, Miller afirmou que ele e sua equipe foram interrogados por tr\u00eas horas, sem serem acusados de crimes. A pol\u00edcia informou que \u201cqueriam conversar\u201d. Depois do interrogat\u00f3rio, ele foi liberado para retornar aos Estados Unidos. Miller comparou Moraes a \u201cum vil\u00e3o de James Bond\u201d em entrevistas subsequentes.<\/p>\n<h2 class=\"wp-block-heading\">Conselho de Seguran\u00e7a Nacional tamb\u00e9m analisa medidas contra Moraes<\/h2>\n<p>O Departamento de Estado, sob a lideran\u00e7a de Marco Rubio, est\u00e1 revisando a quest\u00e3o sob uma perspectiva diplom\u00e1tica. Rubio, como senador, j\u00e1 havia criticado o bloqueio de redes sociais por Moraes, considerando isso uma tentativa de minar liberdades b\u00e1sicas no Brasil, o que \u00e9 um aspecto relevante na an\u00e1lise das san\u00e7\u00f5es.<\/p>\n<p>O Conselho de Seguran\u00e7a Nacional, liderado por Mike Waltz, tamb\u00e9m participa do processo. Waltz \u00e9 conhecido por sua postura cr\u00edtica em rela\u00e7\u00e3o \u00e0 China e observa com aten\u00e7\u00e3o pa\u00edses que mant\u00eam rela\u00e7\u00f5es estreitas com o governo chin\u00eas, como o Brasil.<\/p>\n<p>Al\u00e9m disso, o Departamento do Tesouro dos Estados Unidos est\u00e1 envolvido devido \u00e0 possibilidade de san\u00e7\u00f5es financeiras contra Moraes. Este departamento est\u00e1 avaliando os impactos econ\u00f4micos potenciais de tais medidas sobre as rela\u00e7\u00f5es entre os EUA e o Brasil.<\/p>\n<h2 class=\"wp-block-heading\">Governo Trump consultou Eduardo Bolsonaro<\/h2>\n<figure class=\"wp-block-image aligncenter size-full is-resized\"><picture><source data-srcset=\"https:\/\/medias.revistaoeste.com\/wp-content\/uploads\/2025\/04\/232f754e-3f60-4571-8cfd-7aa214f02fcc.jpg.webp 2048w, https:\/\/medias.revistaoeste.com\/wp-content\/uploads\/2025\/04\/232f754e-3f60-4571-8cfd-7aa214f02fcc-300x200.jpg.webp 300w, https:\/\/medias.revistaoeste.com\/wp-content\/uploads\/2025\/04\/232f754e-3f60-4571-8cfd-7aa214f02fcc-150x100.jpg.webp 150w\" data-sizes=\"(max-width: 2048px) 100vw, 2048px\" type=\"image\/webp\"><img fetchpriority=\"high\" decoding=\"async\" width=\"2048\" height=\"1365\" src=\"https:\/\/medias.revistaoeste.com\/wp-content\/uploads\/2025\/04\/232f754e-3f60-4571-8cfd-7aa214f02fcc.jpg\" alt=\"Presidente Donald Trump durante cerim\u00f4nia de assinaturas no sal\u00e3o Oval da Casa Branca, ele aumentou as taxas contra a China; Estados Unidos\" class=\"wp-image-1955394\" style=\"width:641px;height:auto\" srcset=\"https:\/\/medias.revistaoeste.com\/wp-content\/uploads\/2025\/04\/232f754e-3f60-4571-8cfd-7aa214f02fcc.jpg 2048w, https:\/\/medias.revistaoeste.com\/wp-content\/uploads\/2025\/04\/232f754e-3f60-4571-8cfd-7aa214f02fcc-300x200.jpg 300w, https:\/\/medias.revistaoeste.com\/wp-content\/uploads\/2025\/04\/232f754e-3f60-4571-8cfd-7aa214f02fcc-150x100.jpg 150w\" sizes=\"(max-width: 2048px) 100vw, 2048px\" data-eio=\"p\"\/><\/source><\/picture><figcaption class=\"wp-element-caption\">Donald Trump durante cerim\u00f4nia de assinaturas no sal\u00e3o Oval da Casa Branca | Foto Daniel Torok\/White House<\/figcaption><\/figure>\n<p>O Conselho da Casa Branca complementa a lista dos departamentos envolvidos, fornecendo aconselhamento jur\u00eddico ao presidente dos EUA. Este \u00f3rg\u00e3o garante que as san\u00e7\u00f5es estejam em conformidade com normas legais internacionais e nacionais.<\/p>\n<p>Depois de cada departamento emitir seu parecer, seja aprovando, sugerindo ajustes ou rejeitando o texto, a decis\u00e3o final ser\u00e1 submetida a Donald Trump. <\/p>\n<p>Recentemente, para aprofundar o entendimento da situa\u00e7\u00e3o, integrantes da Casa Branca consultaram o deputado licenciado Eduardo Bolsonaro (PL-SP) e o jornalista Paulo Figueiredo.<\/p>\n<p><strong>+ Leia mais not\u00edcias do Mundo em Oeste<\/strong><\/p>\n<\/p><\/div>\n<p><script async src=\"\/\/platform.twitter.com\/widgets.js\" charset=\"utf-8\"><\/script><br \/>\n<br \/><br \/>\n<br \/>Fonte: <a href=\"https:\/\/revistaoeste.com\/mundo\/pastas-do-governo-trump-avaliam-sancoes-contra-moraes\/\">Revista Oeste<\/a><\/p>\n","protected":false},"excerpt":{"rendered":"<p>A Casa Branca est\u00e1 avaliando poss\u00edveis san\u00e7\u00f5es contra o ministro Alexandre de Moraes, do Supremo Tribunal Federal (STF). O processo, considerado lento, envolve quatro departamentos do governo de Donald Trump. A informa\u00e7\u00e3o \u00e9 do portal Metr\u00f3poles. No domingo 13, Jason Miller, conselheiro do presidente dos Estados Unidos, chamou Moraes de \u201cmaior amea\u00e7a \u00e0 democracia no [&hellip;]<\/p>\n","protected":false},"author":5,"featured_media":12897,"comment_status":"open","ping_status":"open","sticky":false,"template":"","format":"standard","meta":{"_seopress_robots_primary_cat":"","_seopress_titles_title":"","_seopress_titles_desc":"","_seopress_robots_index":"","footnotes":""},"categories":[48],"tags":[],"class_list":["post-12896","post","type-post","status-publish","format-standard","has-post-thumbnail","hentry","category-internacional"],"_links":{"self":[{"href":"https:\/\/mussicom.com\/noticias\/wp-json\/wp\/v2\/posts\/12896","targetHints":{"allow":["GET"]}}],"collection":[{"href":"https:\/\/mussicom.com\/noticias\/wp-json\/wp\/v2\/posts"}],"about":[{"href":"https:\/\/mussicom.com\/noticias\/wp-json\/wp\/v2\/types\/post"}],"author":[{"embeddable":true,"href":"https:\/\/mussicom.com\/noticias\/wp-json\/wp\/v2\/users\/5"}],"replies":[{"embeddable":true,"href":"https:\/\/mussicom.com\/noticias\/wp-json\/wp\/v2\/comments?post=12896"}],"version-history":[{"count":0,"href":"https:\/\/mussicom.com\/noticias\/wp-json\/wp\/v2\/posts\/12896\/revisions"}],"wp:featuredmedia":[{"embeddable":true,"href":"https:\/\/mussicom.com\/noticias\/wp-json\/wp\/v2\/media\/12897"}],"wp:attachment":[{"href":"https:\/\/mussicom.com\/noticias\/wp-json\/wp\/v2\/media?parent=12896"}],"wp:term":[{"taxonomy":"category","embeddable":true,"href":"https:\/\/mussicom.com\/noticias\/wp-json\/wp\/v2\/categories?post=12896"},{"taxonomy":"post_tag","embeddable":true,"href":"https:\/\/mussicom.com\/noticias\/wp-json\/wp\/v2\/tags?post=12896"}],"curies":[{"name":"wp","href":"https:\/\/api.w.org\/{rel}","templated":true}]}}