{"id":12877,"date":"2025-04-15T11:55:44","date_gmt":"2025-04-15T14:55:44","guid":{"rendered":"https:\/\/www.mussicom.com\/justica-dos-eua-suspende-deportacao-de-imigrantes-de-trump\/"},"modified":"2025-04-15T11:55:44","modified_gmt":"2025-04-15T14:55:44","slug":"justica-dos-eua-suspende-deportacao-de-imigrantes-de-trump","status":"publish","type":"post","link":"https:\/\/mussicom.com\/noticias\/justica-dos-eua-suspende-deportacao-de-imigrantes-de-trump\/","title":{"rendered":"Justi\u00e7a dos EUA suspende deporta\u00e7\u00e3o de imigrantes de Trump"},"content":{"rendered":"<p> <br \/>\n<\/p>\n<div id=\"hd80s9wa1h892edh8192\">\n<p>Uma ju\u00edza federal de Boston, nos <strong>Estados Unidos<\/strong> (EUA), determinou que o governo do presidente Donald Trump n\u00e3o pode revogar o <em>status <\/em>legal de mais de 530 mil imigrantes de pa\u00edses como Venezuela, Cuba, Nicar\u00e1gua e Haiti. A medida, que estava programada para entrar em vigor no dia 24 de abril, teria permitido a deporta\u00e7\u00e3o dessas pessoas.<\/p>\n<p><strong>+ Leia mais not\u00edcias de Mundo em Oeste<\/strong><\/p>\n<p>Um programa especial de imigra\u00e7\u00e3o iniciado pelo ex-presidente Joe Biden, em outubro de 2022, beneficiou mais de meio milh\u00e3o de estrangeiros. A iniciativa democrata permitia a entrada mensal de at\u00e9 30 mil migrantes de pa\u00edses com mau hist\u00f3rico em direitos humanos. <\/p>\n<p>Depois de receberem asilo, os benefici\u00e1rios obtinham visto de resid\u00eancia e podiam entrar nos EUA por via a\u00e9rea.<\/p>\n<h2 class=\"wp-block-heading\">Interpreta\u00e7\u00e3o da lei de imigra\u00e7\u00e3o dos EUA<\/h2>\n<figure class=\"wp-block-image aligncenter size-full\"><picture><source data-srcset=\"https:\/\/medias.revistaoeste.com\/wp-content\/uploads\/2024\/10\/gavel-7499911_1920.jpg.webp 1920w, https:\/\/medias.revistaoeste.com\/wp-content\/uploads\/2024\/10\/gavel-7499911_1920-300x214.jpg.webp 300w, https:\/\/medias.revistaoeste.com\/wp-content\/uploads\/2024\/10\/gavel-7499911_1920-150x107.jpg.webp 150w\" data-sizes=\"(max-width: 1920px) 100vw, 1920px\" type=\"image\/webp\"><img fetchpriority=\"high\" decoding=\"async\" width=\"1920\" height=\"1371\" src=\"https:\/\/medias.revistaoeste.com\/wp-content\/uploads\/2024\/10\/gavel-7499911_1920.jpg\" alt=\"Esses ju\u00edzes se recusam a participar de uma elei\u00e7\u00e3o agendada para junho pelo tribunal de Justi\u00e7a. Ju\u00edzes renunciam no m\u00e9xico\" class=\"wp-image-1717743\" srcset=\"https:\/\/medias.revistaoeste.com\/wp-content\/uploads\/2024\/10\/gavel-7499911_1920.jpg 1920w, https:\/\/medias.revistaoeste.com\/wp-content\/uploads\/2024\/10\/gavel-7499911_1920-300x214.jpg 300w, https:\/\/medias.revistaoeste.com\/wp-content\/uploads\/2024\/10\/gavel-7499911_1920-150x107.jpg 150w\" sizes=\"(max-width: 1920px) 100vw, 1920px\" data-eio=\"p\"\/><\/source><\/picture><figcaption class=\"wp-element-caption\">Justi\u00e7a dos EUA entende que governo Trump interpretou lei e\/de modo equivocado | Foto: Divulga\u00e7\u00e3o\/Pixabay<\/figcaption><\/figure>\n<p>A decis\u00e3o judicial afirma que a proposta do governo Trump de revogar o <em>status <\/em>legal desses imigrantes se baseou em uma \u201cinterpreta\u00e7\u00e3o equivocada\u201d da lei de imigra\u00e7\u00e3o. A tentativa era deportar rapidamente indiv\u00edduos que tinham autoriza\u00e7\u00e3o para estar no pa\u00eds.<\/p>\n<figure class=\"wp-block-embed is-type-video is-provider-youtube wp-block-embed-youtube wp-embed-aspect-16-9 wp-has-aspect-ratio\">\n<div class=\"wp-block-embed__wrapper\">\n<div class=\"perfmatters-lazy-youtube\" data-src=\"https:\/\/www.youtube.com\/embed\/fzmseWUxEQ4\" data-id=\"fzmseWUxEQ4\" data-query=\"feature=oembed\" onclick=\"perfmattersLazyLoadYouTube(this);\">\n<div><img decoding=\"async\" alt=\"YouTube video\" width=\"480\" height=\"360\" data-pin-nopin=\"true\" nopin=\"nopin\" class=\"perfmatters-lazy\" src=\"https:\/\/i.ytimg.com\/vi\/fzmseWUxEQ4\/hqdefault.jpg\"\/><img decoding=\"async\" src=\"https:\/\/i.ytimg.com\/vi\/fzmseWUxEQ4\/hqdefault.jpg\" alt=\"YouTube video\" width=\"480\" height=\"360\" data-pin-nopin=\"true\" nopin=\"nopin\"\/><\/div>\n<\/div>\n<p><noscript><iframe title=\"Trump anuncia taxas de 125% sobre produtos chineses: &#039;Explora\u00e7\u00e3o dos EUA n\u00e3o \u00e9 aceit\u00e1vel&#039;\" width=\"800\" height=\"450\" src=\"https:\/\/www.youtube.com\/embed\/fzmseWUxEQ4?feature=oembed\" frameborder=\"0\" allow=\"accelerometer; autoplay; clipboard-write; encrypted-media; gyroscope; picture-in-picture; web-share\" referrerpolicy=\"strict-origin-when-cross-origin\" allowfullscreen><\/iframe><\/noscript>\n<\/div>\n<\/figure>\n<p>Em mar\u00e7o deste ano, a gest\u00e3o republicana anunciou a inten\u00e7\u00e3o de realizar a maior deporta\u00e7\u00e3o em massa j\u00e1 registrada nos Estados Unidos. Essa proposta teria impacto nos imigrantes que entraram legalmente sob o programa de Biden, ao perderem sua prote\u00e7\u00e3o legal e ficarem sujeitos \u00e0 deporta\u00e7\u00e3o.<\/p>\n<p>Essa decis\u00e3o representa um rev\u00e9s aos planos de Trump, que prometeu deportar milh\u00f5es de imigrantes sem documentos durante sua campanha eleitoral do ano passado. Recentemente, ele deportou integrantes da gangue venezuelana Tren de Aragua para uma pris\u00e3o em El Salvador.<\/p>\n<p><strong>Leia tamb\u00e9m: \u201cA treta das tarifas\u201d, artigo de Ubiratan Jorge I\u00f3rio publicado na Edi\u00e7\u00e3o 264 da Revista Oeste<\/strong><\/p>\n<p>At\u00e9 o momento, o governo dos Estados Unidos n\u00e3o se pronunciou oficialmente sobre a decis\u00e3o judicial. <\/p>\n<\/p><\/div>\n<p><br \/>\n<br \/>Fonte: <a href=\"https:\/\/revistaoeste.com\/mundo\/justica-dos-eua-suspende-deportacao-de-imigrantes-do-governo-trump\/\">Revista Oeste<\/a><\/p>\n","protected":false},"excerpt":{"rendered":"<p>Uma ju\u00edza federal de Boston, nos Estados Unidos (EUA), determinou que o governo do presidente Donald Trump n\u00e3o pode revogar o status legal de mais de 530 mil imigrantes de pa\u00edses como Venezuela, Cuba, Nicar\u00e1gua e Haiti. A medida, que estava programada para entrar em vigor no dia 24 de abril, teria permitido a deporta\u00e7\u00e3o [&hellip;]<\/p>\n","protected":false},"author":5,"featured_media":5609,"comment_status":"open","ping_status":"open","sticky":false,"template":"","format":"standard","meta":{"_seopress_robots_primary_cat":"","_seopress_titles_title":"","_seopress_titles_desc":"","_seopress_robots_index":"","footnotes":""},"categories":[48],"tags":[],"class_list":["post-12877","post","type-post","status-publish","format-standard","has-post-thumbnail","hentry","category-internacional"],"_links":{"self":[{"href":"https:\/\/mussicom.com\/noticias\/wp-json\/wp\/v2\/posts\/12877","targetHints":{"allow":["GET"]}}],"collection":[{"href":"https:\/\/mussicom.com\/noticias\/wp-json\/wp\/v2\/posts"}],"about":[{"href":"https:\/\/mussicom.com\/noticias\/wp-json\/wp\/v2\/types\/post"}],"author":[{"embeddable":true,"href":"https:\/\/mussicom.com\/noticias\/wp-json\/wp\/v2\/users\/5"}],"replies":[{"embeddable":true,"href":"https:\/\/mussicom.com\/noticias\/wp-json\/wp\/v2\/comments?post=12877"}],"version-history":[{"count":0,"href":"https:\/\/mussicom.com\/noticias\/wp-json\/wp\/v2\/posts\/12877\/revisions"}],"wp:featuredmedia":[{"embeddable":true,"href":"https:\/\/mussicom.com\/noticias\/wp-json\/wp\/v2\/media\/5609"}],"wp:attachment":[{"href":"https:\/\/mussicom.com\/noticias\/wp-json\/wp\/v2\/media?parent=12877"}],"wp:term":[{"taxonomy":"category","embeddable":true,"href":"https:\/\/mussicom.com\/noticias\/wp-json\/wp\/v2\/categories?post=12877"},{"taxonomy":"post_tag","embeddable":true,"href":"https:\/\/mussicom.com\/noticias\/wp-json\/wp\/v2\/tags?post=12877"}],"curies":[{"name":"wp","href":"https:\/\/api.w.org\/{rel}","templated":true}]}}