{"id":12773,"date":"2025-04-15T01:45:11","date_gmt":"2025-04-15T04:45:11","guid":{"rendered":"https:\/\/mussicom.com\/fome-zero-virou-come-zero-diz-ciro-nogueira\/"},"modified":"2025-04-15T01:45:11","modified_gmt":"2025-04-15T04:45:11","slug":"fome-zero-virou-come-zero-diz-ciro-nogueira","status":"publish","type":"post","link":"https:\/\/mussicom.com\/noticias\/fome-zero-virou-come-zero-diz-ciro-nogueira\/","title":{"rendered":"\u2018Fome Zero virou Come Zero\u2019, diz Ciro Nogueira"},"content":{"rendered":"<p> <br \/>\n<\/p>\n<div id=\"hd80s9wa1h892edh8192\">\n<p>O presidente nacional do Progressistas (PP), <strong>senador Ciro Nogueira (PI)<\/strong>, foi ao seu perfil no Twitter\/X criticar o governo petista. Em mensagem na rede social nesta segunda-feira, 14, Nogueira culpou a gest\u00e3o de Lula da Silva pela redu\u00e7\u00e3o no consumo de alimentos pelos brasileiros. O pol\u00edtico faz refer\u00eancias diretas a uma nova pesquisa do instituto Datafolha.<\/p>\n<p>O parlamentar, que foi ministro no governo de Jair Bolsonaro, destacou a redu\u00e7\u00e3o de consumo de alimentos por parte de 58% da popula\u00e7\u00e3o. O resultado teria <strong>rela\u00e7\u00e3o direta com os efeitos da infla\u00e7\u00e3o<\/strong>.<\/p>\n<h2 class=\"wp-block-heading\">Ciro <strong>N<\/strong>ogueira: <strong>\u201cGoverno gasta mais, a popula\u00e7\u00e3o come menos\u201d<\/strong><\/h2>\n<p>\u201cEnquanto o governo gasta mais, a popula\u00e7\u00e3o come menos. O Fome Zero do PT virou Come Zero\u201d, escreveu Nogueira, referindo-se ao programa que o governo Lula criou durante o seu primeiro mandato.<\/p>\n<p>A pesquisa do Datafolha, que abrangeu 172 munic\u00edpios, revelou que 8 em cada 10 brasileiros mudaram a rotina para enfrentar a alta dos pre\u00e7os. Entre as mudan\u00e7as, 61% deixaram de comer fora de casa, enquanto 50% optaram por trocar marcas de produtos, como caf\u00e9, por op\u00e7\u00f5es mais baratas.<\/p>\n<figure class=\"wp-block-embed is-type-video is-provider-youtube wp-block-embed-youtube wp-embed-aspect-16-9 wp-has-aspect-ratio\">\n<div class=\"wp-block-embed__wrapper\">\n<div class=\"perfmatters-lazy-youtube\" data-src=\"https:\/\/www.youtube.com\/embed\/k0TTfq65GZk\" data-id=\"k0TTfq65GZk\" data-query=\"feature=oembed\" onclick=\"perfmattersLazyLoadYouTube(this);\">\n<div><img fetchpriority=\"high\" decoding=\"async\" src=\"https:\/\/i.ytimg.com\/vi\/k0TTfq65GZk\/hqdefault.jpg\" alt=\"YouTube video\" width=\"480\" height=\"360\" data-pin-nopin=\"true\" nopin=\"nopin\"\/><\/div>\n<\/div>\n<p><noscript><iframe title=\"Lula sugere consumo de ovos de ema ap\u00f3s explos\u00e3o no pre\u00e7o dos ovos de galinha\" width=\"800\" height=\"450\" src=\"https:\/\/www.youtube.com\/embed\/k0TTfq65GZk?feature=oembed\" frameborder=\"0\" allow=\"accelerometer; autoplay; clipboard-write; encrypted-media; gyroscope; picture-in-picture; web-share\" referrerpolicy=\"strict-origin-when-cross-origin\" allowfullscreen><\/iframe><\/noscript>\n<\/div>\n<\/figure>\n<p>Conforme o levantamento, 54% dos entrevistados acreditam que o governo Lula tem \u201cmuita responsabilidade\u201d pela alta nos pre\u00e7os dos alimentos, enquanto 29% atribuem \u201calguma responsabilidade\u201d. Apenas 14% afirmaram n\u00e3o considerar o Planalto respons\u00e1vel pela escalada dos pre\u00e7os.<\/p>\n<p>Na quarta-feira 9, Nogueira criticou Lula por sua postura principalmente em rela\u00e7\u00e3o \u00e0 pol\u00edtica tarif\u00e1ria que os Estados Unidos desenvolvem em n\u00edvel global. Conforme Nogueira, Lula adota um discurso incompat\u00edvel com a posi\u00e7\u00e3o diplom\u00e1tica do Brasil. \u201cProvoca\u00e7\u00f5es e ataques em nada ajudam o Brasil. Pragmatismo sim, populismo n\u00e3o. O Brasil n\u00e3o pode ser covarde nem fingir ser mais forte do que \u00e9\u201d.<\/p>\n<p>+ <strong>Leia mais not\u00edcias de <\/strong><strong>Pol\u00edtica<\/strong><strong> na Oeste<\/strong><\/p>\n<\/p><\/div>\n<p><br \/>\n<br \/>Fonte: <a href=\"https:\/\/revistaoeste.com\/politica\/fome-zero-virou-come-zero-diz-ciro-nogueira\/\">Ag\u00eancia Brasil<\/a><\/p>\n","protected":false},"excerpt":{"rendered":"<p>O presidente nacional do Progressistas (PP), senador Ciro Nogueira (PI), foi ao seu perfil no Twitter\/X criticar o governo petista. Em mensagem na rede social nesta segunda-feira, 14, Nogueira culpou a gest\u00e3o de Lula da Silva pela redu\u00e7\u00e3o no consumo de alimentos pelos brasileiros. O pol\u00edtico faz refer\u00eancias diretas a uma nova pesquisa do instituto [&hellip;]<\/p>\n","protected":false},"author":5,"featured_media":12774,"comment_status":"open","ping_status":"open","sticky":false,"template":"","format":"standard","meta":{"_seopress_robots_primary_cat":"","_seopress_titles_title":"","_seopress_titles_desc":"","_seopress_robots_index":"","footnotes":""},"categories":[47,1],"tags":[],"class_list":["post-12773","post","type-post","status-publish","format-standard","has-post-thumbnail","hentry","category-politica","category-ultimas-noticias"],"_links":{"self":[{"href":"https:\/\/mussicom.com\/noticias\/wp-json\/wp\/v2\/posts\/12773","targetHints":{"allow":["GET"]}}],"collection":[{"href":"https:\/\/mussicom.com\/noticias\/wp-json\/wp\/v2\/posts"}],"about":[{"href":"https:\/\/mussicom.com\/noticias\/wp-json\/wp\/v2\/types\/post"}],"author":[{"embeddable":true,"href":"https:\/\/mussicom.com\/noticias\/wp-json\/wp\/v2\/users\/5"}],"replies":[{"embeddable":true,"href":"https:\/\/mussicom.com\/noticias\/wp-json\/wp\/v2\/comments?post=12773"}],"version-history":[{"count":0,"href":"https:\/\/mussicom.com\/noticias\/wp-json\/wp\/v2\/posts\/12773\/revisions"}],"wp:featuredmedia":[{"embeddable":true,"href":"https:\/\/mussicom.com\/noticias\/wp-json\/wp\/v2\/media\/12774"}],"wp:attachment":[{"href":"https:\/\/mussicom.com\/noticias\/wp-json\/wp\/v2\/media?parent=12773"}],"wp:term":[{"taxonomy":"category","embeddable":true,"href":"https:\/\/mussicom.com\/noticias\/wp-json\/wp\/v2\/categories?post=12773"},{"taxonomy":"post_tag","embeddable":true,"href":"https:\/\/mussicom.com\/noticias\/wp-json\/wp\/v2\/tags?post=12773"}],"curies":[{"name":"wp","href":"https:\/\/api.w.org\/{rel}","templated":true}]}}