{"id":12705,"date":"2025-04-14T20:04:02","date_gmt":"2025-04-14T23:04:02","guid":{"rendered":"https:\/\/www.mussicom.com\/lula-inaugura-predios-da-uff-e-anuncia-edital-para-cursinhos-populares\/"},"modified":"2025-04-14T20:04:02","modified_gmt":"2025-04-14T23:04:02","slug":"lula-inaugura-predios-da-uff-e-anuncia-edital-para-cursinhos-populares","status":"publish","type":"post","link":"https:\/\/mussicom.com\/noticias\/lula-inaugura-predios-da-uff-e-anuncia-edital-para-cursinhos-populares\/","title":{"rendered":"Lula inaugura pr\u00e9dios da UFF e anuncia edital para cursinhos populares"},"content":{"rendered":"<p> <br \/>\n<\/p>\n<div>\n<p>O presidente Luiz In\u00e1cio Lula da Silva participou nesta segunda-feira (14) da inaugura\u00e7\u00e3o do novo campus da Universidade Federal Fluminense (UFF) na cidade Campos dos Goytacazes, no norte do estado do Rio de Janeiro, a cerca de 280 quil\u00f4metros (km) da capital.<img decoding=\"async\" src=\"https:\/\/agenciabrasil.ebc.com.br\/ebc.gif?id=1638871&amp;o=node\" style=\"width:1px; height:1px; display:inline;\"\/><\/p>\n<p>Segundo o Minist\u00e9rio da Educa\u00e7\u00e3o (MEC), as obras come\u00e7aram ainda em 2009, pelo Programa de Apoio aos Planos de Reestrutura\u00e7\u00e3o e Expans\u00e3o das Universidades Federais (Reuni), ainda no segundo mandato de Lula. Contudo, a constru\u00e7\u00e3o\u00a0foi\u00a0paralisada\u00a0em 2012, por falta de recursos. <strong>Desde ent\u00e3o, passaram-se quase 13 anos.<\/strong><\/p>\n<p>&#8220;N\u00e3o existe nenhum exemplo de sociedade que conseguiu avan\u00e7ar e melhorar de vida que n\u00e3o investiu em educa\u00e7\u00e3o&#8221;, destacou o presidente, durante evento de inaugura\u00e7\u00e3o ocorrido no novo campus. Para Lula, custa mais caro deixar de investir em \u00e1reas essenciais como a educa\u00e7\u00e3o.<\/p>\n<blockquote>\n<p>&#8220;Tem um pessoal na \u00e1rea financeira desse pa\u00eds, que qualquer coisa que a gente fala, na sa\u00fade, na educa\u00e7\u00e3o, na seguran\u00e7a, dizem que vai gastar demais. A pergunta que eu fa\u00e7o \u00e9: quanto custa n\u00e3o fazer as coisas no tempo correto nesse pa\u00eds?&#8221;.<\/p>\n<\/blockquote>\n<h2>Estrutura improvisada<\/h2>\n<p><strong>Desde 2016, a unidade funcionava\u00a0em cont\u00eaineres alugados, em dois pr\u00e9dios complementares tamb\u00e9m alugados e em uma unidade pr\u00f3pria da universidade.<\/strong> Em 2020, as obras foram finalmente retomadas, ap\u00f3s uma articula\u00e7\u00e3o que viabilizou emendas parlamentares, no valor R$ 41 milh\u00f5es. Somado aos recursos oriundos do Reuni, o investimento total na obra foi de R$ 72,4 milh\u00f5es. \u00a0<\/p>\n<p>&#8220;\u00c9 a primeira vez que um presidente da Rep\u00fablica visita e Universidade Federal Fluminense, que faz 65 anos. Essa presen\u00e7a n\u00e3o \u00e9 apenas simb\u00f3lica, ela \u00e9 concreta, porque se transfigura em espa\u00e7os de aprendizado&#8221;, pontuou o professor Claudio Lucas da N\u00f3brega, reitor da UFF.<\/p>\n<p>A\u00a0estudante de Ci\u00eancias Sociais na institui\u00e7\u00e3o Aline Esteves classificou o\u00a0nosso novo campus como uma grande conquista.\u00a0&#8220;Foi com muita luta que estamos ocupando esse espa\u00e7o aqui hoje. Antes, estud\u00e1vamos em cont\u00eaineres, e agora temos toda essa estrutura&#8221;, comemorou.<\/p>\n<h2>Novas instala\u00e7\u00f5es<\/h2>\n<p>Localizado no subdistrito de Guarus, o maior aglomerado urbano do munic\u00edpio de Campos dos Goytacazes, o novo campus da UFF conta com mais de 40 salas de aula, 13 laborat\u00f3rios, biblioteca, audit\u00f3rio, espa\u00e7os administrativos, gabinetes de pesquisa e ensino, al\u00e9m de \u00e1reas de conviv\u00eancia. <strong>A nova unidade abrigar\u00e1 os cursos de gradua\u00e7\u00e3o em Ci\u00eancias Econ\u00f4micas, Ci\u00eancias Sociais, Geografia, Hist\u00f3ria, Psicologia e Servi\u00e7o Social, al\u00e9m das licenciaturas nas \u00e1reas de Ci\u00eancias Sociais, Geografia e Hist\u00f3ria. \u00a0<\/strong><\/p>\n<p>&#8220;O presidente autorizou e n\u00f3s vamos autorizar o restaurante universit\u00e1rio (RU) nesse campus&#8221;, anunciou o ministro da Educa\u00e7\u00e3o, Camilo Santana. O RU tamb\u00e9m faz parte da reivindica\u00e7\u00e3o dos estudantes do campus, al\u00e9m da quadra poliesportiva com palco cultural multiuso, cujas obras foram autorizadas pelo MEC.<\/p>\n<h2>Cursinhos populares e creches<\/h2>\n<p>Ainda em Campos, o governo federal anunciou a publica\u00e7\u00e3o do edital de chamada p\u00fablica para oferta de cursinhos populares, por meio da Rede Nacional de Cursinhos Populares (CPOP). De acordo com a pasta, ser\u00e3o R$ 99 milh\u00f5es investidos em todo o pa\u00eds at\u00e9 2027.\u00a0<\/p>\n<p>O objetivo \u00e9 preparar estudantes de escolas p\u00fablicas para o Exame Nacional do Ensino M\u00e9dio (Enem), ampliando a possibilidade de acesso ao ensino superior. O aumento do acesso ocorre por meio do fortalecimento de cursinhos pr\u00e9-vestibulares populares e comunit\u00e1rios.\u00a0<\/p>\n<p>O governo ainda anunciou a constru\u00e7\u00e3o de creches e escolas de tempo integral nos munic\u00edpios fluminenses de em Comendador Levy Gasparian, Itaperuna, Mendes, Rio das Flores, S\u00e3o Gon\u00e7alo e Volta Redonda, al\u00e9m da abertura de 860 vagas para o Programa Nacional de Inclus\u00e3o de Jovens (Projovem) nos munic\u00edpios de Mag\u00e9, Belford Roxo, Guapimirim e Volta Redonda.<\/p>\n<h2>Outros an\u00fancios<\/h2>\n<p>Camilo Santana tamb\u00e9m anunciou a autoriza\u00e7\u00e3o para 23 obras em escolas de Educa\u00e7\u00e3o B\u00e1sica de 14 munic\u00edpios do estado do Rio de Janeiro. Elas fazem parte do conjunto de 5 mil obras na \u00e1rea de educa\u00e7\u00e3o, que estavam paralisadas e foram retomadas pelo governo federal nos \u00faltimos anos. No evento, o ministro da Educa\u00e7\u00e3o ainda assinou a ordem de servi\u00e7o para constru\u00e7\u00e3o do novo campus do Instituto Federal Fluminense (IFF), em Mag\u00e9, no valor de R$ 14,1 milh\u00f5es. Outros R$ 10 milh\u00f5es est\u00e3o previstos para aquisi\u00e7\u00e3o de equipamentos e mobili\u00e1rio da nova unidade.<\/p>\n<p>Lula segue no estado do Rio de Janeiro. <strong>Nesta ter\u00e7a-feira (15), visita obras da Rodovia Presidente Dutra, na regi\u00e3o da Serra das Araras, pr\u00f3ximo da divisa entre os estados de S\u00e3o Paulo e Rio de Janeiro.<\/strong> Considerada a liga\u00e7\u00e3o rodovi\u00e1ria mais importante do pa\u00eds, pois conecta as duas maiores regi\u00f5es metropolitanas brasileiras, as obras incluem a constru\u00e7\u00e3o de novos viadutos, acostamentos e oito faixas, quatro para cada sentido. Por ali, passam cerca de 390 mil ve\u00edculos por m\u00eas, mais de um ter\u00e7o desse fluxo \u00e9 de ve\u00edculos de carga.<\/p>\n<p>      <!-- Relacionada --><\/p>\n<p>            <!-- Relacionada -->\n    <\/div>\n<p><br \/>\n<br \/>Fonte: <a href=\"https:\/\/agenciabrasil.ebc.com.br\/educacao\/noticia\/2025-04\/lula-inaugura-predios-da-UFF-e-anuncia-edital-para-cursinhos-populares\">Ag\u00eancia Brasil<\/a><\/p>\n","protected":false},"excerpt":{"rendered":"<p>O presidente Luiz In\u00e1cio Lula da Silva participou nesta segunda-feira (14) da inaugura\u00e7\u00e3o do novo campus da Universidade Federal Fluminense (UFF) na cidade Campos dos Goytacazes, no norte do estado do Rio de Janeiro, a cerca de 280 quil\u00f4metros (km) da capital. Segundo o Minist\u00e9rio da Educa\u00e7\u00e3o (MEC), as obras come\u00e7aram ainda em 2009, pelo [&hellip;]<\/p>\n","protected":false},"author":5,"featured_media":12706,"comment_status":"open","ping_status":"open","sticky":false,"template":"","format":"standard","meta":{"_seopress_robots_primary_cat":"","_seopress_titles_title":"","_seopress_titles_desc":"","_seopress_robots_index":"","footnotes":""},"categories":[44],"tags":[],"class_list":["post-12705","post","type-post","status-publish","format-standard","has-post-thumbnail","hentry","category-educacao"],"_links":{"self":[{"href":"https:\/\/mussicom.com\/noticias\/wp-json\/wp\/v2\/posts\/12705","targetHints":{"allow":["GET"]}}],"collection":[{"href":"https:\/\/mussicom.com\/noticias\/wp-json\/wp\/v2\/posts"}],"about":[{"href":"https:\/\/mussicom.com\/noticias\/wp-json\/wp\/v2\/types\/post"}],"author":[{"embeddable":true,"href":"https:\/\/mussicom.com\/noticias\/wp-json\/wp\/v2\/users\/5"}],"replies":[{"embeddable":true,"href":"https:\/\/mussicom.com\/noticias\/wp-json\/wp\/v2\/comments?post=12705"}],"version-history":[{"count":0,"href":"https:\/\/mussicom.com\/noticias\/wp-json\/wp\/v2\/posts\/12705\/revisions"}],"wp:featuredmedia":[{"embeddable":true,"href":"https:\/\/mussicom.com\/noticias\/wp-json\/wp\/v2\/media\/12706"}],"wp:attachment":[{"href":"https:\/\/mussicom.com\/noticias\/wp-json\/wp\/v2\/media?parent=12705"}],"wp:term":[{"taxonomy":"category","embeddable":true,"href":"https:\/\/mussicom.com\/noticias\/wp-json\/wp\/v2\/categories?post=12705"},{"taxonomy":"post_tag","embeddable":true,"href":"https:\/\/mussicom.com\/noticias\/wp-json\/wp\/v2\/tags?post=12705"}],"curies":[{"name":"wp","href":"https:\/\/api.w.org\/{rel}","templated":true}]}}