{"id":12699,"date":"2025-04-14T19:38:10","date_gmt":"2025-04-14T22:38:10","guid":{"rendered":"https:\/\/www.mussicom.com\/nao-ha-duvidas-de-quem-e-o-vencedor-diz-presidente\/"},"modified":"2025-04-14T19:38:10","modified_gmt":"2025-04-14T22:38:10","slug":"nao-ha-duvidas-de-quem-e-o-vencedor-diz-presidente","status":"publish","type":"post","link":"https:\/\/mussicom.com\/noticias\/nao-ha-duvidas-de-quem-e-o-vencedor-diz-presidente\/","title":{"rendered":"&#8216;N\u00e3o h\u00e1 d\u00favidas de quem \u00e9 o vencedor&#8217;, diz presidente"},"content":{"rendered":"<p> <br \/>\n<\/p>\n<div id=\"hd80s9wa1h892edh8192\">\n<p>O <strong>Conselho Eleitoral Nacional do Equador<\/strong> confirmou, neste domingo, 13, a vit\u00f3ria de Daniel Noboa na elei\u00e7\u00e3o presidencial. O presidente, de 37 anos, manteve vantagem constante e terminou a apura\u00e7\u00e3o com 12 pontos porcentuais \u00e0 frente da candidata de esquerda Luisa Gonz\u00e1lez.<\/p>\n<p>Apesar de a advers\u00e1ria n\u00e3o admitir a derrota, Noboa declarou que \u201cn\u00e3o h\u00e1 d\u00favidas de quem \u00e9 o vencedor\u201d. Gonz\u00e1lez, por sua vez, disse aos seus apoiadores que exigir\u00e1 uma recontagem de votos.<\/p>\n<p><strong>Leia mais: \u201cNoboa vence no Equador, e oposi\u00e7\u00e3o denuncia fraude, sem provas\u201d<\/strong><\/p>\n<p>\u201cEste evento foi hist\u00f3rico, esta vit\u00f3ria tamb\u00e9m foi hist\u00f3rica, uma vit\u00f3ria de mais de 10 pontos\u201d, disse o presidente, em discurso na cidade litor\u00e2nea de Ol\u00f3n. \u201cUma vit\u00f3ria de mais de 1 milh\u00e3o de votos, em que n\u00e3o h\u00e1 d\u00favidas de quem \u00e9 o vencedor. E se baseia na perseveran\u00e7a, na luta, no trabalho de cada um dos membros desta equipe, desta equipe que busca este novo Equador.\u201d<\/p>\n<h2 class=\"wp-block-heading\">Gonz\u00e1lez n\u00e3o admite derrota na disputa \u00e0 Presid\u00eancia do Equador<\/h2>\n<p>Com <strong>93% das urnas apuradas<\/strong>, Noboa somava 55,8% dos votos, contra 44,1% de Gonz\u00e1lez. Os n\u00fameros marcaram forte contraste com o primeiro turno, realizado em fevereiro, quando Noboa teve apenas 16,7 mil votos a mais que a advers\u00e1ria.<\/p>\n<figure class=\"wp-block-embed is-type-video is-provider-youtube wp-block-embed-youtube wp-embed-aspect-16-9 wp-has-aspect-ratio\">\n<div class=\"wp-block-embed__wrapper\">\n<div class=\"perfmatters-lazy-youtube\" data-src=\"https:\/\/www.youtube.com\/embed\/cNKXjjcs85Q\" data-id=\"cNKXjjcs85Q\" data-query=\"feature=oembed\" onclick=\"perfmattersLazyLoadYouTube(this);\">\n<div><img fetchpriority=\"high\" decoding=\"async\" src=\"https:\/\/i.ytimg.com\/vi\/cNKXjjcs85Q\/hqdefault.jpg\" alt=\"YouTube video\" width=\"480\" height=\"360\" data-pin-nopin=\"true\" nopin=\"nopin\"\/><\/div>\n<\/div>\n<p><noscript><iframe title=\"&#039;24 mil agentes foram incorporados ao efetivo policial de S\u00e3o Paulo&#039;, anuncia Tarc\u00edsio\" width=\"800\" height=\"450\" src=\"https:\/\/www.youtube.com\/embed\/cNKXjjcs85Q?feature=oembed\" frameborder=\"0\" allow=\"accelerometer; autoplay; clipboard-write; encrypted-media; gyroscope; picture-in-picture; web-share\" referrerpolicy=\"strict-origin-when-cross-origin\" allowfullscreen><\/iframe><\/noscript>\n<\/div>\n<\/figure>\n<p>A candidata de esquerda acusa o advers\u00e1rio de fraude. \u201cRecuso-me a acreditar que um povo preferiria mentiras em vez da verdade, viol\u00eancia em vez de paz e unidade,\u201d disse Gonz\u00e1lez. \u201cVamos exigir uma recontagem e que abram as urnas.\u201d<\/p>\n<p><strong>+ Leia mais not\u00edcias de Mundo em Oeste<\/strong><\/p>\n<p>Diana Atamaint, presidente do Conselho Nacional Eleitoral, contesta a acusa\u00e7\u00e3o. \u201cDevemos rejeitar firmemente a narrativa de fraude\u201d, disse. \u201cAs acusa\u00e7\u00f5es infundadas n\u00e3o s\u00f3 prejudicam esta institui\u00e7\u00e3o, mas tamb\u00e9m a confian\u00e7a na nossa pr\u00f3pria democracia.\u201d<\/p>\n<p><related-posts class=\"border-y border-gray-300 py-5\"><\/p>\n<h2 class=\"!text-2xl text-black font-primary font-semibold leading-none mb-3\">\n    Leia tamb\u00e9m:<br \/>\n  <\/h2>\n<p><\/related-posts><\/p><\/div>\n<p><br \/>\n<br \/>Fonte: <a href=\"https:\/\/revistaoeste.com\/mundo\/nao-ha-duvidas-de-quem-e-o-vencedor-diz-presidente-reeleito-do-equador\/\">Revista Oeste<\/a><\/p>\n","protected":false},"excerpt":{"rendered":"<p>O Conselho Eleitoral Nacional do Equador confirmou, neste domingo, 13, a vit\u00f3ria de Daniel Noboa na elei\u00e7\u00e3o presidencial. O presidente, de 37 anos, manteve vantagem constante e terminou a apura\u00e7\u00e3o com 12 pontos porcentuais \u00e0 frente da candidata de esquerda Luisa Gonz\u00e1lez. Apesar de a advers\u00e1ria n\u00e3o admitir a derrota, Noboa declarou que \u201cn\u00e3o h\u00e1 [&hellip;]<\/p>\n","protected":false},"author":5,"featured_media":12700,"comment_status":"open","ping_status":"open","sticky":false,"template":"","format":"standard","meta":{"_seopress_robots_primary_cat":"","_seopress_titles_title":"","_seopress_titles_desc":"","_seopress_robots_index":"","footnotes":""},"categories":[48],"tags":[],"class_list":["post-12699","post","type-post","status-publish","format-standard","has-post-thumbnail","hentry","category-internacional"],"_links":{"self":[{"href":"https:\/\/mussicom.com\/noticias\/wp-json\/wp\/v2\/posts\/12699","targetHints":{"allow":["GET"]}}],"collection":[{"href":"https:\/\/mussicom.com\/noticias\/wp-json\/wp\/v2\/posts"}],"about":[{"href":"https:\/\/mussicom.com\/noticias\/wp-json\/wp\/v2\/types\/post"}],"author":[{"embeddable":true,"href":"https:\/\/mussicom.com\/noticias\/wp-json\/wp\/v2\/users\/5"}],"replies":[{"embeddable":true,"href":"https:\/\/mussicom.com\/noticias\/wp-json\/wp\/v2\/comments?post=12699"}],"version-history":[{"count":0,"href":"https:\/\/mussicom.com\/noticias\/wp-json\/wp\/v2\/posts\/12699\/revisions"}],"wp:featuredmedia":[{"embeddable":true,"href":"https:\/\/mussicom.com\/noticias\/wp-json\/wp\/v2\/media\/12700"}],"wp:attachment":[{"href":"https:\/\/mussicom.com\/noticias\/wp-json\/wp\/v2\/media?parent=12699"}],"wp:term":[{"taxonomy":"category","embeddable":true,"href":"https:\/\/mussicom.com\/noticias\/wp-json\/wp\/v2\/categories?post=12699"},{"taxonomy":"post_tag","embeddable":true,"href":"https:\/\/mussicom.com\/noticias\/wp-json\/wp\/v2\/tags?post=12699"}],"curies":[{"name":"wp","href":"https:\/\/api.w.org\/{rel}","templated":true}]}}