{"id":12469,"date":"2025-04-13T18:13:48","date_gmt":"2025-04-13T21:13:48","guid":{"rendered":"https:\/\/mussicom.com\/ministros-do-stf-pressionam-para-barrar-anistia-e-oposicao-reage\/"},"modified":"2025-04-13T18:13:48","modified_gmt":"2025-04-13T21:13:48","slug":"ministros-do-stf-pressionam-para-barrar-anistia-e-oposicao-reage","status":"publish","type":"post","link":"https:\/\/mussicom.com\/noticias\/ministros-do-stf-pressionam-para-barrar-anistia-e-oposicao-reage\/","title":{"rendered":"Ministros do STF pressionam para barrar anistia e oposi\u00e7\u00e3o reage"},"content":{"rendered":"<p> <br \/>\n<\/p>\n<div id=\"hd80s9wa1h892edh8192\">\n<p>A press\u00e3o de ministros do Supremo Tribunal Federal (STF) para que o governo do presidente Luiz In\u00e1cio Lula da Silva (PT) atue na retirada de votos de apoio \u00e0 PL da anistia causou mais indigna\u00e7\u00e3o da oposi\u00e7\u00e3o no <strong>Congresso Nacional<\/strong>. O deputado federal Luciano Zucco (PL-RS), l\u00edder da oposi\u00e7\u00e3o na C\u00e2mara dos Deputados, utilizou as palavras \u201catentado\u201d e \u201cintimida\u00e7\u00e3o\u201d, em nota assinada por ele.<\/p>\n<p><strong>+ Leia mais not\u00edcias de Pol\u00edtica em Oeste<\/strong><\/p>\n<p>\u201cO que estamos presenciando \u00e9 um atentado aberto contra a independ\u00eancia do Poder Legislativo\u201d, declarou Zucco, que foi presidente da Comiss\u00e3o Parlamentar de Inqu\u00e9rito do Movimento dos Trabalhadores Rurais Sem Terra.<\/p>\n<figure class=\"wp-block-embed is-type-video is-provider-youtube wp-block-embed-youtube wp-embed-aspect-16-9 wp-has-aspect-ratio\">\n<div class=\"wp-block-embed__wrapper\">\n<div class=\"perfmatters-lazy-youtube\" data-src=\"https:\/\/www.youtube.com\/embed\/LnH6U5jZJxY\" data-id=\"LnH6U5jZJxY\" data-query=\"feature=oembed\" onclick=\"perfmattersLazyLoadYouTube(this);\">\n<div><img fetchpriority=\"high\" decoding=\"async\" src=\"https:\/\/i.ytimg.com\/vi\/LnH6U5jZJxY\/hqdefault.jpg\" alt=\"YouTube video\" width=\"480\" height=\"360\" data-pin-nopin=\"true\" nopin=\"nopin\"\/><\/div>\n<\/div>\n<p><noscript><iframe title=\"Augusto Nunes: &#039;Motta recuou de maneira vergonhosa sobre PL da Anistia&#039;\" width=\"800\" height=\"450\" src=\"https:\/\/www.youtube.com\/embed\/LnH6U5jZJxY?feature=oembed\" frameborder=\"0\" allow=\"accelerometer; autoplay; clipboard-write; encrypted-media; gyroscope; picture-in-picture; web-share\" referrerpolicy=\"strict-origin-when-cross-origin\" allowfullscreen><\/iframe><\/noscript>\n<\/div>\n<\/figure>\n<p>\u201c\u00c9 inadmiss\u00edvel que ministros do STF estejam pressionando o governo para que interfira diretamente na atua\u00e7\u00e3o de deputados e senadores que apenas est\u00e3o exercendo seu leg\u00edtimo direito de legislar.\u201d<\/p>\n<p>Ele acrescentou que a tentativa de retirar assinaturas de um projeto de anistia, que tem amplo apoio popular e representa uma resposta democr\u00e1tica aos abusos cometidos depois dos eventos de 8 de janeiro, revela uma a\u00e7\u00e3o orquestrada para controlar o parlamento pela for\u00e7a da intimida\u00e7\u00e3o institucional.<\/p>\n<p>\u201cIsso n\u00e3o \u00e9 mais um problema pontual \u2014 \u00e9 uma crise grav\u00edssima e sem precedentes entre os poderes da Rep\u00fablica\u201d, prosseguiu o l\u00edder da oposi\u00e7\u00e3o. \u201cO STF ultrapassou todos os limites ao se colocar como tutor da democracia, quando, na pr\u00e1tica, tem agido como um ator pol\u00edtico, promovendo persegui\u00e7\u00f5es seletivas, censura, pris\u00f5es ilegais e agora, interfer\u00eancia direta nos processos legislativos.\u201d<\/p>\n<h2 class=\"wp-block-heading\">Requerimento de urg\u00eancia para projeto de anistia<\/h2>\n<p>Na avalia\u00e7\u00e3o do deputado, \u201ca separa\u00e7\u00e3o dos poderes virou letra morta diante de uma Suprema Corte que age como se estivesse acima da Constitui\u00e7\u00e3o.\u201d<\/p>\n<p>\u201cQuero deixar um recado claro: n\u00f3s, da oposi\u00e7\u00e3o, n\u00e3o aceitaremos calados esse avan\u00e7o autorit\u00e1rio\u201d, alertou Zucco. \u201cN\u00e3o vamos permitir que o Congresso seja transformado em um puxadinho do Judici\u00e1rio. Cada parlamentar aqui representa milh\u00f5es de brasileiros que exigem respeito \u00e0s suas vozes e \u00e0 soberania popular. E \u00e9 por eles que vamos resistir. Chega de chantagem institucional. Chega de ditadura togada!\u201d<\/p>\n<p><strong>Leia mais: \u201cLula recebe alerta do STF por fala de Gleisi sobre anistia\u201d<\/strong><\/p>\n<p>Neste domingo, o jornal <em>O Globo <\/em>relatou que ministros do STF cobram do governo uma a\u00e7\u00e3o para esvaziar o apoio ao PL da anistia aos acusados de participarem dos atos de 8 de janeiro. J\u00e1 foram colhidas as 257 assinaturas necess\u00e1rias para que o projeto tramite sob regime de urg\u00eancia.<\/p>\n<p>Membros do <strong>STF<\/strong>, por\u00e9m, ainda apostam, segundo o jornal, que o presidente da C\u00e2mara, Hugo Motta (Republicanos), vai segurar a press\u00e3o de pautar a anistia por algum tempo. A atua\u00e7\u00e3o do STF sobre o governo, neste sentido, busca este trabalho junto a Motta e tamb\u00e9m a retirada de votos do requerimento.<\/p>\n<\/p><\/div>\n<p><br \/>\n<br \/>Fonte: <a href=\"https:\/\/revistaoeste.com\/politica\/ministros-do-stf-pressionam-governo-para-barrar-anistia-e-oposicao-reage-atentado\/\">Ag\u00eancia Brasil<\/a><\/p>\n","protected":false},"excerpt":{"rendered":"<p>A press\u00e3o de ministros do Supremo Tribunal Federal (STF) para que o governo do presidente Luiz In\u00e1cio Lula da Silva (PT) atue na retirada de votos de apoio \u00e0 PL da anistia causou mais indigna\u00e7\u00e3o da oposi\u00e7\u00e3o no Congresso Nacional. O deputado federal Luciano Zucco (PL-RS), l\u00edder da oposi\u00e7\u00e3o na C\u00e2mara dos Deputados, utilizou as [&hellip;]<\/p>\n","protected":false},"author":5,"featured_media":12470,"comment_status":"open","ping_status":"open","sticky":false,"template":"","format":"standard","meta":{"_seopress_robots_primary_cat":"","_seopress_titles_title":"","_seopress_titles_desc":"","_seopress_robots_index":"","footnotes":""},"categories":[47,1],"tags":[],"class_list":["post-12469","post","type-post","status-publish","format-standard","has-post-thumbnail","hentry","category-politica","category-ultimas-noticias"],"_links":{"self":[{"href":"https:\/\/mussicom.com\/noticias\/wp-json\/wp\/v2\/posts\/12469","targetHints":{"allow":["GET"]}}],"collection":[{"href":"https:\/\/mussicom.com\/noticias\/wp-json\/wp\/v2\/posts"}],"about":[{"href":"https:\/\/mussicom.com\/noticias\/wp-json\/wp\/v2\/types\/post"}],"author":[{"embeddable":true,"href":"https:\/\/mussicom.com\/noticias\/wp-json\/wp\/v2\/users\/5"}],"replies":[{"embeddable":true,"href":"https:\/\/mussicom.com\/noticias\/wp-json\/wp\/v2\/comments?post=12469"}],"version-history":[{"count":0,"href":"https:\/\/mussicom.com\/noticias\/wp-json\/wp\/v2\/posts\/12469\/revisions"}],"wp:featuredmedia":[{"embeddable":true,"href":"https:\/\/mussicom.com\/noticias\/wp-json\/wp\/v2\/media\/12470"}],"wp:attachment":[{"href":"https:\/\/mussicom.com\/noticias\/wp-json\/wp\/v2\/media?parent=12469"}],"wp:term":[{"taxonomy":"category","embeddable":true,"href":"https:\/\/mussicom.com\/noticias\/wp-json\/wp\/v2\/categories?post=12469"},{"taxonomy":"post_tag","embeddable":true,"href":"https:\/\/mussicom.com\/noticias\/wp-json\/wp\/v2\/tags?post=12469"}],"curies":[{"name":"wp","href":"https:\/\/api.w.org\/{rel}","templated":true}]}}