{"id":12445,"date":"2025-04-13T16:07:40","date_gmt":"2025-04-13T19:07:40","guid":{"rendered":"https:\/\/mussicom.com\/casa-branca-divulga-check-up-da-saude-do-presidente\/"},"modified":"2025-04-13T16:07:40","modified_gmt":"2025-04-13T19:07:40","slug":"casa-branca-divulga-check-up-da-saude-do-presidente","status":"publish","type":"post","link":"https:\/\/mussicom.com\/noticias\/casa-branca-divulga-check-up-da-saude-do-presidente\/","title":{"rendered":"Casa Branca divulga check-up da sa\u00fade do presidente"},"content":{"rendered":"<p> <br \/>\n<\/p>\n<div id=\"hd80s9wa1h892edh8192\">\n<p>O presidente dos EUA, Donald Trump, de 78 anos, fez seus exames de rotina anuais na \u00faltima sexta-feira, 11. A porta-voz da <strong>Casa Branca<\/strong>, Karoline Leavitt, divulgou os resultados do <em>check-up<\/em> neste domingo, 13.\u00a0<\/p>\n<p><strong>+ Leia mais not\u00edcias do Mundo em Oeste<\/strong><\/p>\n<p>\u201cO presidente Trump continua com excelente sa\u00fade, apresentando fun\u00e7\u00f5es card\u00edaca, pulmonar, neurol\u00f3gica e f\u00edsica geral robustas\u201d, diz a conclus\u00e3o dos exames. O estilo de vida ativo do <strong>republicano<\/strong>, segundo a equipe m\u00e9dica, continua contribuindo significativamente para seu bem-estar.\u00a0<\/p>\n<p>A rotina do presidente dos <strong>EUA <\/strong>inclui a participa\u00e7\u00e3o em v\u00e1rias reuni\u00f5es, apari\u00e7\u00f5es p\u00fablicas, entrevistas \u00e0 imprensa e frequentes vit\u00f3rias em torneios de golfe. \u201cO presidente Trump demonstra excelente sa\u00fade cognitiva e f\u00edsica, estando plenamente apto a exercer as fun\u00e7\u00f5es de chefe de Estado\u201d, conclui o relat\u00f3rio.<\/p>\n<blockquote class=\"twitter-tweet\">\n<p lang=\"en\" dir=\"ltr\">As promised on Friday, President Trump\u2019s Annual Physical Examination Results: <a href=\"https:\/\/t.co\/skWfSRZ18N\">pic.twitter.com\/skWfSRZ18N<\/a><\/p>\n<p>\u2014 Karoline Leavitt (@PressSec) <a href=\"https:\/\/twitter.com\/PressSec\/status\/1911425583587729779?ref_src=twsrc%5Etfw\">April 13, 2025<\/a><\/p><\/blockquote>\n<h2 class=\"wp-block-heading\"><strong>Exames de Trump apontaram normalidade das condi\u00e7\u00f5es f\u00edsicas<\/strong><\/h2>\n<p>Trump atualmente toma dois rem\u00e9dios para controle do colesterol, assim como aspirina e um creme para alergias de pele. Ele tamb\u00e9m est\u00e1 com todas as vacinas em dia.\u00a0<\/p>\n<p>O exame card\u00edaco revelou uma frequ\u00eancia e ritmo regulares com sons card\u00edacos normais. A fun\u00e7\u00e3o card\u00edaca de Trump \u00e9 normal, assim como suas fun\u00e7\u00f5es gastrointestinais e abdominais.\u00a0<\/p>\n<p>Al\u00e9m disso, um exame neurol\u00f3gico abrangente n\u00e3o mostrou anormalidades no estado mental do presidente. Os nervos cranianos, fun\u00e7\u00e3o motora e sensorial, reflexos, marcha e equil\u00edbrio est\u00e3o saud\u00e1veis.<\/p>\n<\/p><\/div>\n<p><script async src=\"\/\/platform.twitter.com\/widgets.js\" charset=\"utf-8\"><\/script><br \/>\n<br \/><br \/>\n<br \/>Fonte: <a href=\"https:\/\/revistaoeste.com\/mundo\/casa-branca-divulga-check-up-da-saude-de-trump\/\">Revista Oeste<\/a><\/p>\n","protected":false},"excerpt":{"rendered":"<p>O presidente dos EUA, Donald Trump, de 78 anos, fez seus exames de rotina anuais na \u00faltima sexta-feira, 11. A porta-voz da Casa Branca, Karoline Leavitt, divulgou os resultados do check-up neste domingo, 13.\u00a0 + Leia mais not\u00edcias do Mundo em Oeste \u201cO presidente Trump continua com excelente sa\u00fade, apresentando fun\u00e7\u00f5es card\u00edaca, pulmonar, neurol\u00f3gica e [&hellip;]<\/p>\n","protected":false},"author":5,"featured_media":12446,"comment_status":"open","ping_status":"open","sticky":false,"template":"","format":"standard","meta":{"_seopress_robots_primary_cat":"","_seopress_titles_title":"","_seopress_titles_desc":"","_seopress_robots_index":"","footnotes":""},"categories":[48],"tags":[],"class_list":["post-12445","post","type-post","status-publish","format-standard","has-post-thumbnail","hentry","category-internacional"],"_links":{"self":[{"href":"https:\/\/mussicom.com\/noticias\/wp-json\/wp\/v2\/posts\/12445","targetHints":{"allow":["GET"]}}],"collection":[{"href":"https:\/\/mussicom.com\/noticias\/wp-json\/wp\/v2\/posts"}],"about":[{"href":"https:\/\/mussicom.com\/noticias\/wp-json\/wp\/v2\/types\/post"}],"author":[{"embeddable":true,"href":"https:\/\/mussicom.com\/noticias\/wp-json\/wp\/v2\/users\/5"}],"replies":[{"embeddable":true,"href":"https:\/\/mussicom.com\/noticias\/wp-json\/wp\/v2\/comments?post=12445"}],"version-history":[{"count":0,"href":"https:\/\/mussicom.com\/noticias\/wp-json\/wp\/v2\/posts\/12445\/revisions"}],"wp:featuredmedia":[{"embeddable":true,"href":"https:\/\/mussicom.com\/noticias\/wp-json\/wp\/v2\/media\/12446"}],"wp:attachment":[{"href":"https:\/\/mussicom.com\/noticias\/wp-json\/wp\/v2\/media?parent=12445"}],"wp:term":[{"taxonomy":"category","embeddable":true,"href":"https:\/\/mussicom.com\/noticias\/wp-json\/wp\/v2\/categories?post=12445"},{"taxonomy":"post_tag","embeddable":true,"href":"https:\/\/mussicom.com\/noticias\/wp-json\/wp\/v2\/tags?post=12445"}],"curies":[{"name":"wp","href":"https:\/\/api.w.org\/{rel}","templated":true}]}}