{"id":12439,"date":"2025-04-13T15:08:21","date_gmt":"2025-04-13T18:08:21","guid":{"rendered":"https:\/\/mussicom.com\/bolsonaro-quer-ficar-fora-da-anistia-diz-sostenes\/"},"modified":"2025-04-13T15:08:21","modified_gmt":"2025-04-13T18:08:21","slug":"bolsonaro-quer-ficar-fora-da-anistia-diz-sostenes","status":"publish","type":"post","link":"https:\/\/mussicom.com\/noticias\/bolsonaro-quer-ficar-fora-da-anistia-diz-sostenes\/","title":{"rendered":"Bolsonaro quer ficar fora da anistia, diz S\u00f3stenes"},"content":{"rendered":"<p> <br \/>\n<\/p>\n<div id=\"hd80s9wa1h892edh8192\">\n<p>O l\u00edder do PL na C\u00e2mara dos Deputados, <strong>S\u00f3stenes Cavalcante (RJ)<\/strong>, confirmou que o ex-presidente Jair Bolsonaro solicitou a retirada do pr\u00f3prio nome do projeto de anistia. O texto beneficia os acusados de envolvimento no 8 de janeiro.<\/p>\n<p>S\u00f3stenes confirmou a<strong> Oeste<\/strong> que Bolsonaro refor\u00e7ou o pedido para ser exclu\u00eddo da lista dos beneficiados.<\/p>\n<figure class=\"wp-block-embed aligncenter is-type-video is-provider-youtube wp-block-embed-youtube wp-embed-aspect-16-9 wp-has-aspect-ratio\">\n<div class=\"wp-block-embed__wrapper\">\n<div class=\"perfmatters-lazy-youtube\" data-src=\"https:\/\/www.youtube.com\/embed\/lqkNaozrppA\" data-id=\"lqkNaozrppA\" data-query=\"feature=oembed\" onclick=\"perfmattersLazyLoadYouTube(this);\">\n<div><img fetchpriority=\"high\" decoding=\"async\" src=\"https:\/\/i.ytimg.com\/vi\/lqkNaozrppA\/hqdefault.jpg\" alt=\"YouTube video\" width=\"480\" height=\"360\" data-pin-nopin=\"true\" nopin=\"nopin\"\/><\/div>\n<\/div>\n<p><noscript><iframe title=\"S\u00f3stenes Cavalcante anuncia fim da obstru\u00e7\u00e3o na C\u00e2mara: &#039;Justi\u00e7a est\u00e1 a caminho&#039;\" width=\"800\" height=\"450\" src=\"https:\/\/www.youtube.com\/embed\/lqkNaozrppA?feature=oembed\" frameborder=\"0\" allow=\"accelerometer; autoplay; clipboard-write; encrypted-media; gyroscope; picture-in-picture; web-share\" referrerpolicy=\"strict-origin-when-cross-origin\" allowfullscreen><\/iframe><\/noscript>\n<\/div>\n<\/figure>\n<p>\u201cConversamos sempre\u201d, disse o deputado. \u201cNesta semana, conversei com Bolsonaro sobre a retirada do benef\u00edcio. Al\u00e9m disso, ele mesmo j\u00e1 declarou publicamente: n\u00e3o quer ser beneficiado. Quer prioridade para as pessoas e para as fam\u00edlias que est\u00e3o vulner\u00e1veis em meio a essa hist\u00f3ria.\u201d<\/p>\n<p><strong>+ Leia mais not\u00edcias de Pol\u00edtica em Oeste<\/strong><\/p>\n<p><related-posts class=\"border-y border-gray-300 py-5\"><\/p>\n<h2 class=\"!text-2xl text-black font-primary font-semibold leading-none mb-3\">\n    Leia mais:<br \/>\n  <\/h2>\n<p><\/related-posts><\/p>\n<p>Indagado sobre a possibilidade de excluir Bolsonaro da lista da anistia, o l\u00edder do PL respondeu que n\u00e3o considera o momento adequado para discutir o tema. A fala responde a especula\u00e7\u00f5es de que o ex-presidente j\u00e1 estaria fora da proposta.<\/p>\n<p>\u201cAnistia \u00e9 para quem tem tr\u00e2nsito em julgado\u201d, disse S\u00f3stenes. \u201cN\u00e3o se anistia quem n\u00e3o tem condena\u00e7\u00e3o.\u201d O parlamentar s\u00f3 pretende tratar da retirada do perd\u00e3o a Bolsonaro em caso de uma eventual senten\u00e7a contra o ex-presidente.<\/p>\n<h2 class=\"wp-block-heading\">Bolsonaro quer celeridade <\/h2>\n<p>O ex-presidente reafirmou a decis\u00e3o de ficar fora da anistia a aliados na \u00faltima semana, segundo apurou <strong>Oeste.<\/strong> O objetivo \u00e9 diminuir resist\u00eancias da base governista e acelerar a tramita\u00e7\u00e3o da proposta.<\/p>\n<p>O deputado Ubiratan Sanderson (PL-RS), primeiro vice-l\u00edder da oposi\u00e7\u00e3o, relatou ter recebido uma liga\u00e7\u00e3o direta do ex-presidente.<\/p>\n<p>\u201cO presidente me ligou ontem, ao final da tarde\u201d, disse Sanderson. \u201cMe consultou tecnicamente. Eu disse que ele deveria estar entre os beneficiados, uma vez que n\u00e3o h\u00e1 provas contra ele e que nenhum crime foi cometido. Mas ele fez uma nova avalia\u00e7\u00e3o de que, politicamente, estender o benef\u00edcio a ele pode atrapalhar.\u201d<\/p>\n<h2 class=\"wp-block-heading\">Decis\u00e3o pol\u00edtica <\/h2>\n<p>Para Sanderson, a retirada n\u00e3o configura estrat\u00e9gia, mas uma \u201cdecis\u00e3o pol\u00edtica\u201d.<\/p>\n<p>O deputado Maur\u00edcio Marcon (PL-RS), tamb\u00e9m vice-l\u00edder da oposi\u00e7\u00e3o, confirmou a orienta\u00e7\u00e3o do ex-presidente. Segundo ele, Bolsonaro tratou do tema com o presidente da C\u00e2mara, <strong>Hugo Motta (Republicanos-PB)<\/strong>.<\/p>\n<blockquote class=\"wp-block-quote is-layout-flow wp-block-quote-is-layout-flow\">\n<p>\u201cHugo Motta nos confidenciou que, na conversa com Bolsonaro, ficou bem claro\u201d, disse Marcon. \u201cBolsonaro n\u00e3o quer anistia para ele. Quer para os injusti\u00e7ados presos do 8 de janeiro.\u201d<\/p>\n<\/blockquote>\n<p>A proposta de anistia segue em debate na C\u00e2mara, com apoio da oposi\u00e7\u00e3o e resist\u00eancia de parlamentares governistas. Enquanto integrantes do governo Lula insistem na narrativa de tentativa de suposto golpe de Estado, a oposi\u00e7\u00e3o denuncia excessos nos julgamentos, abuso de pris\u00f5es preventivas e aparelhamento do Judici\u00e1rio.<\/p>\n<p>Familiares dos presos tamb\u00e9m aumentam a press\u00e3o. Advogados relatam ilegalidades em decis\u00f5es tomadas pela 1\u00aa Turma do <strong>Supremo Tribunal Federal<\/strong>. <\/p>\n<\/p><\/div>\n<p><br \/>\n<br \/>Fonte: <a href=\"https:\/\/revistaoeste.com\/politica\/sostenes-confirma-que-bolsonaro-quer-ficar-fora-da-anistia\/\">Ag\u00eancia Brasil<\/a><\/p>\n","protected":false},"excerpt":{"rendered":"<p>O l\u00edder do PL na C\u00e2mara dos Deputados, S\u00f3stenes Cavalcante (RJ), confirmou que o ex-presidente Jair Bolsonaro solicitou a retirada do pr\u00f3prio nome do projeto de anistia. O texto beneficia os acusados de envolvimento no 8 de janeiro. S\u00f3stenes confirmou a Oeste que Bolsonaro refor\u00e7ou o pedido para ser exclu\u00eddo da lista dos beneficiados. \u201cConversamos [&hellip;]<\/p>\n","protected":false},"author":5,"featured_media":12440,"comment_status":"open","ping_status":"open","sticky":false,"template":"","format":"standard","meta":{"_seopress_robots_primary_cat":"","_seopress_titles_title":"","_seopress_titles_desc":"","_seopress_robots_index":"","footnotes":""},"categories":[47,1],"tags":[],"class_list":["post-12439","post","type-post","status-publish","format-standard","has-post-thumbnail","hentry","category-politica","category-ultimas-noticias"],"_links":{"self":[{"href":"https:\/\/mussicom.com\/noticias\/wp-json\/wp\/v2\/posts\/12439","targetHints":{"allow":["GET"]}}],"collection":[{"href":"https:\/\/mussicom.com\/noticias\/wp-json\/wp\/v2\/posts"}],"about":[{"href":"https:\/\/mussicom.com\/noticias\/wp-json\/wp\/v2\/types\/post"}],"author":[{"embeddable":true,"href":"https:\/\/mussicom.com\/noticias\/wp-json\/wp\/v2\/users\/5"}],"replies":[{"embeddable":true,"href":"https:\/\/mussicom.com\/noticias\/wp-json\/wp\/v2\/comments?post=12439"}],"version-history":[{"count":0,"href":"https:\/\/mussicom.com\/noticias\/wp-json\/wp\/v2\/posts\/12439\/revisions"}],"wp:featuredmedia":[{"embeddable":true,"href":"https:\/\/mussicom.com\/noticias\/wp-json\/wp\/v2\/media\/12440"}],"wp:attachment":[{"href":"https:\/\/mussicom.com\/noticias\/wp-json\/wp\/v2\/media?parent=12439"}],"wp:term":[{"taxonomy":"category","embeddable":true,"href":"https:\/\/mussicom.com\/noticias\/wp-json\/wp\/v2\/categories?post=12439"},{"taxonomy":"post_tag","embeddable":true,"href":"https:\/\/mussicom.com\/noticias\/wp-json\/wp\/v2\/tags?post=12439"}],"curies":[{"name":"wp","href":"https:\/\/api.w.org\/{rel}","templated":true}]}}