{"id":12416,"date":"2025-04-13T13:03:07","date_gmt":"2025-04-13T16:03:07","guid":{"rendered":"https:\/\/www.mussicom.com\/chiquinho-brazao-coloca-tornozeleira-e-e-liberado-da-prisao\/"},"modified":"2025-04-13T13:03:07","modified_gmt":"2025-04-13T16:03:07","slug":"chiquinho-brazao-coloca-tornozeleira-e-e-liberado-da-prisao","status":"publish","type":"post","link":"https:\/\/mussicom.com\/noticias\/chiquinho-brazao-coloca-tornozeleira-e-e-liberado-da-prisao\/","title":{"rendered":"Chiquinho Braz\u00e3o coloca tornozeleira e \u00e9 liberado da pris\u00e3o"},"content":{"rendered":"<p> <br \/>\n<\/p>\n<div id=\"hd80s9wa1h892edh8192\">\n<p>O deputado Chiquinho Braz\u00e3o (sem partido-RJ) foi liberado do Pres\u00eddio Federal de Campo Grande (MS) e se encontra em pris\u00e3o domiciliar no Rio de Janeiro. <\/p>\n<p>A decis\u00e3o foi tomada pelo ministro do Supremo Tribunal Federal (STF), Alexandre de Moraes, com base no artigo do C\u00f3digo de Processo Penal que prev\u00ea pris\u00e3o domiciliar para detentos com problemas graves de sa\u00fade.<\/p>\n<p>Braz\u00e3o \u00e9 acusado de ser um dos mandantes do assassinato da vereadora Marielle Franco (PSOL) e de seu motorista Anderson Gomes, em 2018. <\/p>\n<p>A investiga\u00e7\u00e3o da Pol\u00edcia Federal apontou ele e seu irm\u00e3o, Domingos Braz\u00e3o, conselheiro do Tribunal de Contas do Estado do Rio de Janeiro, como respons\u00e1veis pelo crime. Domingos continua preso, enquanto Chiquinho estava detido desde mar\u00e7o de 2024.<\/p>\n<h2 class=\"wp-block-heading\">A libera\u00e7\u00e3o de Chiquinho Braz\u00e3o<\/h2>\n<p>Na manh\u00e3 do s\u00e1bado 12, a Secretaria Nacional de Pol\u00edticas Penais ainda n\u00e3o havia sido notificada oficialmente da decis\u00e3o do STF. <\/p>\n<p>Contudo, no in\u00edcio da tarde, o deputado foi liberado e levado \u00e0 Unidade Mista de Monitoramento Virtual Estadual para colocar a tornozeleira eletr\u00f4nica. Logo depois, ele seguiu para sua resid\u00eancia no Rio de Janeiro.<\/p>\n<p>O deputado deve cumprir uma s\u00e9rie de restri\u00e7\u00f5es. Est\u00e1 proibido de usar redes sociais, comunicar-se com outros envolvidos no caso ou conceder entrevistas, a menos que autorizado pelo STF. As visitas s\u00e3o limitadas a advogados e familiares diretos, incluindo irm\u00e3os, filhos e netos.<\/p>\n<h2 class=\"wp-block-heading\">Justificativas e condi\u00e7\u00f5es de sa\u00fade<\/h2>\n<figure class=\"wp-block-image aligncenter size-full is-resized\"><picture><source data-srcset=\"https:\/\/medias.revistaoeste.com\/wp-content\/uploads\/2024\/04\/Screenshot_20240430_102457_Instagram2.jpg.webp 1080w, https:\/\/medias.revistaoeste.com\/wp-content\/uploads\/2024\/04\/Screenshot_20240430_102457_Instagram2-300x165.jpg.webp 300w, https:\/\/medias.revistaoeste.com\/wp-content\/uploads\/2024\/04\/Screenshot_20240430_102457_Instagram2-150x83.jpg.webp 150w\" data-sizes=\"(max-width: 1080px) 100vw, 1080px\" type=\"image\/webp\"><img fetchpriority=\"high\" decoding=\"async\" width=\"1080\" height=\"595\" src=\"https:\/\/medias.revistaoeste.com\/wp-content\/uploads\/2024\/04\/Screenshot_20240430_102457_Instagram2.jpg\" alt=\"Uni\u00e3o Brasil expulsou da legenda o deputado carioca Chiquinho Braz\u00e3o depois da pris\u00e3o dele, em 24 de mar\u00e7o | Foto: Reprodu\u00e7\u00e3o\/@paodeacucarnet\" class=\"wp-image-1436168\" style=\"width:648px;height:auto\" srcset=\"https:\/\/medias.revistaoeste.com\/wp-content\/uploads\/2024\/04\/Screenshot_20240430_102457_Instagram2.jpg 1080w, https:\/\/medias.revistaoeste.com\/wp-content\/uploads\/2024\/04\/Screenshot_20240430_102457_Instagram2-300x165.jpg 300w, https:\/\/medias.revistaoeste.com\/wp-content\/uploads\/2024\/04\/Screenshot_20240430_102457_Instagram2-150x83.jpg 150w\" sizes=\"(max-width: 1080px) 100vw, 1080px\" data-eio=\"p\"\/><\/source><\/picture><figcaption class=\"wp-element-caption\">Recentemente, Chiquinho Braz\u00e3o passou por procedimentos m\u00e9dicos | Foto: Reprodu\u00e7\u00e3o\/@paodeacucarnet<\/figcaption><\/figure>\n<p>O despacho do ministro Alexandre de Moraes considerou um relat\u00f3rio m\u00e9dico indicando \u201calta possibilidade de [ele] sofrer mal s\u00fabito, com risco elevado de morte\u201d, justificando a medida humanit\u00e1ria. <\/p>\n<p>A defesa de Chiquinho relatou que ele sofre de problemas card\u00edacos, diabetes e insufici\u00eancia renal, tendo passado recentemente por um cateterismo.<\/p>\n<p>A Ag\u00eancia Estadual de Administra\u00e7\u00e3o do Sistema Penitenci\u00e1rio do Mato Grosso do Sul dever\u00e1 enviar relat\u00f3rios semanais sobre o monitoramento do deputado, garantindo que todas as condi\u00e7\u00f5es impostas sejam cumpridas. <\/p>\n<p><strong>+ Leia mais not\u00edcias de Pol\u00edtica em Oeste<\/strong><\/p>\n<\/p><\/div>\n<p><br \/>\n<br \/>Fonte: <a href=\"https:\/\/revistaoeste.com\/politica\/chiquinho-brazao-coloca-tornozeleira-e-e-liberado-da-prisao\/\">Ag\u00eancia Brasil<\/a><\/p>\n","protected":false},"excerpt":{"rendered":"<p>O deputado Chiquinho Braz\u00e3o (sem partido-RJ) foi liberado do Pres\u00eddio Federal de Campo Grande (MS) e se encontra em pris\u00e3o domiciliar no Rio de Janeiro. A decis\u00e3o foi tomada pelo ministro do Supremo Tribunal Federal (STF), Alexandre de Moraes, com base no artigo do C\u00f3digo de Processo Penal que prev\u00ea pris\u00e3o domiciliar para detentos com [&hellip;]<\/p>\n","protected":false},"author":5,"featured_media":12417,"comment_status":"open","ping_status":"open","sticky":false,"template":"","format":"standard","meta":{"_seopress_robots_primary_cat":"","_seopress_titles_title":"","_seopress_titles_desc":"","_seopress_robots_index":"","footnotes":""},"categories":[47,1],"tags":[],"class_list":["post-12416","post","type-post","status-publish","format-standard","has-post-thumbnail","hentry","category-politica","category-ultimas-noticias"],"_links":{"self":[{"href":"https:\/\/mussicom.com\/noticias\/wp-json\/wp\/v2\/posts\/12416","targetHints":{"allow":["GET"]}}],"collection":[{"href":"https:\/\/mussicom.com\/noticias\/wp-json\/wp\/v2\/posts"}],"about":[{"href":"https:\/\/mussicom.com\/noticias\/wp-json\/wp\/v2\/types\/post"}],"author":[{"embeddable":true,"href":"https:\/\/mussicom.com\/noticias\/wp-json\/wp\/v2\/users\/5"}],"replies":[{"embeddable":true,"href":"https:\/\/mussicom.com\/noticias\/wp-json\/wp\/v2\/comments?post=12416"}],"version-history":[{"count":0,"href":"https:\/\/mussicom.com\/noticias\/wp-json\/wp\/v2\/posts\/12416\/revisions"}],"wp:featuredmedia":[{"embeddable":true,"href":"https:\/\/mussicom.com\/noticias\/wp-json\/wp\/v2\/media\/12417"}],"wp:attachment":[{"href":"https:\/\/mussicom.com\/noticias\/wp-json\/wp\/v2\/media?parent=12416"}],"wp:term":[{"taxonomy":"category","embeddable":true,"href":"https:\/\/mussicom.com\/noticias\/wp-json\/wp\/v2\/categories?post=12416"},{"taxonomy":"post_tag","embeddable":true,"href":"https:\/\/mussicom.com\/noticias\/wp-json\/wp\/v2\/tags?post=12416"}],"curies":[{"name":"wp","href":"https:\/\/api.w.org\/{rel}","templated":true}]}}