{"id":12394,"date":"2025-04-13T09:57:33","date_gmt":"2025-04-13T12:57:33","guid":{"rendered":"https:\/\/www.mussicom.com\/cirurgia-de-bolsonaro-e-bem-extensa-diz-medico\/"},"modified":"2025-04-13T09:57:33","modified_gmt":"2025-04-13T12:57:33","slug":"cirurgia-de-bolsonaro-e-bem-extensa-diz-medico","status":"publish","type":"post","link":"https:\/\/mussicom.com\/noticias\/cirurgia-de-bolsonaro-e-bem-extensa-diz-medico\/","title":{"rendered":"Cirurgia de Bolsonaro \u00e9 \u2018bem extensa\u2019, diz m\u00e9dico"},"content":{"rendered":"<p> <br \/>\n<\/p>\n<div id=\"hd80s9wa1h892edh8192\">\n<p>O m\u00e9dico Leandro Echenique, que acompanha Jair Bolsonaro em <strong>Bras\u00edlia<\/strong>, detalhou, na noite deste s\u00e1bado, 12, a cirurgia que deve ser realizada neste domingo, 13, para tratar uma obstru\u00e7\u00e3o intestinal no ex-presidente.\u00a0<\/p>\n<p>\u201c\u00c9 uma cirurgia aberta, que vai corrigir essa parte da obstru\u00e7\u00e3o das al\u00e7as [intestinais]\u201d, explica. Segundo Echenique, o procedimento envolve a retirada e reposicionamento de uma tela j\u00e1 existente no abd\u00f4men do ex-presidente \u2014 regi\u00e3o que passou por diversas interven\u00e7\u00f5es desde a facada sofrida em 2018. \u201cEnt\u00e3o \u00e9 uma cirurgia bem extensa.\u201d\u00a0<\/p>\n<p>A confirma\u00e7\u00e3o da cirurgia depende ainda de exames a serem conclu\u00eddos na manh\u00e3 deste domingo.<\/p>\n<p><strong>+ Leia mais not\u00edcias de <\/strong><strong>Pol\u00edtica<\/strong><strong> em Oeste<\/strong><\/p>\n<blockquote class=\"instagram-media\" data-instgrm-captioned=\"\" data-instgrm-permalink=\"https:\/\/www.instagram.com\/p\/DIT9a8su9N1\/?utm_source=ig_embed&amp;utm_campaign=loading\" data-instgrm-version=\"14\" style=\" background:#FFF; border:0; border-radius:3px; box-shadow:0 0 1px 0 rgba(0,0,0,0.5),0 1px 10px 0 rgba(0,0,0,0.15); margin: 1px; max-width:540px; min-width:326px; padding:0; width:99.375%; width:-webkit-calc(100% - 2px); width:calc(100% - 2px);\"\/>\n<p>Bolsonaro chegou a Bras\u00edlia na noite de s\u00e1bado, vindo de Natal, acompanhado do senador Rog\u00e9rio Marinho (PL-RN). Ele foi internado no <strong>Hospital DF Star<\/strong> e, segundo Echenique, chegou est\u00e1vel e sem intercorr\u00eancias durante o voo. Apesar da melhora na dor, a obstru\u00e7\u00e3o intestinal persiste.<\/p>\n<p>\u201cNos demais aspectos, de press\u00e3o, card\u00edaca, est\u00e1 est\u00e1vel\u201d, diz o m\u00e9dico. \u201cMas o quadro abdominal est\u00e1 mantido. N\u00e3o houve melhora.\u201d<\/p>\n<p>J\u00e1 o senador Rog\u00e9rio Marinho falou que Bolsonaro estava bem-humorado depois do voo e chegou a perguntar pelo resultado do jogo entre Palmeiras, que venceu o Corinthians por 2 a 0 pelo Brasileir\u00e3o. O ex-presidente tamb\u00e9m est\u00e1 em contato constante com os filhos e a ex-primeira-dama <strong>Michelle Bolsonaro<\/strong>.<\/p>\n<p>Uma aeronave fretada transportou o ex-presidente de Natal a Bras\u00edlia. Ao chegar \u00e0 unidade de sa\u00fade, Bolsonaro acenou para apoiadores que oravam por sua recupera\u00e7\u00e3o.<\/p>\n<figure class=\"wp-block-image aligncenter size-full\"><picture><source data-srcset=\"https:\/\/medias.revistaoeste.com\/wp-content\/uploads\/2025\/04\/whatsapp-image-2025-04-12-at-23.03.29.jpg.webp 888w, https:\/\/medias.revistaoeste.com\/wp-content\/uploads\/2025\/04\/whatsapp-image-2025-04-12-at-23.03.29-300x267.jpg.webp 300w, https:\/\/medias.revistaoeste.com\/wp-content\/uploads\/2025\/04\/whatsapp-image-2025-04-12-at-23.03.29-150x134.jpg.webp 150w\" data-sizes=\"(max-width: 888px) 100vw, 888px\" type=\"image\/webp\"><img fetchpriority=\"high\" decoding=\"async\" width=\"888\" height=\"791\" src=\"https:\/\/medias.revistaoeste.com\/wp-content\/uploads\/2025\/04\/whatsapp-image-2025-04-12-at-23.03.29.jpg\" alt=\"Cirurgia de Bolsonaro \u00e9 \u2018bem extensa\u2019, diz m\u00e9dico que o acompanha&#10;\" class=\"wp-image-1957861\" srcset=\"https:\/\/medias.revistaoeste.com\/wp-content\/uploads\/2025\/04\/whatsapp-image-2025-04-12-at-23.03.29.jpg 888w, https:\/\/medias.revistaoeste.com\/wp-content\/uploads\/2025\/04\/whatsapp-image-2025-04-12-at-23.03.29-300x267.jpg 300w, https:\/\/medias.revistaoeste.com\/wp-content\/uploads\/2025\/04\/whatsapp-image-2025-04-12-at-23.03.29-150x134.jpg 150w\" sizes=\"(max-width: 888px) 100vw, 888px\" data-eio=\"p\"\/><\/source><\/picture><figcaption class=\"wp-element-caption\">Bolsonaro durante o transporte para Bras\u00edlia | Foto: Reprodu\u00e7\u00e3o\/Redes sociais<\/figcaption><\/figure>\n<p>A equipe m\u00e9dica avalia realizar uma cirurgia para reverter a obstru\u00e7\u00e3o intestinal, consequ\u00eancia das sequelas da facada sofrida em 2018. O m\u00e9dico Claudio Birolini, que agora acompanha o caso, afirmou que o quadro atual \u00e9 um dos mais graves desde a facada.<\/p>\n<p>\u201cDa forma como ele chegou, bastante desidratado, com muita dor e distens\u00e3o abdominal exuberante, d\u00e1 para dizer com alguma seguran\u00e7a que esse foi o quadro mais exuberante em rela\u00e7\u00e3o aos quadros anteriores que ele apresentou\u201d, disse ele em coletiva de imprensa. \u201cEmbora eu n\u00e3o tenha acompanhado presencialmente as outras ocasi\u00f5es.\u201d<\/p>\n<h2 class=\"wp-block-heading\"><strong>Michelle preferiu que cirurgia de Bolsonaro fosse em Bras\u00edlia\u00a0<\/strong><\/h2>\n<p>Nesta sexta-feira, 11, durante um evento pol\u00edtico no Rio Grande do Norte, Bolsonaro sentiu fortes dores abdominais e foi atendido inicialmente em Santa Cruz, a 115 km da capital potiguar. Ele foi transferido para Natal depois. O boletim m\u00e9dico indicou um quadro de distens\u00e3o abdominal.<\/p>\n<blockquote class=\"twitter-tweet\">\n<p lang=\"pt\" dir=\"ltr\">\u2013 Sa\u00edda Hospital Rio Grande.<br \/>\u2013 Natal\/RN, 12 Abr 17h30.<br \/>\u2013 Jair Bolsonaro. <a href=\"https:\/\/t.co\/KsOKIT64CE\">pic.twitter.com\/KsOKIT64CE<\/a><\/p>\n<p>\u2014 Jair M. Bolsonaro (@jairbolsonaro) <a href=\"https:\/\/twitter.com\/jairbolsonaro\/status\/1911170006231957751?ref_src=twsrc%5Etfw\">April 12, 2025<\/a><\/p><\/blockquote>\n<p>A equipe m\u00e9dica, ao avaliar a situa\u00e7\u00e3o de sa\u00fade de Bolsonaro, ficou preocupada com ind\u00edcios de piora no quadro de obstru\u00e7\u00e3o intestinal apresentado pelo ex-presidente. Desde a facada, ele tem hist\u00f3rico de interrup\u00e7\u00e3o do tr\u00e2nsito no intestino, que \u00e9 controlado a partir de medica\u00e7\u00e3o.<\/p>\n<p>A situa\u00e7\u00e3o de sa\u00fade de Bolsonaro \u00e9 considerada complexa, conforme disseram aliados. Diante disso, houve uma decis\u00e3o de transferi-lo para outro hospital.<\/p>\n<p>Alguns conselheiros queriam que ele fosse acompanhado em S\u00e3o Paulo, pela equipe do m\u00e9dico Antonio Luiz Macedo, que monitora o estado de Bolsonaro desde a \u00e9poca da facada, em 2018. Michelle Bolsonaro, por\u00e9m, se op\u00f4s \u00e0 ideia e preferiu realizar a cirurgia em Bras\u00edlia, sob os cuidados de Birolini, especialista em parede abdominal.<\/p>\n<figure class=\"wp-block-image aligncenter size-full\"><picture><source data-srcset=\"https:\/\/medias.revistaoeste.com\/wp-content\/uploads\/2025\/04\/GoR5CAxWsAAWVFq.jpeg.webp 945w, https:\/\/medias.revistaoeste.com\/wp-content\/uploads\/2025\/04\/GoR5CAxWsAAWVFq-300x213.jpeg.webp 300w, https:\/\/medias.revistaoeste.com\/wp-content\/uploads\/2025\/04\/GoR5CAxWsAAWVFq-150x107.jpeg.webp 150w\" data-sizes=\"(max-width: 945px) 100vw, 945px\" type=\"image\/webp\"><img alt=\"\" decoding=\"async\" width=\"945\" height=\"672\" alt=\"\" class=\"wp-image-1957864 perfmatters-lazy\" data-eio=\"p\" src=\"https:\/\/medias.revistaoeste.com\/wp-content\/uploads\/2025\/04\/GoR5CAxWsAAWVFq.jpeg\" srcset=\"https:\/\/medias.revistaoeste.com\/wp-content\/uploads\/2025\/04\/GoR5CAxWsAAWVFq.jpeg 945w, https:\/\/medias.revistaoeste.com\/wp-content\/uploads\/2025\/04\/GoR5CAxWsAAWVFq-300x213.jpeg 300w, https:\/\/medias.revistaoeste.com\/wp-content\/uploads\/2025\/04\/GoR5CAxWsAAWVFq-150x107.jpeg 150w\" data-sizes=\"(max-width: 945px) 100vw, 945px\"\/><img alt=\"\" decoding=\"async\" width=\"945\" height=\"672\" src=\"https:\/\/medias.revistaoeste.com\/wp-content\/uploads\/2025\/04\/GoR5CAxWsAAWVFq.jpeg\" alt=\"\" class=\"wp-image-1957864\" srcset=\"https:\/\/medias.revistaoeste.com\/wp-content\/uploads\/2025\/04\/GoR5CAxWsAAWVFq.jpeg 945w, https:\/\/medias.revistaoeste.com\/wp-content\/uploads\/2025\/04\/GoR5CAxWsAAWVFq-300x213.jpeg 300w, https:\/\/medias.revistaoeste.com\/wp-content\/uploads\/2025\/04\/GoR5CAxWsAAWVFq-150x107.jpeg 150w\" sizes=\"(max-width: 945px) 100vw, 945px\" data-eio=\"p\"\/><\/source><\/picture><figcaption class=\"wp-element-caption\">Equipe m\u00e9dica em Natal tirou foto com o ex-presidente | Foto: Reprodu\u00e7\u00e3o\/Redes sociais<\/figcaption><\/figure>\n<p>A decis\u00e3o de Michelle dividiu opini\u00f5es entre aliados de Bolsonaro, que defendiam a transfer\u00eancia do ex-presidente para S\u00e3o Paulo, onde poderia ser operado por Macedo, que acompanha a situa\u00e7\u00e3o de sa\u00fade do ex-presidente h\u00e1 seis anos.<\/p>\n<p>Mais cedo, em publica\u00e7\u00e3o nas redes sociais, Bolsonaro n\u00e3o disse onde seria operado. \u201cEm Bras\u00edlia ou em S\u00e3o Paulo, depois de minha transfer\u00eancia, provavelmente passarei por uma nova cirurgia.\u201d<\/p>\n<p>Aliados de Bolsonaro dizem que ele pode ser operado neste domingo, na hora do almo\u00e7o. Na v\u00e9spera, Marinho (PL-RN) j\u00e1 havia falado sobre a possibilidade de cirurgia e confirmou que Bolsonaro seria transportado em um avi\u00e3o.<\/p>\n<\/p><\/div>\n<p><script async src=\"\/\/platform.twitter.com\/widgets.js\" charset=\"utf-8\"><\/script><script async src=\"\/\/www.instagram.com\/embed.js\"><\/script><br \/>\n<br \/><br \/>\n<br \/>Fonte: <a href=\"https:\/\/revistaoeste.com\/politica\/cirurgia-de-bolsonaro-e-bem-extensa-diz-medico-que-o-acompanha\/\">Ag\u00eancia Brasil<\/a><\/p>\n","protected":false},"excerpt":{"rendered":"<p>O m\u00e9dico Leandro Echenique, que acompanha Jair Bolsonaro em Bras\u00edlia, detalhou, na noite deste s\u00e1bado, 12, a cirurgia que deve ser realizada neste domingo, 13, para tratar uma obstru\u00e7\u00e3o intestinal no ex-presidente.\u00a0 \u201c\u00c9 uma cirurgia aberta, que vai corrigir essa parte da obstru\u00e7\u00e3o das al\u00e7as [intestinais]\u201d, explica. Segundo Echenique, o procedimento envolve a retirada e [&hellip;]<\/p>\n","protected":false},"author":5,"featured_media":12051,"comment_status":"open","ping_status":"open","sticky":false,"template":"","format":"standard","meta":{"_seopress_robots_primary_cat":"","_seopress_titles_title":"","_seopress_titles_desc":"","_seopress_robots_index":"","footnotes":""},"categories":[47,1],"tags":[],"class_list":["post-12394","post","type-post","status-publish","format-standard","has-post-thumbnail","hentry","category-politica","category-ultimas-noticias"],"_links":{"self":[{"href":"https:\/\/mussicom.com\/noticias\/wp-json\/wp\/v2\/posts\/12394","targetHints":{"allow":["GET"]}}],"collection":[{"href":"https:\/\/mussicom.com\/noticias\/wp-json\/wp\/v2\/posts"}],"about":[{"href":"https:\/\/mussicom.com\/noticias\/wp-json\/wp\/v2\/types\/post"}],"author":[{"embeddable":true,"href":"https:\/\/mussicom.com\/noticias\/wp-json\/wp\/v2\/users\/5"}],"replies":[{"embeddable":true,"href":"https:\/\/mussicom.com\/noticias\/wp-json\/wp\/v2\/comments?post=12394"}],"version-history":[{"count":0,"href":"https:\/\/mussicom.com\/noticias\/wp-json\/wp\/v2\/posts\/12394\/revisions"}],"wp:featuredmedia":[{"embeddable":true,"href":"https:\/\/mussicom.com\/noticias\/wp-json\/wp\/v2\/media\/12051"}],"wp:attachment":[{"href":"https:\/\/mussicom.com\/noticias\/wp-json\/wp\/v2\/media?parent=12394"}],"wp:term":[{"taxonomy":"category","embeddable":true,"href":"https:\/\/mussicom.com\/noticias\/wp-json\/wp\/v2\/categories?post=12394"},{"taxonomy":"post_tag","embeddable":true,"href":"https:\/\/mussicom.com\/noticias\/wp-json\/wp\/v2\/tags?post=12394"}],"curies":[{"name":"wp","href":"https:\/\/api.w.org\/{rel}","templated":true}]}}