{"id":12384,"date":"2025-04-13T08:56:47","date_gmt":"2025-04-13T11:56:47","guid":{"rendered":"https:\/\/www.mussicom.com\/inaceitavel-nao-punir-crimes-dessa-envergadura\/"},"modified":"2025-04-13T08:56:47","modified_gmt":"2025-04-13T11:56:47","slug":"inaceitavel-nao-punir-crimes-dessa-envergadura","status":"publish","type":"post","link":"https:\/\/mussicom.com\/noticias\/inaceitavel-nao-punir-crimes-dessa-envergadura\/","title":{"rendered":"&#8216;Inaceit\u00e1vel n\u00e3o punir crimes dessa envergadura&#8217;"},"content":{"rendered":"<p> <br \/>\n<\/p>\n<div id=\"hd80s9wa1h892edh8192\">\n<p>O diretor-geral da Pol\u00edcia Federal, Andrei Passos Rodrigues, se posicionou contra o projeto de anistia aos condenados pelos atos do <strong>8 de janeiro de 2023<\/strong>. Para o diretor-geral, \u00e9 \u201cinaceit\u00e1vel\u201d deixar impunes crimes dessa gravidade.<\/p>\n<p>Ao participar de um painel ao lado do procurador-geral da Rep\u00fablica, Paulo Gonet, na 11\u00aa edi\u00e7\u00e3o da Brazil Conference, neste s\u00e1bado, 12, Andrei Rodrigues fez quest\u00e3o de ressaltar a gravidade dos fatos.<\/p>\n<p><strong>+ Leia mais not\u00edcias de Pol\u00edtica em Oeste<\/strong><\/p>\n<p>\u201cHavia um plano de assassinato do presidente da Rep\u00fablica, do vice-presidente da Rep\u00fablica e do presidente da nossa Corte Eleitoral\u201d, alegou Andrei Rodrigues, sem provas. \u201cIsso, por si s\u00f3, deveria chocar e espantar todos.\u201d<\/p>\n<p>Ele citou tamb\u00e9m o caso que envolve a cabeleireira D\u00e9bora dos Santos, de 39 anos, que pode ficar 14 anos na cadeia por ter escrito \u201cperdeu, man\u00e9\u201d na Est\u00e1tua da Justi\u00e7a.<\/p>\n<p>\u201cN\u00e3o estamos falando aqui da maquiagem de uma est\u00e1tua\u201d, disse o diretor-geral da <strong>Pol\u00edcia Federal<\/strong>. \u201cEstamos falando de planos de assassinato, ruptura da nossa democracia, vandalismo, depreda\u00e7\u00e3o de patrim\u00f4nio p\u00fablico e hist\u00f3rico. Estamos falando de ataques \u00e0s institui\u00e7\u00f5es do Estado do Brasil que trariam consequ\u00eancias inimagin\u00e1veis.\u201d<\/p>\n<figure class=\"wp-block-image aligncenter size-full\"><picture><source data-srcset=\"https:\/\/medias.revistaoeste.com\/wp-content\/uploads\/2025\/03\/Debora-stf.jpeg.webp 1600w, https:\/\/medias.revistaoeste.com\/wp-content\/uploads\/2025\/03\/Debora-stf-300x169.jpeg.webp 300w, https:\/\/medias.revistaoeste.com\/wp-content\/uploads\/2025\/03\/Debora-stf-400x225.jpeg.webp 400w, https:\/\/medias.revistaoeste.com\/wp-content\/uploads\/2025\/03\/Debora-stf-216x121.jpeg.webp 216w, https:\/\/medias.revistaoeste.com\/wp-content\/uploads\/2025\/03\/Debora-stf-150x84.jpeg.webp 150w\" data-sizes=\"(max-width: 1600px) 100vw, 1600px\" type=\"image\/webp\"><img fetchpriority=\"high\" decoding=\"async\" width=\"1600\" height=\"900\" src=\"https:\/\/medias.revistaoeste.com\/wp-content\/uploads\/2025\/03\/Debora-stf.jpeg\" alt=\"A est\u00e1tua, o 'perdeu, man\u00e9' e D\u00e9bora dos Santos: puni\u00e7\u00e3o emblem\u00e1tica por parte dos ministros do STF | Foto: Reprodu\u00e7\u00e3o\/Twitter\/X\" class=\"wp-image-1941216\" srcset=\"https:\/\/medias.revistaoeste.com\/wp-content\/uploads\/2025\/03\/Debora-stf.jpeg 1600w, https:\/\/medias.revistaoeste.com\/wp-content\/uploads\/2025\/03\/Debora-stf-300x169.jpeg 300w, https:\/\/medias.revistaoeste.com\/wp-content\/uploads\/2025\/03\/Debora-stf-400x225.jpeg 400w, https:\/\/medias.revistaoeste.com\/wp-content\/uploads\/2025\/03\/Debora-stf-216x121.jpeg 216w, https:\/\/medias.revistaoeste.com\/wp-content\/uploads\/2025\/03\/Debora-stf-150x84.jpeg 150w\" sizes=\"(max-width: 1600px) 100vw, 1600px\" data-eio=\"p\"\/><\/source><\/picture><figcaption class=\"wp-element-caption\">A est\u00e1tua, o \u2018perdeu, man\u00e9\u2019 e D\u00e9bora dos Santos: puni\u00e7\u00e3o emblem\u00e1tica por parte dos ministros do STF | Foto: Reprodu\u00e7\u00e3o\/Twitter\/X<\/figcaption><\/figure>\n<h2 class=\"wp-block-heading\">Diretor-geral da Pol\u00edcia Federal explica por que \u00e9 contra a anistia<\/h2>\n<p>O diretor-geral da PF tamb\u00e9m refor\u00e7ou a necessidade de responsabilizar os envolvidos na propor\u00e7\u00e3o da \u201cgravidade dos crimes\u201d. E pressionou o Congresso a rejeitar o projeto da anistia.<\/p>\n<p>\u201cTenho o maior respeito e apre\u00e7o pelo Congresso, que \u00e9 o foro de debates e de proposituras legislativas, mas tamb\u00e9m tenho minha opini\u00e3o muito consolidada\u201d, disse Andrei Rodrigues. \u201cAcho inaceit\u00e1vel n\u00e3o punir pessoas que cometeram crimes dessa envergadura.\u201d<\/p>\n<figure class=\"wp-block-embed is-type-video is-provider-youtube wp-block-embed-youtube wp-embed-aspect-16-9 wp-has-aspect-ratio\">\n<div class=\"wp-block-embed__wrapper\">\n<div class=\"perfmatters-lazy-youtube\" data-src=\"https:\/\/www.youtube.com\/embed\/sC2F_SGLfqA\" data-id=\"sC2F_SGLfqA\" data-query=\"feature=oembed\" onclick=\"perfmattersLazyLoadYouTube(this);\">\n<div><img decoding=\"async\" alt=\"YouTube video\" width=\"480\" height=\"360\" data-pin-nopin=\"true\" nopin=\"nopin\" class=\"perfmatters-lazy\" src=\"https:\/\/i.ytimg.com\/vi\/sC2F_SGLfqA\/hqdefault.jpg\"\/><img decoding=\"async\" src=\"https:\/\/i.ytimg.com\/vi\/sC2F_SGLfqA\/hqdefault.jpg\" alt=\"YouTube video\" width=\"480\" height=\"360\" data-pin-nopin=\"true\" nopin=\"nopin\"\/><\/div>\n<\/div>\n<p><noscript><iframe title=\"EXCLUSIVO: &#039;Vota\u00e7\u00e3o do PL da Anistia deve acontecer at\u00e9 o fim do m\u00eas&#039;, diz Marcon\" width=\"800\" height=\"450\" src=\"https:\/\/www.youtube.com\/embed\/sC2F_SGLfqA?feature=oembed\" frameborder=\"0\" allow=\"accelerometer; autoplay; clipboard-write; encrypted-media; gyroscope; picture-in-picture; web-share\" referrerpolicy=\"strict-origin-when-cross-origin\" allowfullscreen><\/iframe><\/noscript>\n<\/div>\n<\/figure>\n<p>Durante o painel, Andrei Rodrigues foi interpelado sobre como sua proximidade com o governo poderia afetar a autonomia da Pol\u00edcia Federal. Ele respondeu achar \u201cengra\u00e7ado\u201d as suposi\u00e7\u00f5es sobre sua rela\u00e7\u00e3o pessoal com o presidente <strong>Luiz In\u00e1cio Lula da Silva<\/strong>, ao afirmar que a liga\u00e7\u00e3o \u00e9 exclusivamente institucional.<\/p>\n<p>\u201cEsse \u00e9 um cargo de confian\u00e7a\u201d, observou o diretor-geral. \u201cE a confian\u00e7a no trabalho das pessoas. Fico pensando se o presidente nomearia algu\u00e9m que n\u00e3o confia nessa fun\u00e7\u00e3o, ent\u00e3o precisa ter a confian\u00e7a. Acho que a gente tem de terminar de vez com isso, de que h\u00e1 essa rela\u00e7\u00e3o pessoal, que n\u00e3o tenho.\u201d<\/p>\n<h2 class=\"wp-block-heading\">Ataques \u00e0 Lava Jato<\/h2>\n<p>Andrei Rodrigues alegou que a PF realiza seu trabalho com independ\u00eancia, sem levar em conta estatura pol\u00edtica ou econ\u00f4mica. Ele acrescentou que, sob sua gest\u00e3o, n\u00e3o h\u00e1 mais \u201cespet\u00e1culos de opera\u00e7\u00e3o\u201d e fez diversas men\u00e7\u00f5es indiretas ao per\u00edodo da <strong>Lava Jato<\/strong>, que prendeu dezenas de bandidos e recuperou bilh\u00f5es de reais para os cofres p\u00fablicos.<\/p>\n<p>\u201cVoc\u00eas n\u00e3o v\u00e3o ver presos algemados, sendo conduzidos, expostos \u00e0 m\u00eddia\u201d, disse Andrei Rodrigues. \u201cN\u00e3o tem imprensa na porta de pessoa que est\u00e1 sendo investigada pela pol\u00edcia. N\u00e3o tem pris\u00f5es espetaculosas na rua, no tr\u00e2nsito, expondo indevidamente as pessoas. N\u00e3o h\u00e1 entrevista coletiva, <em>powerpoint<\/em>. Me digam voc\u00eas o nome de um delegado de Pol\u00edcia Federal hoje. O \u2018Japon\u00eas da Federal\u2019, o \u2018<em>Hipster<\/em> da Federal\u2019? N\u00e3o tem. Porque recuperamos essa instabilidade, essa institucionalidade.\u201d<\/p>\n<hr class=\"wp-block-separator has-alpha-channel-opacity\"\/>\n<p>Revista <strong>Oeste<\/strong>, <em>com informa\u00e7\u00f5es da<\/em> Ag\u00eancia Estado<\/p>\n<\/p><\/div>\n<p><br \/>\n<br \/>Fonte: <a href=\"https:\/\/revistaoeste.com\/politica\/diretor-da-policia-federal-rechaca-anistia-inaceitavel-nao-punir-crimes-dessa-envergadura\/\">Ag\u00eancia Brasil<\/a><\/p>\n","protected":false},"excerpt":{"rendered":"<p>O diretor-geral da Pol\u00edcia Federal, Andrei Passos Rodrigues, se posicionou contra o projeto de anistia aos condenados pelos atos do 8 de janeiro de 2023. Para o diretor-geral, \u00e9 \u201cinaceit\u00e1vel\u201d deixar impunes crimes dessa gravidade. Ao participar de um painel ao lado do procurador-geral da Rep\u00fablica, Paulo Gonet, na 11\u00aa edi\u00e7\u00e3o da Brazil Conference, neste [&hellip;]<\/p>\n","protected":false},"author":5,"featured_media":12385,"comment_status":"open","ping_status":"open","sticky":false,"template":"","format":"standard","meta":{"_seopress_robots_primary_cat":"","_seopress_titles_title":"","_seopress_titles_desc":"","_seopress_robots_index":"","footnotes":""},"categories":[47,1],"tags":[],"class_list":["post-12384","post","type-post","status-publish","format-standard","has-post-thumbnail","hentry","category-politica","category-ultimas-noticias"],"_links":{"self":[{"href":"https:\/\/mussicom.com\/noticias\/wp-json\/wp\/v2\/posts\/12384","targetHints":{"allow":["GET"]}}],"collection":[{"href":"https:\/\/mussicom.com\/noticias\/wp-json\/wp\/v2\/posts"}],"about":[{"href":"https:\/\/mussicom.com\/noticias\/wp-json\/wp\/v2\/types\/post"}],"author":[{"embeddable":true,"href":"https:\/\/mussicom.com\/noticias\/wp-json\/wp\/v2\/users\/5"}],"replies":[{"embeddable":true,"href":"https:\/\/mussicom.com\/noticias\/wp-json\/wp\/v2\/comments?post=12384"}],"version-history":[{"count":0,"href":"https:\/\/mussicom.com\/noticias\/wp-json\/wp\/v2\/posts\/12384\/revisions"}],"wp:featuredmedia":[{"embeddable":true,"href":"https:\/\/mussicom.com\/noticias\/wp-json\/wp\/v2\/media\/12385"}],"wp:attachment":[{"href":"https:\/\/mussicom.com\/noticias\/wp-json\/wp\/v2\/media?parent=12384"}],"wp:term":[{"taxonomy":"category","embeddable":true,"href":"https:\/\/mussicom.com\/noticias\/wp-json\/wp\/v2\/categories?post=12384"},{"taxonomy":"post_tag","embeddable":true,"href":"https:\/\/mussicom.com\/noticias\/wp-json\/wp\/v2\/tags?post=12384"}],"curies":[{"name":"wp","href":"https:\/\/api.w.org\/{rel}","templated":true}]}}