{"id":12305,"date":"2025-04-12T19:43:46","date_gmt":"2025-04-12T22:43:46","guid":{"rendered":"https:\/\/mussicom.com\/moraes-manda-soltar-mais-3-presos-preventivamente\/"},"modified":"2025-04-12T19:43:46","modified_gmt":"2025-04-12T22:43:46","slug":"moraes-manda-soltar-mais-3-presos-preventivamente","status":"publish","type":"post","link":"https:\/\/mussicom.com\/noticias\/moraes-manda-soltar-mais-3-presos-preventivamente\/","title":{"rendered":"Moraes manda soltar mais 3 presos preventivamente"},"content":{"rendered":"<p> <br \/>\n<\/p>\n<div id=\"hd80s9wa1h892edh8192\">\n<p>O <strong>Supremo Tribunal Federal<\/strong> concedeu <em>habeas corpus<\/em> a tr\u00eas presos por envolvimento no 8 de janeiro. O <strong>ministro Alexandre de Moraes <\/strong>mandou soltar o ex-policial militar de Minas Gerais Marco Alexandre Machado de Ara\u00fajo, o major da Pol\u00edcia Militar do Distrito Federal Cl\u00e1udio Mendes dos Santos e o empres\u00e1rio Ramiro Alves da Rocha Cruz Junior, conhecido como Ramiro dos Caminhoneiros. O trio estava detido, preventivamente, por quase dois anos.<\/p>\n<p><strong>O caso de Marco Alexandre <\/strong><\/p>\n<p>Segundo informa\u00e7\u00f5es confirmadas por <strong>Oeste<\/strong>, Marco Alexandre deixou o Complexo da Papuda, em Bras\u00edlia, na tarde da sexta-feira 11. A Associa\u00e7\u00e3o dos Familiares e V\u00edtimas do 8 de Janeiro (Asfav) comunicou a soltura oficialmente. Ara\u00fajo havia se entregado espontaneamente em abril de 2023 \u00e0 Pol\u00edcia Federal.<\/p>\n<p>Na carta enviada \u00e0 fam\u00edlia, publicada pela imprensa em outubro do ano passado, o ex-militar afirmou que estava pagando caro por algo que n\u00e3o cometeu nem apoiava. \u201cMe apresentei voluntariamente \u00e0 Pol\u00edcia Federal (PF) de Bras\u00edlia\u201d, escreveu. \u201cSabia da minha conduta como cidad\u00e3o.\u201d<\/p>\n<h2 class=\"wp-block-heading\">O retrato do 8 de janeiro <\/h2>\n<p>A defesa do ex-PM sustentou que a \u00fanica imagem de Marco no pr\u00e9dio do Supremo n\u00e3o demonstrava participa\u00e7\u00e3o no vandalismo. Pelo contr\u00e1rio \u2014 segundo os advogados, ele colaborava com a Pol\u00edcia Legislativa para conter os danos ao patrim\u00f4nio p\u00fablico.<\/p>\n<p>Marco Alexandre vivia em Uberl\u00e2ndia, Minas Gerais, com a fam\u00edlia. Desde a pris\u00e3o, estava recolhido em cela da Papuda. Mesmo sem den\u00fancia oferecida pelo Minist\u00e9rio P\u00fablico ou provas de depreda\u00e7\u00e3o, permaneceu preso preventivamente.<\/p>\n<figure class=\"wp-block-embed is-type-video is-provider-youtube wp-block-embed-youtube wp-embed-aspect-16-9 wp-has-aspect-ratio\">\n<div class=\"wp-block-embed__wrapper\">\n<div class=\"perfmatters-lazy-youtube\" data-src=\"https:\/\/www.youtube.com\/embed\/VwG707NrVFo\" data-id=\"VwG707NrVFo\" data-query=\"feature=oembed\" onclick=\"perfmattersLazyLoadYouTube(this);\">\n<div><img fetchpriority=\"high\" decoding=\"async\" src=\"https:\/\/i.ytimg.com\/vi\/VwG707NrVFo\/hqdefault.jpg\" alt=\"YouTube video\" width=\"480\" height=\"360\" data-pin-nopin=\"true\" nopin=\"nopin\"\/><\/div>\n<\/div>\n<p><noscript><iframe title=\"Bolsonaro desafia Moraes e sugere discutir penas do 8 de janeiro\" width=\"800\" height=\"450\" src=\"https:\/\/www.youtube.com\/embed\/VwG707NrVFo?feature=oembed\" frameborder=\"0\" allow=\"accelerometer; autoplay; clipboard-write; encrypted-media; gyroscope; picture-in-picture; web-share\" referrerpolicy=\"strict-origin-when-cross-origin\" allowfullscreen><\/iframe><\/noscript>\n<\/div>\n<\/figure>\n<p>A oposi\u00e7\u00e3o no Congresso Nacional atribui a decis\u00e3o \u00e0 press\u00e3o pol\u00edtica feita contra o que considera pris\u00f5es ilegais e abusivas. Lideran\u00e7as parlamentares encaminharam of\u00edcio ao Supremo, cobrando provid\u00eancias em rela\u00e7\u00e3o a casos emblem\u00e1ticos.<\/p>\n<p><strong>+ Leia mais not\u00edcias de Pol\u00edtica em Oeste<\/strong><\/p>\n<p>O deputado federal <strong>Coronel Zucco (PL-RS)<\/strong>, l\u00edder da oposi\u00e7\u00e3o na C\u00e2mara, reafirmou o compromisso com os direitos individuais e o Estado de Direito. \u201cTemos muito trabalho pela frente\u201d, afirmou o deputado. \u201cMas nossa press\u00e3o est\u00e1 surtindo efeito. Seguiremos firmes na luta pela liberdade dos demais presos e anistia a todos os perseguidos e exilados pol\u00edticos do Brasil.\u201d<\/p>\n<\/p><\/div>\n<p><br \/>\n<br \/>Fonte: <a href=\"https:\/\/revistaoeste.com\/politica\/oposicao-pressiona-e-moraes-manda-soltar-mais-3-presos-pelo-8-de-janeiro\/\">Ag\u00eancia Brasil<\/a><\/p>\n","protected":false},"excerpt":{"rendered":"<p>O Supremo Tribunal Federal concedeu habeas corpus a tr\u00eas presos por envolvimento no 8 de janeiro. O ministro Alexandre de Moraes mandou soltar o ex-policial militar de Minas Gerais Marco Alexandre Machado de Ara\u00fajo, o major da Pol\u00edcia Militar do Distrito Federal Cl\u00e1udio Mendes dos Santos e o empres\u00e1rio Ramiro Alves da Rocha Cruz Junior, [&hellip;]<\/p>\n","protected":false},"author":5,"featured_media":12306,"comment_status":"open","ping_status":"open","sticky":false,"template":"","format":"standard","meta":{"_seopress_robots_primary_cat":"","_seopress_titles_title":"","_seopress_titles_desc":"","_seopress_robots_index":"","footnotes":""},"categories":[47,1],"tags":[],"class_list":["post-12305","post","type-post","status-publish","format-standard","has-post-thumbnail","hentry","category-politica","category-ultimas-noticias"],"_links":{"self":[{"href":"https:\/\/mussicom.com\/noticias\/wp-json\/wp\/v2\/posts\/12305","targetHints":{"allow":["GET"]}}],"collection":[{"href":"https:\/\/mussicom.com\/noticias\/wp-json\/wp\/v2\/posts"}],"about":[{"href":"https:\/\/mussicom.com\/noticias\/wp-json\/wp\/v2\/types\/post"}],"author":[{"embeddable":true,"href":"https:\/\/mussicom.com\/noticias\/wp-json\/wp\/v2\/users\/5"}],"replies":[{"embeddable":true,"href":"https:\/\/mussicom.com\/noticias\/wp-json\/wp\/v2\/comments?post=12305"}],"version-history":[{"count":0,"href":"https:\/\/mussicom.com\/noticias\/wp-json\/wp\/v2\/posts\/12305\/revisions"}],"wp:featuredmedia":[{"embeddable":true,"href":"https:\/\/mussicom.com\/noticias\/wp-json\/wp\/v2\/media\/12306"}],"wp:attachment":[{"href":"https:\/\/mussicom.com\/noticias\/wp-json\/wp\/v2\/media?parent=12305"}],"wp:term":[{"taxonomy":"category","embeddable":true,"href":"https:\/\/mussicom.com\/noticias\/wp-json\/wp\/v2\/categories?post=12305"},{"taxonomy":"post_tag","embeddable":true,"href":"https:\/\/mussicom.com\/noticias\/wp-json\/wp\/v2\/tags?post=12305"}],"curies":[{"name":"wp","href":"https:\/\/api.w.org\/{rel}","templated":true}]}}