{"id":12265,"date":"2025-04-12T15:37:08","date_gmt":"2025-04-12T18:37:08","guid":{"rendered":"https:\/\/www.mussicom.com\/justica-dos-eua-autoriza-governo-trump-a-deportar-universitario-que-participou-de-manifestacao-contra-israel\/"},"modified":"2025-04-12T15:37:08","modified_gmt":"2025-04-12T18:37:08","slug":"justica-dos-eua-autoriza-governo-trump-a-deportar-universitario-que-participou-de-manifestacao-contra-israel","status":"publish","type":"post","link":"https:\/\/mussicom.com\/noticias\/justica-dos-eua-autoriza-governo-trump-a-deportar-universitario-que-participou-de-manifestacao-contra-israel\/","title":{"rendered":"Justi\u00e7a dos EUA autoriza governo Trump a deportar universit\u00e1rio que participou de manifesta\u00e7\u00e3o contra Israel"},"content":{"rendered":"<p> <br \/>\n<\/p>\n<div id=\"hd80s9wa1h892edh8192\">\n<p>A Justi\u00e7a dos <strong>Estados Unidos<\/strong> autorizou o governo de Donald Trump a prosseguir com a deporta\u00e7\u00e3o de Mahmoud Khalil, estudante palestino preso em 8 de mar\u00e7o. <\/p>\n<p>Khalil, que cursava p\u00f3s-gradua\u00e7\u00e3o em rela\u00e7\u00f5es internacionais na Universidade Columbia, acabou detido por agentes do Departamento de Imigra\u00e7\u00e3o e Alf\u00e2ndega (ICE) na resid\u00eancia estudantil onde morava.<\/p>\n<p><strong>+ Leia mais not\u00edcias do Mundo em Oeste<\/strong><\/p>\n<p>O estudante \u00e9 um dos l\u00edderes de manifesta\u00e7\u00f5es pr\u00f3-palestinas no <em>campus<\/em>. A institui\u00e7\u00e3o amea\u00e7ou impedir sua formatura, mas recuou depois de Kalil recorrer judicialmente. O governo alegou que a participa\u00e7\u00e3o de Khalil em protestos contra a ofensiva militar de Israel na Faixa de Gaza amea\u00e7ava a seguran\u00e7a nacional.<\/p>\n<h2 class=\"wp-block-heading\">O que dizem os advogados do estudante pr\u00f3-Palestina<\/h2>\n<p>A defesa de Khalil argumentou que sua pris\u00e3o violava a Constitui\u00e7\u00e3o dos EUA. Segundo os advogados, o ICE revogou seu <em>green card<\/em> sem justificativa, mesmo depois de sua mulher, cidad\u00e3 norte-americana gr\u00e1vida de oito meses, informar que Kalil era um residente legal. Agora, o estudante se encontra em uma pris\u00e3o federal na Louisiana.<\/p>\n<p>O juiz de imigra\u00e7\u00e3o Jamee E. Comans, na Louisiana, afirmou que a presen\u00e7a de Khalil nos EUA representava consequ\u00eancias potencialmente graves em termos de pol\u00edtica externa, o que justificaria a deporta\u00e7\u00e3o.<\/p>\n<p>O presidente <strong>Donald Trump<\/strong> comentou que a pris\u00e3o de Khalil seria a primeira de muitas que ocorreriam. Al\u00e9m disso, o republicano salientou que o governo n\u00e3o toleraria atividades pr\u00f3-terroristas, antissemitas e antiamericanas. O secret\u00e1rio de Estado, Marco Rubio, declarou que vistos e <em>green cards<\/em> de apoiadores do Hamas nos EUA seriam revogados.<\/p>\n<figure class=\"wp-block-embed is-type-video is-provider-youtube wp-block-embed-youtube wp-embed-aspect-16-9 wp-has-aspect-ratio\">\n<div class=\"wp-block-embed__wrapper\">\n<div class=\"perfmatters-lazy-youtube\" data-src=\"https:\/\/www.youtube.com\/embed\/52p1mBRB85Y\" data-id=\"52p1mBRB85Y\" data-query=\"feature=oembed\" onclick=\"perfmattersLazyLoadYouTube(this);\">\n<div><img fetchpriority=\"high\" decoding=\"async\" src=\"https:\/\/i.ytimg.com\/vi\/52p1mBRB85Y\/hqdefault.jpg\" alt=\"YouTube video\" width=\"480\" height=\"360\" data-pin-nopin=\"true\" nopin=\"nopin\"\/><\/div>\n<\/div>\n<p><noscript><iframe title=\"Alinhado ao wokismo, chefe da ONU diz que Gaza foi transformada em &#039;campo de morte&#039;\" width=\"800\" height=\"450\" src=\"https:\/\/www.youtube.com\/embed\/52p1mBRB85Y?feature=oembed\" frameborder=\"0\" allow=\"accelerometer; autoplay; clipboard-write; encrypted-media; gyroscope; picture-in-picture; web-share\" referrerpolicy=\"strict-origin-when-cross-origin\" allowfullscreen><\/iframe><\/noscript>\n<\/div>\n<\/figure><\/div>\n<p><br \/>\n<br \/>Fonte: <a href=\"https:\/\/revistaoeste.com\/mundo\/justica-dos-eua-autoriza-governo-trump-a-deportar-universitario-que-participou-de-manifestacao-contra-israel\/\">Revista Oeste<\/a><\/p>\n","protected":false},"excerpt":{"rendered":"<p>A Justi\u00e7a dos Estados Unidos autorizou o governo de Donald Trump a prosseguir com a deporta\u00e7\u00e3o de Mahmoud Khalil, estudante palestino preso em 8 de mar\u00e7o. Khalil, que cursava p\u00f3s-gradua\u00e7\u00e3o em rela\u00e7\u00f5es internacionais na Universidade Columbia, acabou detido por agentes do Departamento de Imigra\u00e7\u00e3o e Alf\u00e2ndega (ICE) na resid\u00eancia estudantil onde morava. + Leia mais [&hellip;]<\/p>\n","protected":false},"author":5,"featured_media":12266,"comment_status":"open","ping_status":"open","sticky":false,"template":"","format":"standard","meta":{"_seopress_robots_primary_cat":"","_seopress_titles_title":"","_seopress_titles_desc":"","_seopress_robots_index":"","footnotes":""},"categories":[48],"tags":[],"class_list":["post-12265","post","type-post","status-publish","format-standard","has-post-thumbnail","hentry","category-internacional"],"_links":{"self":[{"href":"https:\/\/mussicom.com\/noticias\/wp-json\/wp\/v2\/posts\/12265","targetHints":{"allow":["GET"]}}],"collection":[{"href":"https:\/\/mussicom.com\/noticias\/wp-json\/wp\/v2\/posts"}],"about":[{"href":"https:\/\/mussicom.com\/noticias\/wp-json\/wp\/v2\/types\/post"}],"author":[{"embeddable":true,"href":"https:\/\/mussicom.com\/noticias\/wp-json\/wp\/v2\/users\/5"}],"replies":[{"embeddable":true,"href":"https:\/\/mussicom.com\/noticias\/wp-json\/wp\/v2\/comments?post=12265"}],"version-history":[{"count":0,"href":"https:\/\/mussicom.com\/noticias\/wp-json\/wp\/v2\/posts\/12265\/revisions"}],"wp:featuredmedia":[{"embeddable":true,"href":"https:\/\/mussicom.com\/noticias\/wp-json\/wp\/v2\/media\/12266"}],"wp:attachment":[{"href":"https:\/\/mussicom.com\/noticias\/wp-json\/wp\/v2\/media?parent=12265"}],"wp:term":[{"taxonomy":"category","embeddable":true,"href":"https:\/\/mussicom.com\/noticias\/wp-json\/wp\/v2\/categories?post=12265"},{"taxonomy":"post_tag","embeddable":true,"href":"https:\/\/mussicom.com\/noticias\/wp-json\/wp\/v2\/tags?post=12265"}],"curies":[{"name":"wp","href":"https:\/\/api.w.org\/{rel}","templated":true}]}}