{"id":12221,"date":"2025-04-12T11:33:47","date_gmt":"2025-04-12T14:33:47","guid":{"rendered":"https:\/\/www.mussicom.com\/deputado-federal-destina-emenda-de-r-13-mi-a-noiva-vereadora\/"},"modified":"2025-04-12T11:33:47","modified_gmt":"2025-04-12T14:33:47","slug":"deputado-federal-destina-emenda-de-r-13-mi-a-noiva-vereadora","status":"publish","type":"post","link":"https:\/\/mussicom.com\/noticias\/deputado-federal-destina-emenda-de-r-13-mi-a-noiva-vereadora\/","title":{"rendered":"Deputado federal destina emenda de R$ 1,3 mi \u00e0 noiva vereadora"},"content":{"rendered":"<p> <br \/>\n<\/p>\n<div id=\"hd80s9wa1h892edh8192\">\n<p>A presidente da <strong>C\u00e2mara de Vereadores de Santa Cruz do Sul <\/strong>(RS), Nicole Weber (Podemos), afirma ter recebido uma emenda parlamentar de R$ 1,3 milh\u00e3o como \u201cpresente\u201d de seu noivo, o deputado federal Covatti Filho (PP-RS), com quem vai casar em maio. O munic\u00edpio, com 133 mil habitantes, fica a 155 km de Porto Alegre.<\/p>\n<p><strong>+ Leia mais not\u00edcias de Pol\u00edtica em Oeste<\/strong><\/p>\n<p>Nicole viajou a <strong>Bras\u00edlia<\/strong> em busca de recursos para a reforma do sistema el\u00e9trico do Hospital Santa Cruz, que tem 247 leitos e atende a regi\u00e3o. Em v\u00eddeo enviado por WhatsApp a eleitores, ela anuncia a conquista diretamente da Esplanada dos Minist\u00e9rios.\u00a0<\/p>\n<blockquote class=\"instagram-media\" data-instgrm-captioned=\"\" data-instgrm-permalink=\"https:\/\/www.instagram.com\/reel\/DGVtMNSx7pC\/?utm_source=ig_embed&amp;utm_campaign=loading\" data-instgrm-version=\"14\" style=\" background:#FFF; border:0; border-radius:3px; box-shadow:0 0 1px 0 rgba(0,0,0,0.5),0 1px 10px 0 rgba(0,0,0,0.15); margin: 1px; max-width:540px; min-width:326px; padding:0; width:99.375%; width:-webkit-calc(100% - 2px); width:calc(100% - 2px);\"\/>\n<p>\u201cVim dar uma \u00f3tima not\u00edcia. O hospital tem um problema el\u00e9trico caro de resolver. Mal sabia eu que isso podia ser resolvido dentro de casa\u201d, diz ela no v\u00eddeo. \u201cO deputado Covatti Filho, meu noivo, me deu de presente R$ 1,3 milh\u00e3o para a obra e instala\u00e7\u00e3o de ar-condicionado.\u201d<\/p>\n<h2 class=\"wp-block-heading\"><strong>Repasse da emenda n\u00e3o \u00e9 ilegal<\/strong><\/h2>\n<p>Embora n\u00e3o haja ilegalidade no repasse, o <strong>Supremo Tribunal Federal<\/strong> tem cobrado mais transpar\u00eancia e crit\u00e9rios na aplica\u00e7\u00e3o de verbas federais. A emenda ainda n\u00e3o aparece no sistema oficial, mas, se confirmada, ser\u00e1 a maior recebida pelo munic\u00edpio desde agosto de 2021 e a segunda maior dos \u00faltimos 12 anos, desde que o Portal da Transpar\u00eancia passou a registrar esse tipo de transa\u00e7\u00e3o.\u00a0<\/p>\n<blockquote class=\"instagram-media\" data-instgrm-captioned=\"\" data-instgrm-permalink=\"https:\/\/www.instagram.com\/reel\/C79Sz8Ixz7m\/?utm_source=ig_embed&amp;utm_campaign=loading\" data-instgrm-version=\"14\" style=\" background:#FFF; border:0; border-radius:3px; box-shadow:0 0 1px 0 rgba(0,0,0,0.5),0 1px 10px 0 rgba(0,0,0,0.15); margin: 1px; max-width:540px; min-width:326px; padding:0; width:99.375%; width:-webkit-calc(100% - 2px); width:calc(100% - 2px);\"\/>\n<p>O valor supera em quase tr\u00eas vezes a maior verba j\u00e1 destinada ao hospital, de R$ 419 mil, em 2017. Nicole destacou que a conquista reflete seu trabalho como parlamentar, e n\u00e3o \u201capenas por ser noiva de um deputado federal\u201d. Ela tamb\u00e9m disse que uma das \u201cmaiores conquistas \u00e9 ir a Bras\u00edlia angariar recursos para resolver os problemas reais\u201d da cidade.\u00a0<\/p>\n<p>J\u00e1 Covatti Filho confirmou a destina\u00e7\u00e3o da emenda. \u201cAssumi esse compromisso com a dire\u00e7\u00e3o do Hospital Santa Cruz.\u201d Sobre a rela\u00e7\u00e3o com a vereadora, ele disse que \u201cNicole tem apresentado diversas demandas do munic\u00edpio\u201d e \u201co fato de ela ser minha noiva n\u00e3o impede \u2014 nem impedir\u00e1 \u2014 que eu ajude a cidade\u201d.<\/p>\n<\/p><\/div>\n<p><script async src=\"\/\/www.instagram.com\/embed.js\"><\/script><br \/>\n<br \/><br \/>\n<br \/>Fonte: <a href=\"https:\/\/revistaoeste.com\/politica\/deputado-federal-destina-emenda-de-r-13-mi-a-noiva-vereadora\/\">Ag\u00eancia Brasil<\/a><\/p>\n","protected":false},"excerpt":{"rendered":"<p>A presidente da C\u00e2mara de Vereadores de Santa Cruz do Sul (RS), Nicole Weber (Podemos), afirma ter recebido uma emenda parlamentar de R$ 1,3 milh\u00e3o como \u201cpresente\u201d de seu noivo, o deputado federal Covatti Filho (PP-RS), com quem vai casar em maio. O munic\u00edpio, com 133 mil habitantes, fica a 155 km de Porto Alegre. [&hellip;]<\/p>\n","protected":false},"author":5,"featured_media":12222,"comment_status":"open","ping_status":"open","sticky":false,"template":"","format":"standard","meta":{"_seopress_robots_primary_cat":"","_seopress_titles_title":"","_seopress_titles_desc":"","_seopress_robots_index":"","footnotes":""},"categories":[47,1],"tags":[],"class_list":["post-12221","post","type-post","status-publish","format-standard","has-post-thumbnail","hentry","category-politica","category-ultimas-noticias"],"_links":{"self":[{"href":"https:\/\/mussicom.com\/noticias\/wp-json\/wp\/v2\/posts\/12221","targetHints":{"allow":["GET"]}}],"collection":[{"href":"https:\/\/mussicom.com\/noticias\/wp-json\/wp\/v2\/posts"}],"about":[{"href":"https:\/\/mussicom.com\/noticias\/wp-json\/wp\/v2\/types\/post"}],"author":[{"embeddable":true,"href":"https:\/\/mussicom.com\/noticias\/wp-json\/wp\/v2\/users\/5"}],"replies":[{"embeddable":true,"href":"https:\/\/mussicom.com\/noticias\/wp-json\/wp\/v2\/comments?post=12221"}],"version-history":[{"count":0,"href":"https:\/\/mussicom.com\/noticias\/wp-json\/wp\/v2\/posts\/12221\/revisions"}],"wp:featuredmedia":[{"embeddable":true,"href":"https:\/\/mussicom.com\/noticias\/wp-json\/wp\/v2\/media\/12222"}],"wp:attachment":[{"href":"https:\/\/mussicom.com\/noticias\/wp-json\/wp\/v2\/media?parent=12221"}],"wp:term":[{"taxonomy":"category","embeddable":true,"href":"https:\/\/mussicom.com\/noticias\/wp-json\/wp\/v2\/categories?post=12221"},{"taxonomy":"post_tag","embeddable":true,"href":"https:\/\/mussicom.com\/noticias\/wp-json\/wp\/v2\/tags?post=12221"}],"curies":[{"name":"wp","href":"https:\/\/api.w.org\/{rel}","templated":true}]}}