{"id":12191,"date":"2025-04-12T08:44:24","date_gmt":"2025-04-12T11:44:24","guid":{"rendered":"https:\/\/www.mussicom.com\/arrecadacao-de-impostos-ultrapassa-r-11-trilhao-em-2025\/"},"modified":"2025-04-12T08:44:24","modified_gmt":"2025-04-12T11:44:24","slug":"arrecadacao-de-impostos-ultrapassa-r-11-trilhao-em-2025","status":"publish","type":"post","link":"https:\/\/mussicom.com\/noticias\/arrecadacao-de-impostos-ultrapassa-r-11-trilhao-em-2025\/","title":{"rendered":"Arrecada\u00e7\u00e3o de impostos ultrapassa R$ 1,1 trilh\u00e3o em 2025"},"content":{"rendered":"<p> <br \/>\n<\/p>\n<div id=\"hd80s9wa1h892edh8192\">\n<p>De acordo com o Impost\u00f4metro da <strong>Associa\u00e7\u00e3o Comercial de S\u00e3o Paulo (ACSP)<\/strong>, a arrecada\u00e7\u00e3o de impostos do governo do presidente Luiz In\u00e1cio Lula da Silva superou o valor de R$ 1,1 trilh\u00e3o. Semanalmente, <strong>Oeste<\/strong> atualiza quanto de dinheiro foi recolhido pela administra\u00e7\u00e3o federal.<\/p>\n<p><center><\/p>\n<blockquote class=\"instagram-media\" data-instgrm-captioned=\"\" data-instgrm-permalink=\"https:\/\/www.instagram.com\/p\/DIUySCoRCAE\/?utm_source=ig_embed&amp;utm_campaign=loading\" data-instgrm-version=\"14\" style=\" background:#FFF; border:0; border-radius:3px; box-shadow:0 0 1px 0 rgba(0,0,0,0.5),0 1px 10px 0 rgba(0,0,0,0.15); margin: 1px; max-width:540px; min-width:326px; padding:0; width:99.375%; width:-webkit-calc(100% - 2px); width:calc(100% - 2px);\"\/><p>\n<\/center><\/p>\n<p>Na soma, a associa\u00e7\u00e3o paulista leva em considera\u00e7\u00e3o in\u00fameros impostos federais. Veja a lista:<\/p>\n<ol>\n<li>Contribui\u00e7\u00e3o de Interven\u00e7\u00e3o no Dom\u00ednio Econ\u00f4mico (Cide);<\/li>\n<li>Contribui\u00e7\u00e3o para Financiamento da Seguridade Social (Cofins);<\/li>\n<li>Contribui\u00e7\u00e3o Provis\u00f3ria sobre Movimenta\u00e7\u00e3o Financeira (CPMF);<\/li>\n<li>Contribui\u00e7\u00e3o Social Sobre o Lucro L\u00edquido (CSLL);<\/li>\n<li>Fundo de Garantia do Tempo de Servi\u00e7o (FGTS);<\/li>\n<li>Fundo Especial de Desenvolvimento e Aperfei\u00e7oamento das Atividades de Fiscaliza\u00e7\u00e3o (Fundaf);<\/li>\n<li>Imposto de Exporta\u00e7\u00e3o (IE);<\/li>\n<li>Imposto de Importa\u00e7\u00e3o (II);<\/li>\n<li>Imposto sobre Opera\u00e7\u00f5es Financeiras (IOF);<\/li>\n<li>Imposto sobre Produtos Industrializados (IPI);<\/li>\n<li>Imposto de Renda (IR);<\/li>\n<li>Imposto Territorial Rural (ITR);<\/li>\n<li>Programa de Integra\u00e7\u00e3o Social e de Forma\u00e7\u00e3o do Patrim\u00f4nio do Servidor P\u00fablico (PIS\/Pasep);<\/li>\n<li>Previd\u00eancia;<\/li>\n<li>Taxas; e<\/li>\n<li>Outros.<\/li>\n<\/ol>\n<p>No ano de 2024, o brasileiro precisou trabalhar cerca de 150 dias para quitar todos os impostos com o Estado. Esse tempo corresponde a mais de 40% de um ano (365 dias). A unidade federativa respons\u00e1vel por arrecadar mais dinheiro no pa\u00eds \u00e9 <strong>S\u00e3o Paulo<\/strong>, com 37,3% do total, seguido pelo Rio de Janeiro (13,7%) e por <strong>Minas Gerais<\/strong> (7%).<\/p>\n<p><strong>+ Leia mais not\u00edcias de Economia em Oeste<\/strong><\/p>\n<p>Com o valor arrecadado pelo governo federal at\u00e9 o momento, seria poss\u00edvel comprar 2,6 bilh\u00f5es de cestas b\u00e1sicas. Em notas de R$ 100, essa quantia demandaria 375 containers de 20 p\u00e9s para ser carregado. Al\u00e9m disso, a cifra renderia 10 sal\u00e1rios m\u00ednimos por m\u00eas durante 10,1 milh\u00f5es de anos.<\/p>\n<h2 class=\"wp-block-heading\">Saiba como funciona o a contagem de impostos da ACSP<\/h2>\n<p>A base de dados utilizada pela ACSP \u00e9 da Receita Federal do Brasil, da Secretaria do Tesouro Nacional, da Caixa Econ\u00f4mica Federal, do Tribunal de Contas da Uni\u00e3o e do Instituto Brasileiro de Geografia e Estat\u00edstica.<\/p>\n<p><strong>Leia mais: \u201cCaf\u00e9, chocolate e carne: os alimentos mais afetados pela infla\u00e7\u00e3o\u201d<\/strong><\/p>\n<\/p><\/div>\n<p><script async src=\"\/\/www.instagram.com\/embed.js\"><\/script><br \/>\n<br \/><br \/>\n<br \/>Fonte: <a href=\"https:\/\/revistaoeste.com\/economia\/arrecadacao-de-impostos-do-governo-federal-ultrapassa-r-11-trilhao-em-2025\/\">Revista oeste<\/a><\/p>\n","protected":false},"excerpt":{"rendered":"<p>De acordo com o Impost\u00f4metro da Associa\u00e7\u00e3o Comercial de S\u00e3o Paulo (ACSP), a arrecada\u00e7\u00e3o de impostos do governo do presidente Luiz In\u00e1cio Lula da Silva superou o valor de R$ 1,1 trilh\u00e3o. Semanalmente, Oeste atualiza quanto de dinheiro foi recolhido pela administra\u00e7\u00e3o federal. Na soma, a associa\u00e7\u00e3o paulista leva em considera\u00e7\u00e3o in\u00fameros impostos federais. Veja [&hellip;]<\/p>\n","protected":false},"author":5,"featured_media":12192,"comment_status":"open","ping_status":"open","sticky":false,"template":"","format":"standard","meta":{"_seopress_robots_primary_cat":"","_seopress_titles_title":"","_seopress_titles_desc":"","_seopress_robots_index":"","footnotes":""},"categories":[45],"tags":[],"class_list":["post-12191","post","type-post","status-publish","format-standard","has-post-thumbnail","hentry","category-economia"],"_links":{"self":[{"href":"https:\/\/mussicom.com\/noticias\/wp-json\/wp\/v2\/posts\/12191","targetHints":{"allow":["GET"]}}],"collection":[{"href":"https:\/\/mussicom.com\/noticias\/wp-json\/wp\/v2\/posts"}],"about":[{"href":"https:\/\/mussicom.com\/noticias\/wp-json\/wp\/v2\/types\/post"}],"author":[{"embeddable":true,"href":"https:\/\/mussicom.com\/noticias\/wp-json\/wp\/v2\/users\/5"}],"replies":[{"embeddable":true,"href":"https:\/\/mussicom.com\/noticias\/wp-json\/wp\/v2\/comments?post=12191"}],"version-history":[{"count":0,"href":"https:\/\/mussicom.com\/noticias\/wp-json\/wp\/v2\/posts\/12191\/revisions"}],"wp:featuredmedia":[{"embeddable":true,"href":"https:\/\/mussicom.com\/noticias\/wp-json\/wp\/v2\/media\/12192"}],"wp:attachment":[{"href":"https:\/\/mussicom.com\/noticias\/wp-json\/wp\/v2\/media?parent=12191"}],"wp:term":[{"taxonomy":"category","embeddable":true,"href":"https:\/\/mussicom.com\/noticias\/wp-json\/wp\/v2\/categories?post=12191"},{"taxonomy":"post_tag","embeddable":true,"href":"https:\/\/mussicom.com\/noticias\/wp-json\/wp\/v2\/tags?post=12191"}],"curies":[{"name":"wp","href":"https:\/\/api.w.org\/{rel}","templated":true}]}}