{"id":11981,"date":"2025-04-11T13:09:03","date_gmt":"2025-04-11T16:09:03","guid":{"rendered":"https:\/\/www.mussicom.com\/com-mais-de-260-apoiadores-pl-quer-pautar-a-anistia-neste-mes\/"},"modified":"2025-04-11T13:09:03","modified_gmt":"2025-04-11T16:09:03","slug":"com-mais-de-260-apoiadores-pl-quer-pautar-a-anistia-neste-mes","status":"publish","type":"post","link":"https:\/\/mussicom.com\/noticias\/com-mais-de-260-apoiadores-pl-quer-pautar-a-anistia-neste-mes\/","title":{"rendered":"Com mais de 260 apoiadores, PL quer pautar a anistia neste m\u00eas"},"content":{"rendered":"<p> <br \/>\n<\/p>\n<div id=\"hd80s9wa1h892edh8192\">\n<p>Com mais de 260 deputados apoiadores, o Partido Liberal (PL) quer pautar a anistia no plen\u00e1rio da C\u00e2mara dos Deputados ainda neste m\u00eas de abril. Ao todo, s\u00e3o necess\u00e1rios 257 votos para aprovar a proposta.\u00a0<\/p>\n<p>Durante coletiva de imprensa nesta sexta-feira, 11, o l\u00edder do PL na Casa, S\u00f3stenes Cavalcante (RJ), afirmou que \u201cem nenhum momento deixamos de conversar com o presidente Hugo Motta\u201d sobre a tramita\u00e7\u00e3o da anistia.\u00a0<\/p>\n<p>\u201cEm nenhum momento n\u00f3s, do PL, fizemos ataques ao presidente Hugo Motta, por entender a dificuldade da mat\u00e9ria para o cargo que ele exerce\u201d, esclareceu. \u201cReconhecemos que Hugo Motta teve apoio tanto do PL quanto do PT, mas ele sempre foi muito transparente conosco.\u201d<\/p>\n<p><strong>+ S\u00f3stenes, sobre a anistia: \u2018Estamos a poucos dias de fazermos justi\u00e7a\u2019<\/strong><\/p>\n<p>O l\u00edder do PL ainda explicou que, quando Motta pediu aos l\u00edderes partid\u00e1rios para que n\u00e3o assinassem o requerimento de urg\u00eancia da proposta, na semana passada, comunicou ao presidente que mudaria a estrat\u00e9gia na Casa.<\/p>\n<p>\u201cQuando Motta disse que ia pedir aos presidentes para n\u00e3o assinarem o PL da Anistia, eu disse que iriam usar o recurso que tinham para fazer a pauta avan\u00e7ar, que seria o apoio dos parlamentares\u201d, disse.<\/p>\n<figure class=\"wp-block-image aligncenter size-full\"><picture><source data-srcset=\"https:\/\/medias.revistaoeste.com\/wp-content\/uploads\/2025\/04\/hugo-motta.jpg.webp 1000w, https:\/\/medias.revistaoeste.com\/wp-content\/uploads\/2025\/04\/hugo-motta-300x185.jpg.webp 300w, https:\/\/medias.revistaoeste.com\/wp-content\/uploads\/2025\/04\/hugo-motta-150x93.jpg.webp 150w\" data-sizes=\"(max-width: 1000px) 100vw, 1000px\" type=\"image\/webp\"><img fetchpriority=\"high\" decoding=\"async\" width=\"1000\" height=\"617\" src=\"https:\/\/medias.revistaoeste.com\/wp-content\/uploads\/2025\/04\/hugo-motta.jpg\" alt=\"O presidente da C\u00e2mara dos Deputados, Hugo Motta, disse que o 'Brasil precisa dessa pacifica\u00e7\u00e3o' prevista na anistia | Foto: Kayo Magalh\u00e3es\/C\u00e2mara dos Deputados\" class=\"wp-image-1950763\" srcset=\"https:\/\/medias.revistaoeste.com\/wp-content\/uploads\/2025\/04\/hugo-motta.jpg 1000w, https:\/\/medias.revistaoeste.com\/wp-content\/uploads\/2025\/04\/hugo-motta-300x185.jpg 300w, https:\/\/medias.revistaoeste.com\/wp-content\/uploads\/2025\/04\/hugo-motta-150x93.jpg 150w\" sizes=\"(max-width: 1000px) 100vw, 1000px\" data-eio=\"p\"\/><\/source><\/picture><figcaption class=\"wp-element-caption\">O presidente da C\u00e2mara dos Deputados, Hugo Motta, disse que o \u2018Brasil precisa dessa pacifica\u00e7\u00e3o\u2019 prevista na anistia | Foto: Kayo Magalh\u00e3es\/C\u00e2mara dos Deputados<\/figcaption><\/figure>\n<p>S\u00f3stenes esclareceu que a lista de apoiadores n\u00e3o ser\u00e1 divulgada no momento para resguardar integrantes de partidos de esquerda e centro que apoiaram a pauta. Ele disse que \u201cperdemos tr\u00eas assinaturas ontem, ao longo do dia\u201d, por conta da divulga\u00e7\u00e3o sem autoriza\u00e7\u00e3o dos nomes.<\/p>\n<blockquote class=\"wp-block-quote is-layout-flow wp-block-quote-is-layout-flow\">\n<p>\u201cN\u00e3o v\u00e3o expor nomes de todos os partidos, pois partidos de esquerda assinaram e pediram para n\u00e3o divulgar\u201d, explicou. \u201cOrienta\u00e7\u00e3o neste momento \u00e9 n\u00e3o divulgar os nomes, para proteger os que assinaram. Quando a gente tiver uma margem folgada e autoriza\u00e7\u00e3o, vamos divulgar os nomes. Vou manter o compromisso de n\u00e3o expor essa lista.\u201d<\/p>\n<\/blockquote>\n<p>O parlamentar analisou que, com mais de 260 apoiadores, ser\u00e1 \u201cquest\u00e3o de dias ou semanas para que a gente possa virar essa p\u00e1gina na C\u00e2mara\u201d. \u201cVamos trabalhar daqui para a frente para que a gente possa aprovar essa mat\u00e9ria\u201d, afirmou.<\/p>\n<blockquote class=\"wp-block-quote is-layout-flow wp-block-quote-is-layout-flow\">\n<p>\u201cTenho convic\u00e7\u00e3o de que esse texto, chegando no plen\u00e1rio, vai passar com mais de 300 votos\u201d, analisou. \u201cPara quem est\u00e1 preso preventivamente h\u00e1 mais de dois anos sem transitado em julgado, s\u00f3 por ter ido a uma manifesta\u00e7\u00e3o, sem ter quebrado nada, um minuto \u00e9 uma eternidade.\u201d<\/p>\n<\/blockquote>\n<h2 class=\"wp-block-heading\"><strong>Apoio dos partidos \u00e0 anistia<\/strong><\/h2>\n<p>S\u00f3stenes agradeceu ao apoio dos demais l\u00edderes e presidentes partid\u00e1rios pelo apoio \u00e0 pauta, como Uni\u00e3o Brasil e Republicanos \u2013 que deram o maior n\u00famero de assinaturas.\u00a0<\/p>\n<p>\u201cAgrade\u00e7o ao grande presidente Gilberto Kassab [PSD] e tamb\u00e9m a Ciro Nogueira [PP] pelo apoio\u201d, declarou. \u201cBaleia Rossi [MDB] e Isnaldo Bulh\u00f5es [MDB] n\u00e3o se envolveram diretamente, mas tamb\u00e9m quero agradecer a eles, porque n\u00e3o atrapalharam.\u201d<\/p>\n<p><strong>+ Leia mais not\u00edcias de Pol\u00edtica em Oeste<\/strong><\/p>\n<p>Por fim, o l\u00edder do PL agradeceu \u00e0 bancada do partido Novo na C\u00e2mara, que, \u201capesar de serem quatro deputados, nos deram 100% do apoio\u201d. \u201cPartido Novo foi nosso primeiro aliado nessa causa\u201d, acrescentou.\u00a0<\/p>\n<figure class=\"wp-block-image aligncenter size-full\"><picture><source data-srcset=\"https:\/\/medias.revistaoeste.com\/wp-content\/uploads\/2025\/04\/12_ed264.jpg.webp 1920w, https:\/\/medias.revistaoeste.com\/wp-content\/uploads\/2025\/04\/12_ed264-300x156.jpg.webp 300w, https:\/\/medias.revistaoeste.com\/wp-content\/uploads\/2025\/04\/12_ed264-712x370.jpg.webp 712w, https:\/\/medias.revistaoeste.com\/wp-content\/uploads\/2025\/04\/12_ed264-150x78.jpg.webp 150w\" data-sizes=\"(max-width: 1920px) 100vw, 1920px\" type=\"image\/webp\"><img alt=\"\" decoding=\"async\" width=\"1920\" height=\"1000\" alt=\"\" class=\"wp-image-1953684 perfmatters-lazy\" data-eio=\"p\" src=\"https:\/\/medias.revistaoeste.com\/wp-content\/uploads\/2025\/04\/12_ed264.jpg\" srcset=\"https:\/\/medias.revistaoeste.com\/wp-content\/uploads\/2025\/04\/12_ed264.jpg 1920w, https:\/\/medias.revistaoeste.com\/wp-content\/uploads\/2025\/04\/12_ed264-300x156.jpg 300w, https:\/\/medias.revistaoeste.com\/wp-content\/uploads\/2025\/04\/12_ed264-712x370.jpg 712w, https:\/\/medias.revistaoeste.com\/wp-content\/uploads\/2025\/04\/12_ed264-150x78.jpg 150w\" data-sizes=\"(max-width: 1920px) 100vw, 1920px\"\/><img alt=\"\" decoding=\"async\" width=\"1920\" height=\"1000\" src=\"https:\/\/medias.revistaoeste.com\/wp-content\/uploads\/2025\/04\/12_ed264.jpg\" alt=\"\" class=\"wp-image-1953684\" srcset=\"https:\/\/medias.revistaoeste.com\/wp-content\/uploads\/2025\/04\/12_ed264.jpg 1920w, https:\/\/medias.revistaoeste.com\/wp-content\/uploads\/2025\/04\/12_ed264-300x156.jpg 300w, https:\/\/medias.revistaoeste.com\/wp-content\/uploads\/2025\/04\/12_ed264-712x370.jpg 712w, https:\/\/medias.revistaoeste.com\/wp-content\/uploads\/2025\/04\/12_ed264-150x78.jpg 150w\" sizes=\"(max-width: 1920px) 100vw, 1920px\" data-eio=\"p\"\/><\/source><\/picture><figcaption class=\"wp-element-caption\">Apoiadores do ex-presidente Jair Bolsonaro se reuniram em pela anistia na Avenida Paulista, em 6 de abril | Foto: Reuters\/Amanda Perobelli<\/figcaption><\/figure>\n<h2 class=\"wp-block-heading\"><strong>Entrega das assinaturas<\/strong><\/h2>\n<p>Agora, o l\u00edder S\u00f3stenes vai entregar o documento com as assinaturas em apoio ao PL da Anistia para o presidente da C\u00e2mara dos Deputados, Hugo Motta (Republicanos).<\/p>\n<p>O objetivo \u00e9 sensibilizar Motta e, assim, conseguir pautar o requerimento e a vota\u00e7\u00e3o do projeto. Segundo apurado por <strong>Oeste<\/strong>, em encontro com Bolsonaro na quarta-feira 9, o presidente da Casa afirmou que poderia pautar a anistia na Casa, se houver um consenso, um apoio da maioria e \u201cclima\u201d para a vota\u00e7\u00e3o.\u00a0<\/p>\n<p>Para que o requerimento de urg\u00eancia seja pautado no plen\u00e1rio, \u00e9 preciso ter a assinatura dos l\u00edderes partid\u00e1rios. Na semana passada, Motta pediu a esses parlamentares para que n\u00e3o assinassem o documento, e, por isso, a oposi\u00e7\u00e3o iniciou uma for\u00e7a-tarefa para angariar as assinaturas de apoio da maioria absoluta dos deputados da Casa para negociar a vota\u00e7\u00e3o com o presidente.<\/p>\n<\/p><\/div>\n<p><br \/>\n<br \/>Fonte: <a href=\"https:\/\/revistaoeste.com\/politica\/com-mais-de-260-apoiadores-pl-quer-pautar-a-anistia-ainda-neste-mes\/\">Ag\u00eancia Brasil<\/a><\/p>\n","protected":false},"excerpt":{"rendered":"<p>Com mais de 260 deputados apoiadores, o Partido Liberal (PL) quer pautar a anistia no plen\u00e1rio da C\u00e2mara dos Deputados ainda neste m\u00eas de abril. Ao todo, s\u00e3o necess\u00e1rios 257 votos para aprovar a proposta.\u00a0 Durante coletiva de imprensa nesta sexta-feira, 11, o l\u00edder do PL na Casa, S\u00f3stenes Cavalcante (RJ), afirmou que \u201cem nenhum [&hellip;]<\/p>\n","protected":false},"author":5,"featured_media":11026,"comment_status":"open","ping_status":"open","sticky":false,"template":"","format":"standard","meta":{"_seopress_robots_primary_cat":"","_seopress_titles_title":"","_seopress_titles_desc":"","_seopress_robots_index":"","footnotes":""},"categories":[47,1],"tags":[],"class_list":["post-11981","post","type-post","status-publish","format-standard","has-post-thumbnail","hentry","category-politica","category-ultimas-noticias"],"_links":{"self":[{"href":"https:\/\/mussicom.com\/noticias\/wp-json\/wp\/v2\/posts\/11981","targetHints":{"allow":["GET"]}}],"collection":[{"href":"https:\/\/mussicom.com\/noticias\/wp-json\/wp\/v2\/posts"}],"about":[{"href":"https:\/\/mussicom.com\/noticias\/wp-json\/wp\/v2\/types\/post"}],"author":[{"embeddable":true,"href":"https:\/\/mussicom.com\/noticias\/wp-json\/wp\/v2\/users\/5"}],"replies":[{"embeddable":true,"href":"https:\/\/mussicom.com\/noticias\/wp-json\/wp\/v2\/comments?post=11981"}],"version-history":[{"count":0,"href":"https:\/\/mussicom.com\/noticias\/wp-json\/wp\/v2\/posts\/11981\/revisions"}],"wp:featuredmedia":[{"embeddable":true,"href":"https:\/\/mussicom.com\/noticias\/wp-json\/wp\/v2\/media\/11026"}],"wp:attachment":[{"href":"https:\/\/mussicom.com\/noticias\/wp-json\/wp\/v2\/media?parent=11981"}],"wp:term":[{"taxonomy":"category","embeddable":true,"href":"https:\/\/mussicom.com\/noticias\/wp-json\/wp\/v2\/categories?post=11981"},{"taxonomy":"post_tag","embeddable":true,"href":"https:\/\/mussicom.com\/noticias\/wp-json\/wp\/v2\/tags?post=11981"}],"curies":[{"name":"wp","href":"https:\/\/api.w.org\/{rel}","templated":true}]}}