{"id":11904,"date":"2025-04-11T07:02:45","date_gmt":"2025-04-11T10:02:45","guid":{"rendered":"https:\/\/mussicom.com\/confira-os-maiores-gastos-do-governo-brasileiro\/"},"modified":"2025-04-11T07:02:45","modified_gmt":"2025-04-11T10:02:45","slug":"confira-os-maiores-gastos-do-governo-brasileiro","status":"publish","type":"post","link":"https:\/\/mussicom.com\/noticias\/confira-os-maiores-gastos-do-governo-brasileiro\/","title":{"rendered":"Confira os maiores gastos do governo brasileiro"},"content":{"rendered":"<p> <br \/>\n<\/p>\n<div id=\"hd80s9wa1h892edh8192\">\n<p>Dados divulgados pelo Minist\u00e9rio do Planejamento revelam os maiores gastos previstos pelo <strong>governo federal<\/strong> em 2025. A maior despesa do ano ser\u00e1 com o pagamento da D\u00edvida P\u00fablica Federal, que deve ultrapassar R$ 2,5 trilh\u00f5es. O valor representa o principal compromisso financeiro da Uni\u00e3o para o ano, superando em larga escala todas as demais \u00e1reas or\u00e7ament\u00e1rias.<\/p>\n<p><strong>+ Leia mais not\u00edcias de Pol\u00edtica em Oeste<\/strong><\/p>\n<p>Em segundo lugar, est\u00e1 o Minist\u00e9rio da Previd\u00eancia Social, com previs\u00e3o de gastos da ordem de R$ 1 trilh\u00e3o. Na sequ\u00eancia, aparecem as chamadas transfer\u00eancias, que somam R$ 585 bilh\u00f5es. Essas transfer\u00eancias incluem repasses obrigat\u00f3rios a Estados, munic\u00edpios e outras obriga\u00e7\u00f5es legais.<\/p>\n<blockquote class=\"instagram-media\" data-instgrm-captioned=\"\" data-instgrm-permalink=\"https:\/\/www.instagram.com\/p\/DIOo9a8O2Lo\/?utm_source=ig_embed&amp;utm_campaign=loading\" data-instgrm-version=\"14\" style=\" background:#FFF; border:0; border-radius:3px; box-shadow:0 0 1px 0 rgba(0,0,0,0.5),0 1px 10px 0 rgba(0,0,0,0.15); margin: 1px; max-width:540px; min-width:326px; padding:0; width:99.375%; width:-webkit-calc(100% - 2px); width:calc(100% - 2px);\"\/>\n<p>O Minist\u00e9rio do Desenvolvimento Social dever\u00e1 receber mais de R$ 290 bilh\u00f5es, enquanto o Minist\u00e9rio da Sa\u00fade contar\u00e1 com um or\u00e7amento superior a R$ 240 bilh\u00f5es. J\u00e1 o Minist\u00e9rio da Educa\u00e7\u00e3o ter\u00e1 um gasto estimado em R$ 200 bilh\u00f5es.<\/p>\n<p>Outras pastas com destaque no Or\u00e7amento incluem o <strong>Minist\u00e9rio da Defesa<\/strong>, com quase R$ 135 bilh\u00f5es, e o Minist\u00e9rio do Trabalho, com mais de R$ 120 bilh\u00f5es. Al\u00e9m disso, est\u00e3o previstos cerca de R$ 120 bilh\u00f5es para opera\u00e7\u00f5es de cr\u00e9dito, mais de R$ 110 bilh\u00f5es para encargos da Uni\u00e3o e pouco menos de R$ 35 bilh\u00f5es como reserva de conting\u00eancia.<\/p>\n<p>Por fim, o Minist\u00e9rio dos Transportes aparece com a menor previs\u00e3o entre os listados, com mais de R$ 30 bilh\u00f5es destinados \u00e0 \u00e1rea.<\/p>\n<h2 class=\"wp-block-heading\">O d\u00e9ficit do governo<\/h2>\n<figure class=\"wp-block-image aligncenter size-full\"><picture><source data-srcset=\"https:\/\/medias.revistaoeste.com\/wp-content\/uploads\/2025\/04\/Lula-6-scaled.jpg.webp 2560w, https:\/\/medias.revistaoeste.com\/wp-content\/uploads\/2025\/04\/Lula-6-300x169.jpg.webp 300w, https:\/\/medias.revistaoeste.com\/wp-content\/uploads\/2025\/04\/Lula-6-400x225.jpg.webp 400w, https:\/\/medias.revistaoeste.com\/wp-content\/uploads\/2025\/04\/Lula-6-216x121.jpg.webp 216w, https:\/\/medias.revistaoeste.com\/wp-content\/uploads\/2025\/04\/Lula-6-150x84.jpg.webp 150w\" data-sizes=\"(max-width: 2560px) 100vw, 2560px\" type=\"image\/webp\"><img fetchpriority=\"high\" decoding=\"async\" width=\"2560\" height=\"1440\" src=\"https:\/\/medias.revistaoeste.com\/wp-content\/uploads\/2025\/04\/Lula-6-scaled.jpg\" alt=\"O governo Lula gasta mais do que arrecada | Foto: Paulo Pinto\/Ag\u00eancia Brasil\" class=\"wp-image-1955117\" srcset=\"https:\/\/medias.revistaoeste.com\/wp-content\/uploads\/2025\/04\/Lula-6-scaled.jpg 2560w, https:\/\/medias.revistaoeste.com\/wp-content\/uploads\/2025\/04\/Lula-6-300x169.jpg 300w, https:\/\/medias.revistaoeste.com\/wp-content\/uploads\/2025\/04\/Lula-6-400x225.jpg 400w, https:\/\/medias.revistaoeste.com\/wp-content\/uploads\/2025\/04\/Lula-6-216x121.jpg 216w, https:\/\/medias.revistaoeste.com\/wp-content\/uploads\/2025\/04\/Lula-6-150x84.jpg 150w\" sizes=\"(max-width: 2560px) 100vw, 2560px\" data-eio=\"p\"\/><\/source><\/picture><figcaption class=\"wp-element-caption\">O governo Lula gasta mais do que arrecada | Foto: Paulo Pinto\/Ag\u00eancia Brasil<\/figcaption><\/figure>\n<p>O governo registrou d\u00e9ficit mesmo com o recorde de arrecada\u00e7\u00e3o de 2024. No ano passado, a administra\u00e7\u00e3o federal arrecadou quase R$ 3 trilh\u00f5es. Mesmo assim, o excesso de gastos fez com que a D\u00edvida P\u00fablica Federal crescesse de R$ 6,5 trilh\u00f5es para R$ 7,3 trilh\u00f5es.<\/p>\n<p>Segundo o governo, o d\u00e9ficit ocorre em raz\u00e3o da alta dos juros. Contudo, segundo o <em>think tank<\/em> Instituto Millenium, essa alta tamb\u00e9m acontece em virtude da gest\u00e3o econ\u00f4mica da equipe de Lula.<\/p>\n<figure class=\"wp-block-embed is-type-video is-provider-youtube wp-block-embed-youtube wp-embed-aspect-16-9 wp-has-aspect-ratio\">\n<div class=\"wp-block-embed__wrapper\">\n<div class=\"perfmatters-lazy-youtube\" data-src=\"https:\/\/www.youtube.com\/embed\/XYVW16JJWww\" data-id=\"XYVW16JJWww\" data-query=\"feature=oembed\" onclick=\"perfmattersLazyLoadYouTube(this);\">\n<div><img decoding=\"async\" alt=\"YouTube video\" width=\"480\" height=\"360\" data-pin-nopin=\"true\" nopin=\"nopin\" class=\"perfmatters-lazy\" src=\"https:\/\/i.ytimg.com\/vi\/XYVW16JJWww\/hqdefault.jpg\"\/><img decoding=\"async\" src=\"https:\/\/i.ytimg.com\/vi\/XYVW16JJWww\/hqdefault.jpg\" alt=\"YouTube video\" width=\"480\" height=\"360\" data-pin-nopin=\"true\" nopin=\"nopin\"\/><\/div>\n<\/div>\n<p><noscript><iframe title=\"Nikolas entra na trend &#039;duas pessoas para sustentar&#039; e ironiza gastos milion\u00e1rios de Lula e Janja\" width=\"800\" height=\"450\" src=\"https:\/\/www.youtube.com\/embed\/XYVW16JJWww?feature=oembed\" frameborder=\"0\" allow=\"accelerometer; autoplay; clipboard-write; encrypted-media; gyroscope; picture-in-picture; web-share\" referrerpolicy=\"strict-origin-when-cross-origin\" allowfullscreen><\/iframe><\/noscript>\n<\/div>\n<\/figure>\n<h2 class=\"wp-block-heading\">Confira outros gastos do governo federal em 2025:<\/h2>\n<ul>\n<li>Minist\u00e9rio da Sa\u00fade: R$ 242 bilh\u00f5es;<\/li>\n<li>Minist\u00e9rio da Educa\u00e7\u00e3o: R$ 200 bilh\u00f5es;<\/li>\n<li>Minist\u00e9rio da Defesa: R$ 134 bilh\u00f5es;<\/li>\n<li>Minist\u00e9rio do Trabalho: R$ 122 bilh\u00f5es;<\/li>\n<li>Opera\u00e7\u00f5es de Cr\u00e9dito: R$ 119 bilh\u00f5es;<\/li>\n<li>Encargos da Uni\u00e3o: R$ 111 bilh\u00f5es;<\/li>\n<li>Reserva de Conting\u00eancia: R$ 33 bilh\u00f5es; e<\/li>\n<li>Minist\u00e9rio dos Transportes: R$ 31 bilh\u00f5es.<\/li>\n<\/ul>\n<p><related-posts class=\"border-y border-gray-300 py-5\"><\/p>\n<h2 class=\"!text-2xl text-black font-primary font-semibold leading-none mb-3\">\n    Leia tamb\u00e9m:<br \/>\n  <\/h2>\n<p><\/related-posts><\/p><\/div>\n<p><script async src=\"\/\/www.instagram.com\/embed.js\"><\/script><br \/>\n<br \/><br \/>\n<br \/>Fonte: <a href=\"https:\/\/revistaoeste.com\/politica\/confira-os-maiores-gastos-do-governo-brasileiro\/\">Ag\u00eancia Brasil<\/a><\/p>\n","protected":false},"excerpt":{"rendered":"<p>Dados divulgados pelo Minist\u00e9rio do Planejamento revelam os maiores gastos previstos pelo governo federal em 2025. A maior despesa do ano ser\u00e1 com o pagamento da D\u00edvida P\u00fablica Federal, que deve ultrapassar R$ 2,5 trilh\u00f5es. O valor representa o principal compromisso financeiro da Uni\u00e3o para o ano, superando em larga escala todas as demais \u00e1reas [&hellip;]<\/p>\n","protected":false},"author":5,"featured_media":11905,"comment_status":"open","ping_status":"open","sticky":false,"template":"","format":"standard","meta":{"_seopress_robots_primary_cat":"","_seopress_titles_title":"","_seopress_titles_desc":"","_seopress_robots_index":"","footnotes":""},"categories":[47,1],"tags":[],"class_list":["post-11904","post","type-post","status-publish","format-standard","has-post-thumbnail","hentry","category-politica","category-ultimas-noticias"],"_links":{"self":[{"href":"https:\/\/mussicom.com\/noticias\/wp-json\/wp\/v2\/posts\/11904","targetHints":{"allow":["GET"]}}],"collection":[{"href":"https:\/\/mussicom.com\/noticias\/wp-json\/wp\/v2\/posts"}],"about":[{"href":"https:\/\/mussicom.com\/noticias\/wp-json\/wp\/v2\/types\/post"}],"author":[{"embeddable":true,"href":"https:\/\/mussicom.com\/noticias\/wp-json\/wp\/v2\/users\/5"}],"replies":[{"embeddable":true,"href":"https:\/\/mussicom.com\/noticias\/wp-json\/wp\/v2\/comments?post=11904"}],"version-history":[{"count":0,"href":"https:\/\/mussicom.com\/noticias\/wp-json\/wp\/v2\/posts\/11904\/revisions"}],"wp:featuredmedia":[{"embeddable":true,"href":"https:\/\/mussicom.com\/noticias\/wp-json\/wp\/v2\/media\/11905"}],"wp:attachment":[{"href":"https:\/\/mussicom.com\/noticias\/wp-json\/wp\/v2\/media?parent=11904"}],"wp:term":[{"taxonomy":"category","embeddable":true,"href":"https:\/\/mussicom.com\/noticias\/wp-json\/wp\/v2\/categories?post=11904"},{"taxonomy":"post_tag","embeddable":true,"href":"https:\/\/mussicom.com\/noticias\/wp-json\/wp\/v2\/tags?post=11904"}],"curies":[{"name":"wp","href":"https:\/\/api.w.org\/{rel}","templated":true}]}}