{"id":11650,"date":"2025-04-10T08:32:17","date_gmt":"2025-04-10T11:32:17","guid":{"rendered":"https:\/\/www.mussicom.com\/lula-nega-reforma-ministerial-mas-uniao-pressiona\/"},"modified":"2025-04-10T08:32:17","modified_gmt":"2025-04-10T11:32:17","slug":"lula-nega-reforma-ministerial-mas-uniao-pressiona","status":"publish","type":"post","link":"https:\/\/mussicom.com\/noticias\/lula-nega-reforma-ministerial-mas-uniao-pressiona\/","title":{"rendered":"Lula nega reforma ministerial, mas Uni\u00e3o pressiona"},"content":{"rendered":"<p> <br \/>\n<\/p>\n<div id=\"hd80s9wa1h892edh8192\">\n<p>Durante visita a Tegucigalpa, capital de Honduras, o presidente Luiz In\u00e1cio Lula da Silva (PT) afirmou na segunda-feira 8 que a sa\u00edda de Juscelino Filho (Uni\u00e3o-MA) do Minist\u00e9rio das Comunica\u00e7\u00f5es n\u00e3o antecipa a esperada reforma ministerial. O encontro com l\u00edderes da <strong>Am\u00e9rica Latina<\/strong> e do Caribe serviu de palco para a declara\u00e7\u00e3o. Lula evitou tratar o epis\u00f3dio como parte de uma reestrutura\u00e7\u00e3o ampla no governo.<\/p>\n<p><strong>+ Leia mais not\u00edcias de Pol\u00edtica em Oeste<\/strong><\/p>\n<p>De volta ao Brasil, o presidente planeja se reunir com o presidente do <strong>Senado<\/strong>, Davi Alcolumbre (Uni\u00e3o-AP), e com dirigentes do Uni\u00e3o Brasil. A pauta ser\u00e1 a escolha do novo titular da pasta. Entre os cotados est\u00e1 o deputado Pedro Lucas Fernandes (MA), nome j\u00e1 conhecido por Lula. O petista, por\u00e9m, frisou que a indica\u00e7\u00e3o cabe ao partido.<\/p>\n<figure class=\"wp-block-embed is-type-video is-provider-youtube wp-block-embed-youtube wp-embed-aspect-16-9 wp-has-aspect-ratio\">\n<div class=\"wp-block-embed__wrapper\">\n<div class=\"perfmatters-lazy-youtube\" data-src=\"https:\/\/www.youtube.com\/embed\/r7tZ-SE8SPA\" data-id=\"r7tZ-SE8SPA\" data-query=\"feature=oembed\" onclick=\"perfmattersLazyLoadYouTube(this);\">\n<div><img fetchpriority=\"high\" decoding=\"async\" src=\"https:\/\/i.ytimg.com\/vi\/r7tZ-SE8SPA\/hqdefault.jpg\" alt=\"YouTube video\" width=\"480\" height=\"360\" data-pin-nopin=\"true\" nopin=\"nopin\"\/><\/div>\n<\/div>\n<p><noscript><iframe title=\"Governador do Rio sobe vale-alimenta\u00e7\u00e3o da Pol\u00edcia Civil de R$ 12 para R$ 32\" width=\"800\" height=\"450\" src=\"https:\/\/www.youtube.com\/embed\/r7tZ-SE8SPA?feature=oembed\" frameborder=\"0\" allow=\"accelerometer; autoplay; clipboard-write; encrypted-media; gyroscope; picture-in-picture; web-share\" referrerpolicy=\"strict-origin-when-cross-origin\" allowfullscreen><\/iframe><\/noscript>\n<\/div>\n<\/figure>\n<h2 class=\"wp-block-heading\">Para Lula, a perman\u00eancia do ex-ministro poderia interferir no governo<\/h2>\n<p>Lula afastou a ideia de fixar prazos para a nomea\u00e7\u00e3o. Segundo ele, a escolha ser\u00e1 feita no tempo certo, sem press\u00e3o externa. Tamb\u00e9m afirmou que, embora a decis\u00e3o final seja sua, o partido poder\u00e1 reavaliar a escolha posteriormente, caso considere necess\u00e1rio.<\/p>\n<p>A <strong>Procuradoria-Geral da Rep\u00fablica<\/strong> apresentou den\u00fancia contra o ex-ministro na semana passada. <\/p>\n<p>Para o presidente, todo cidad\u00e3o tem direito \u00e0 defesa, mas a perman\u00eancia no cargo poderia interferir no funcionamento do governo. \u201c\u00c9 uma pol\u00edtica saud\u00e1vel que ele se afaste do governo para provar sua inoc\u00eancia e n\u00e3o comprometer o dia a dia do governo\u201d, afirmou.<\/p>\n<\/p><\/div>\n<p><br \/>\n<br \/>Fonte: <a href=\"https:\/\/revistaoeste.com\/politica\/lula-nega-reforma-ministerial-com-saida-de-juscelino-mas-uniao-brasil-cobra-espaco\/\">Ag\u00eancia Brasil<\/a><\/p>\n","protected":false},"excerpt":{"rendered":"<p>Durante visita a Tegucigalpa, capital de Honduras, o presidente Luiz In\u00e1cio Lula da Silva (PT) afirmou na segunda-feira 8 que a sa\u00edda de Juscelino Filho (Uni\u00e3o-MA) do Minist\u00e9rio das Comunica\u00e7\u00f5es n\u00e3o antecipa a esperada reforma ministerial. O encontro com l\u00edderes da Am\u00e9rica Latina e do Caribe serviu de palco para a declara\u00e7\u00e3o. Lula evitou tratar [&hellip;]<\/p>\n","protected":false},"author":5,"featured_media":11651,"comment_status":"open","ping_status":"open","sticky":false,"template":"","format":"standard","meta":{"_seopress_robots_primary_cat":"","_seopress_titles_title":"","_seopress_titles_desc":"","_seopress_robots_index":"","footnotes":""},"categories":[47,1],"tags":[],"class_list":["post-11650","post","type-post","status-publish","format-standard","has-post-thumbnail","hentry","category-politica","category-ultimas-noticias"],"_links":{"self":[{"href":"https:\/\/mussicom.com\/noticias\/wp-json\/wp\/v2\/posts\/11650","targetHints":{"allow":["GET"]}}],"collection":[{"href":"https:\/\/mussicom.com\/noticias\/wp-json\/wp\/v2\/posts"}],"about":[{"href":"https:\/\/mussicom.com\/noticias\/wp-json\/wp\/v2\/types\/post"}],"author":[{"embeddable":true,"href":"https:\/\/mussicom.com\/noticias\/wp-json\/wp\/v2\/users\/5"}],"replies":[{"embeddable":true,"href":"https:\/\/mussicom.com\/noticias\/wp-json\/wp\/v2\/comments?post=11650"}],"version-history":[{"count":0,"href":"https:\/\/mussicom.com\/noticias\/wp-json\/wp\/v2\/posts\/11650\/revisions"}],"wp:featuredmedia":[{"embeddable":true,"href":"https:\/\/mussicom.com\/noticias\/wp-json\/wp\/v2\/media\/11651"}],"wp:attachment":[{"href":"https:\/\/mussicom.com\/noticias\/wp-json\/wp\/v2\/media?parent=11650"}],"wp:term":[{"taxonomy":"category","embeddable":true,"href":"https:\/\/mussicom.com\/noticias\/wp-json\/wp\/v2\/categories?post=11650"},{"taxonomy":"post_tag","embeddable":true,"href":"https:\/\/mussicom.com\/noticias\/wp-json\/wp\/v2\/tags?post=11650"}],"curies":[{"name":"wp","href":"https:\/\/api.w.org\/{rel}","templated":true}]}}