{"id":11586,"date":"2025-04-10T01:26:20","date_gmt":"2025-04-10T04:26:20","guid":{"rendered":"https:\/\/www.mussicom.com\/ministro-de-lula-defende-invasoes\/"},"modified":"2025-04-10T01:26:20","modified_gmt":"2025-04-10T04:26:20","slug":"ministro-de-lula-defende-invasoes","status":"publish","type":"post","link":"https:\/\/mussicom.com\/noticias\/ministro-de-lula-defende-invasoes\/","title":{"rendered":"Ministro de Lula defende invas\u00f5es"},"content":{"rendered":"<p> <br \/>\n<\/p>\n<div id=\"hd80s9wa1h892edh8192\">\n<p>O ministro do Desenvolvimento Agr\u00e1rio, <strong>Paulo Teixeira<\/strong>, negou que seja necess\u00e1rio refor\u00e7ar a seguran\u00e7a dos Estados para combater o <strong>Movimento dos Trabalhadores Rurais Sem Terra (MST).<\/strong><\/p>\n<p>Durante uma oitiva no Senado Federal, parlamentares da oposi\u00e7\u00e3o indagaram sobre as a\u00e7\u00f5es do MST contra produtores rurais. O representante do presidente <strong>Luiz In\u00e1cio Lula da Silva<\/strong>, no entanto, afastou a ideia de que as a\u00e7\u00f5es do movimento tenham natureza terrorista.<\/p>\n<figure class=\"wp-block-embed is-type-video is-provider-youtube wp-block-embed-youtube wp-embed-aspect-16-9 wp-has-aspect-ratio\">\n<div class=\"wp-block-embed__wrapper\">\n<div class=\"perfmatters-lazy-youtube\" data-src=\"https:\/\/www.youtube.com\/embed\/CQM2qpuv2-A\" data-id=\"CQM2qpuv2-A\" data-query=\"feature=oembed\" onclick=\"perfmattersLazyLoadYouTube(this);\">\n<div><img fetchpriority=\"high\" decoding=\"async\" src=\"https:\/\/i.ytimg.com\/vi\/CQM2qpuv2-A\/hqdefault.jpg\" alt=\"YouTube video\" width=\"480\" height=\"360\" data-pin-nopin=\"true\" nopin=\"nopin\"\/><\/div>\n<\/div>\n<p><noscript><iframe title=\"Moraes suspende reintegra\u00e7\u00e3o de posse de fazenda invadida pelo MST\" width=\"800\" height=\"450\" src=\"https:\/\/www.youtube.com\/embed\/CQM2qpuv2-A?feature=oembed\" frameborder=\"0\" allow=\"accelerometer; autoplay; clipboard-write; encrypted-media; gyroscope; picture-in-picture; web-share\" referrerpolicy=\"strict-origin-when-cross-origin\" allowfullscreen><\/iframe><\/noscript>\n<\/div>\n<\/figure>\n<p>\u201cN\u00e3o temos grupo terrorista no Brasil\u201d, disse. \u201cN\u00e3o temos conhecimento de nenhum grupo terrorista, de nenhum grupo proscrito, ent\u00e3o fica para a pol\u00edtica. Fica para o debate.\u201d<\/p>\n<p><strong>Leia tamb\u00e9m: \u201cMST come\u00e7a a promover o Abril Vermelho; invas\u00f5es em MG e PE\u201d<\/strong><\/p>\n<p>O ministro de Lula ainda defendeu o movimento invasor. \u201cTenho conhecimento de a\u00e7\u00f5es do MST, como cooperativas que produzem leite, que produzem arroz org\u00e2nico, produtos industrializados com muito m\u00e9rito\u201d, disse. \u201cO Estado brasileiro tem o dever de atender todos aqueles que t\u00eam leg\u00edtimas demandas.\u201d<\/p>\n<p><related-posts class=\"border-y border-gray-300 py-5\"><\/p>\n<h2 class=\"!text-2xl text-black font-primary font-semibold leading-none mb-3\">\n    Leia mais:<br \/>\n  <\/h2>\n<p><\/related-posts><\/p>\n<p>A presen\u00e7a de Teixeira no Senado ocorre em meio ao \u201cAbril Vermelho\u201d, per\u00edodo em que o MST promove s\u00e9rie de invas\u00f5es pelo Brasil. At\u00e9 o momento, <strong>a edi\u00e7\u00e3o de 2025 contabiliza 23 propriedades tomadas pelos invasores<\/strong>. As \u00e1reas na mira do grupo est\u00e3o espalhadas por 10 Estados.<\/p>\n<h2 class=\"wp-block-heading\">Aparelhamento pelo MST<\/h2>\n<p>A rela\u00e7\u00e3o entre o governo Lula e o MST virou assunto durante a reuni\u00e3o. O movimento exerce influ\u00eancia sobre 20 das 30 superintend\u00eancias do Instituto Nacional de Coloniza\u00e7\u00e3o e Reforma Agr\u00e1ria (Incra). Teixeira evitou responder sobre o controle das a\u00e7\u00f5es do Incra, incluindo o mapeamento de assentamentos e a entrega de t\u00edtulos fundi\u00e1rios.<\/p>\n<p>Com dois anos \u00e0 frente da pasta, Teixeira responsabilizou o governo do ex-presidente <strong>Jair Bolsonaro<\/strong> pela aus\u00eancia de dados no minist\u00e9rio.<\/p>\n<p><strong>+ Leia mais not\u00edcias de Pol\u00edtica em Oeste<\/strong><\/p>\n<\/p><\/div>\n<p><br \/>\n<br \/>Fonte: <a href=\"https:\/\/revistaoeste.com\/politica\/mst-ministro-de-lula-defende-invasoes\/\">Ag\u00eancia Brasil<\/a><\/p>\n","protected":false},"excerpt":{"rendered":"<p>O ministro do Desenvolvimento Agr\u00e1rio, Paulo Teixeira, negou que seja necess\u00e1rio refor\u00e7ar a seguran\u00e7a dos Estados para combater o Movimento dos Trabalhadores Rurais Sem Terra (MST). Durante uma oitiva no Senado Federal, parlamentares da oposi\u00e7\u00e3o indagaram sobre as a\u00e7\u00f5es do MST contra produtores rurais. O representante do presidente Luiz In\u00e1cio Lula da Silva, no entanto, [&hellip;]<\/p>\n","protected":false},"author":5,"featured_media":11587,"comment_status":"open","ping_status":"open","sticky":false,"template":"","format":"standard","meta":{"_seopress_robots_primary_cat":"","_seopress_titles_title":"","_seopress_titles_desc":"","_seopress_robots_index":"","footnotes":""},"categories":[47,1],"tags":[],"class_list":["post-11586","post","type-post","status-publish","format-standard","has-post-thumbnail","hentry","category-politica","category-ultimas-noticias"],"_links":{"self":[{"href":"https:\/\/mussicom.com\/noticias\/wp-json\/wp\/v2\/posts\/11586","targetHints":{"allow":["GET"]}}],"collection":[{"href":"https:\/\/mussicom.com\/noticias\/wp-json\/wp\/v2\/posts"}],"about":[{"href":"https:\/\/mussicom.com\/noticias\/wp-json\/wp\/v2\/types\/post"}],"author":[{"embeddable":true,"href":"https:\/\/mussicom.com\/noticias\/wp-json\/wp\/v2\/users\/5"}],"replies":[{"embeddable":true,"href":"https:\/\/mussicom.com\/noticias\/wp-json\/wp\/v2\/comments?post=11586"}],"version-history":[{"count":0,"href":"https:\/\/mussicom.com\/noticias\/wp-json\/wp\/v2\/posts\/11586\/revisions"}],"wp:featuredmedia":[{"embeddable":true,"href":"https:\/\/mussicom.com\/noticias\/wp-json\/wp\/v2\/media\/11587"}],"wp:attachment":[{"href":"https:\/\/mussicom.com\/noticias\/wp-json\/wp\/v2\/media?parent=11586"}],"wp:term":[{"taxonomy":"category","embeddable":true,"href":"https:\/\/mussicom.com\/noticias\/wp-json\/wp\/v2\/categories?post=11586"},{"taxonomy":"post_tag","embeddable":true,"href":"https:\/\/mussicom.com\/noticias\/wp-json\/wp\/v2\/tags?post=11586"}],"curies":[{"name":"wp","href":"https:\/\/api.w.org\/{rel}","templated":true}]}}