{"id":11542,"date":"2025-04-09T21:12:01","date_gmt":"2025-04-10T00:12:01","guid":{"rendered":"https:\/\/mussicom.com\/comissao-de-agricultura-aprova-convocacao-de-marina-silva-e-convite-a-paulo-teixeira\/"},"modified":"2025-04-09T21:12:01","modified_gmt":"2025-04-10T00:12:01","slug":"comissao-de-agricultura-aprova-convocacao-de-marina-silva-e-convite-a-paulo-teixeira","status":"publish","type":"post","link":"https:\/\/mussicom.com\/noticias\/comissao-de-agricultura-aprova-convocacao-de-marina-silva-e-convite-a-paulo-teixeira\/","title":{"rendered":"Comiss\u00e3o de Agricultura aprova convoca\u00e7\u00e3o de Marina Silva e convite a Paulo Teixeira"},"content":{"rendered":"<p> <br \/>\n<\/p>\n<div><\/p>\n<div>Marina ser\u00e1 ouvida sobre os \u00edndices de desmatamento e Paulo Teixeira falar\u00e1 sobre as a\u00e7\u00f5es do MST no chamado \u201cAbril Vermelho\u201d.<\/div>\n<\/div>\n<p><br \/>\n<br \/>Fonte: <a href=\"https:\/\/www.gazetadopovo.com.br\/republica\/comissao-de-agricultura-aprova-convocacao-de-marina-silva-e-convite-a-paulo-teixeira\/\">Revista Oeste<\/a><\/p>\n","protected":false},"excerpt":{"rendered":"<p>Marina ser\u00e1 ouvida sobre os \u00edndices de desmatamento e Paulo Teixeira falar\u00e1 sobre as a\u00e7\u00f5es do MST no chamado \u201cAbril Vermelho\u201d. Fonte: Revista Oeste<\/p>\n","protected":false},"author":5,"featured_media":11543,"comment_status":"open","ping_status":"open","sticky":false,"template":"","format":"standard","meta":{"_seopress_robots_primary_cat":"","_seopress_titles_title":"","_seopress_titles_desc":"","_seopress_robots_index":"","footnotes":""},"categories":[1],"tags":[],"class_list":["post-11542","post","type-post","status-publish","format-standard","has-post-thumbnail","hentry","category-ultimas-noticias"],"_links":{"self":[{"href":"https:\/\/mussicom.com\/noticias\/wp-json\/wp\/v2\/posts\/11542","targetHints":{"allow":["GET"]}}],"collection":[{"href":"https:\/\/mussicom.com\/noticias\/wp-json\/wp\/v2\/posts"}],"about":[{"href":"https:\/\/mussicom.com\/noticias\/wp-json\/wp\/v2\/types\/post"}],"author":[{"embeddable":true,"href":"https:\/\/mussicom.com\/noticias\/wp-json\/wp\/v2\/users\/5"}],"replies":[{"embeddable":true,"href":"https:\/\/mussicom.com\/noticias\/wp-json\/wp\/v2\/comments?post=11542"}],"version-history":[{"count":0,"href":"https:\/\/mussicom.com\/noticias\/wp-json\/wp\/v2\/posts\/11542\/revisions"}],"wp:featuredmedia":[{"embeddable":true,"href":"https:\/\/mussicom.com\/noticias\/wp-json\/wp\/v2\/media\/11543"}],"wp:attachment":[{"href":"https:\/\/mussicom.com\/noticias\/wp-json\/wp\/v2\/media?parent=11542"}],"wp:term":[{"taxonomy":"category","embeddable":true,"href":"https:\/\/mussicom.com\/noticias\/wp-json\/wp\/v2\/categories?post=11542"},{"taxonomy":"post_tag","embeddable":true,"href":"https:\/\/mussicom.com\/noticias\/wp-json\/wp\/v2\/tags?post=11542"}],"curies":[{"name":"wp","href":"https:\/\/api.w.org\/{rel}","templated":true}]}}