{"id":11506,"date":"2025-04-09T18:52:45","date_gmt":"2025-04-09T21:52:45","guid":{"rendered":"https:\/\/www.mussicom.com\/richie-faulkner-fala-a-rs-sobre-shows-setlist-e-futuro\/"},"modified":"2025-04-09T18:52:45","modified_gmt":"2025-04-09T21:52:45","slug":"richie-faulkner-fala-a-rs-sobre-shows-setlist-e-futuro","status":"publish","type":"post","link":"https:\/\/mussicom.com\/noticias\/richie-faulkner-fala-a-rs-sobre-shows-setlist-e-futuro\/","title":{"rendered":"Richie Faulkner fala \u00e0 RS sobre shows, setlist e futuro"},"content":{"rendered":"<p> <br \/>\n<\/p>\n<div>\n<p>Nada pode parar o <strong>Judas Priest<\/strong>. A mais lend\u00e1ria e celebrada banda de heavy metal ainda em atividade ultrapassou os 55 anos de exist\u00eancia em um ritmo de atividades surpreendente: cerca de 90 apresenta\u00e7\u00f5es foram realizadas somente no ano passado. Trata-se de um show a cada quatro dias \u2014 m\u00e9dia assustadora quando se considera n\u00e3o apenas os longos deslocamentos, j\u00e1 que eles tocam no mundo todo, como tamb\u00e9m a idade avan\u00e7ada de alguns integrantes, pois h\u00e1 dois septuagen\u00e1rios na forma\u00e7\u00e3o.<\/p>\n<p>At\u00e9 o mais novo deles, <strong>Richie Faulkner<\/strong>, ajuda a exemplificar a m\u00e1xima que abre este texto. O guitarrista de 45 anos sofreu em 2021 um aneurisma da aorta em pleno show, mas n\u00e3o deixou de tocar os riffs e solos complexos: executou o set at\u00e9 o fim e s\u00f3 depois acabou conduzido ao hospital, onde enfrentou uma cirurgia de peito aberto com mais de 10 horas de dura\u00e7\u00e3o. Recentemente, ele revelou tamb\u00e9m ter sofrido uma s\u00e9rie de AVCs que deixaram um dano cerebral permanente. Mas nada \u00e9 capaz de frear o Priest.<\/p>\n<p>Em entrevista \u00e0 <strong>Rolling Stone Brasil<\/strong>, Faulkner se declara empolgado para retornar ao pa\u00eds dois anos e meio ap\u00f3s a \u00faltima visita. No fim de 2022, o quinteto hoje formado por ele, <strong>Rob Halford<\/strong> (voz), <strong>Ian Hill<\/strong> (baixo), <strong>Andy Sneap<\/strong> (guitarra ao vivo, substituindo <strong>Glenn Tipton<\/strong>) e <strong>Scott Travis<\/strong> (bateria) veio para tocar no primeiro Knotfest Brasil e realizar show solo, tudo em S\u00e3o Paulo. Desta vez, o itiner\u00e1rio \u00e9 um pouco maior. Tocam no festival <strong>Arena of Rock<\/strong>, em <strong>Bras\u00edlia<\/strong>, no dia 16 de abril; na edi\u00e7\u00e3o de 30 anos do <strong>Monsters of Rock<\/strong>, em <strong>S\u00e3o Paulo<\/strong>, no dia 19 de abril; e em data \u00e0 parte, na <strong>Vibra<\/strong>, tamb\u00e9m na <strong>capital paulista<\/strong>, em 20 de abril. Ingressos podem ser adquiridos na <em>Bilheteria Digital<\/em> (BSB) e <em>Eventim<\/em> (SP).<\/p>\n<p>Nos dois festivais, em Bras\u00edlia e em S\u00e3o Paulo, o Priest divide holofotes com o <strong>Scorpions<\/strong>, lend\u00e1ria banda alem\u00e3 tamb\u00e9m not\u00f3ria pela longevidade: 60 anos de carreira. <strong>Europe<\/strong> tamb\u00e9m toca em ambas as cidades. <strong>Savatage<\/strong>, <strong>Opeth<\/strong>, <strong>Stratovarius<\/strong> e <strong>Queensr\u00ffche<\/strong> est\u00e3o no evento paulistano, com o \u00faltimo nome tamb\u00e9m abrindo para o grupo ingl\u00eas na Vibra.<\/p>\n<p>Sobre os colegas de palco, Richie comenta:<\/p>\n<blockquote class=\"citacao\"><p><em>\u201cComo f\u00e3, o <strong>Scorpions<\/strong> est\u00e1 no topo da minha lista. \u00d3timas m\u00fasicas, m\u00fasicos, vocais, hist\u00f3ria. Acho que n\u00e3o conheci nenhum dos caras pessoalmente, mas Rob e os caras t\u00eam um longo relacionamento. Amo o <strong>Europe<\/strong> e estou ansioso para v\u00ea-los; lembro quando <strong>The Final Countdown<\/strong> (\u00e1lbum de 1986) saiu, eu devia ter uns 10 anos ou talvez at\u00e9 menos. Amo a forma como <strong>John Norum<\/strong> toca, \u00e9 um dos meus guitarristas favoritos. Conhe\u00e7o alguns caras do <strong>Savatage<\/strong> e estou ansioso para ver o <strong>Opeth<\/strong>. Como f\u00e3, espero ter tempo para ver essas bandas \u2014 e essa \u00e9 a coisa boa sobre tocar com esses lineups, voc\u00ea consegue ver bandas que ama e que nunca viu antes.\u201d<\/em><\/p><\/blockquote>\n<figure class=\"image\"><figcaption>Richie Faulkner com o Judas Priest &#8211; Foto: Scott Legato \/ Getty Images<\/figcaption><\/figure>\n<p>Faulkner, ali\u00e1s, \u00e9 veterano de Monsters of Rock. Com o Judas Priest, o guitarrista se apresentou duas vezes na edi\u00e7\u00e3o 2015 do evento, que teve <strong>Ozzy Osbourne<\/strong>, <strong>Kiss<\/strong>, <strong>Mot\u00f6rhead<\/strong>, <strong>Manowar<\/strong>, entre v\u00e1rios outros. Perguntado sobre lembran\u00e7as desta ocasi\u00e3o, o guitarrista d\u00e1 uma curiosa risada antes de responder:<\/p>\n<blockquote class=\"citacao\"><p><em>\u201cLembro! N\u00e3o sab\u00edamos que seria assim, mas foi a \u00faltima vez que tocamos com <strong>Lemmy<\/strong> [<strong>Kilmister<\/strong>, l\u00edder do Mot\u00f6rhead falecido em 2015]. Tocamos uma noite com o Kiss e uma noite com Ozzy. Depois de cada noite, havia uma festa no bar do hotel. Era uma loucura. Tenho \u00f3timas lembran\u00e7as. <strong>Glenn<\/strong> [<strong>Tipton<\/strong>, guitarrista afastado em 2018 devido ao avan\u00e7o do Parkinson] estava conosco na \u00e9poca. Sempre nos divertimos no Brasil. Acho que houve uma festa na quinta, outra na sexta, mais uma no s\u00e1bado e ent\u00e3o todos se recuperaram no domingo. Quatro dias incr\u00edveis de m\u00fasica e caos. N\u00e3o sei se ainda consigo fazer esse tipo de festa, mas vamos ver se desta vez ser\u00e1 a mesma coisa.\u201d<\/em><\/p><\/blockquote>\n<figure class=\"image\"><img loading=\"lazy\" decoding=\"async\" alt=\"Judas Priest ao vivo em 2024\" height=\"435\" loading=\"lazy\" src=\"https:\/\/rollingstone.uol.com.br\/media\/uploads\/2025\/04\/judas-priest-2024-show-foto-roberto-ricciuti-redferns.jpg\" width=\"773\"\/><figcaption>Judas Priest ao vivo em 2024 &#8211; Foto: Roberto Ricciuti \/ Redferns<\/figcaption><\/figure>\n<h3><strong>O poss\u00edvel setlist do Judas Priest<\/strong><\/h3>\n<p>Festan\u00e7a dos monstros do rock \u00e0 parte, vamos ao que interessa. O que os f\u00e3s podem esperar do setlist? J\u00e1 se imagina que a banda n\u00e3o executar\u00e1 a celebra\u00e7\u00e3o aos 35 anos de <em><strong>Painkiller<\/strong><\/em> (1990) prometida em outros locais, mas Faulkner foi al\u00e9m: ele disse que o repert\u00f3rio n\u00e3o deve ser t\u00e3o alterado em rela\u00e7\u00e3o ao que rodou o mundo em 2024, com a turn\u00ea do \u00e1lbum <em><strong>Invincible Shield<\/strong><\/em><\/p>\n<\/div>\n<p><br \/>\n<br \/>Fonte: <a href=\"https:\/\/rollingstone.com.br\/musica\/judas-priest-no-brasil-richie-faulkner-fala-a-rs-sobre-shows-setlist-e-futuro\/\">rollingstone.com.br<\/a><\/p>\n","protected":false},"excerpt":{"rendered":"<p>Nada pode parar o Judas Priest. A mais lend\u00e1ria e celebrada banda de heavy metal ainda em atividade ultrapassou os 55 anos de exist\u00eancia em um ritmo de atividades surpreendente: cerca de 90 apresenta\u00e7\u00f5es foram realizadas somente no ano passado. Trata-se de um show a cada quatro dias \u2014 m\u00e9dia assustadora quando se considera n\u00e3o [&hellip;]<\/p>\n","protected":false},"author":5,"featured_media":11507,"comment_status":"open","ping_status":"open","sticky":false,"template":"","format":"standard","meta":{"_seopress_robots_primary_cat":"","_seopress_titles_title":"","_seopress_titles_desc":"","_seopress_robots_index":"","footnotes":""},"categories":[51],"tags":[],"class_list":["post-11506","post","type-post","status-publish","format-standard","has-post-thumbnail","hentry","category-musica"],"_links":{"self":[{"href":"https:\/\/mussicom.com\/noticias\/wp-json\/wp\/v2\/posts\/11506","targetHints":{"allow":["GET"]}}],"collection":[{"href":"https:\/\/mussicom.com\/noticias\/wp-json\/wp\/v2\/posts"}],"about":[{"href":"https:\/\/mussicom.com\/noticias\/wp-json\/wp\/v2\/types\/post"}],"author":[{"embeddable":true,"href":"https:\/\/mussicom.com\/noticias\/wp-json\/wp\/v2\/users\/5"}],"replies":[{"embeddable":true,"href":"https:\/\/mussicom.com\/noticias\/wp-json\/wp\/v2\/comments?post=11506"}],"version-history":[{"count":0,"href":"https:\/\/mussicom.com\/noticias\/wp-json\/wp\/v2\/posts\/11506\/revisions"}],"wp:featuredmedia":[{"embeddable":true,"href":"https:\/\/mussicom.com\/noticias\/wp-json\/wp\/v2\/media\/11507"}],"wp:attachment":[{"href":"https:\/\/mussicom.com\/noticias\/wp-json\/wp\/v2\/media?parent=11506"}],"wp:term":[{"taxonomy":"category","embeddable":true,"href":"https:\/\/mussicom.com\/noticias\/wp-json\/wp\/v2\/categories?post=11506"},{"taxonomy":"post_tag","embeddable":true,"href":"https:\/\/mussicom.com\/noticias\/wp-json\/wp\/v2\/tags?post=11506"}],"curies":[{"name":"wp","href":"https:\/\/api.w.org\/{rel}","templated":true}]}}