{"id":11498,"date":"2025-04-09T18:19:39","date_gmt":"2025-04-09T21:19:39","guid":{"rendered":"https:\/\/www.mussicom.com\/pec-da-seguranca-publica-coordenara-as-policias\/"},"modified":"2025-04-09T18:19:39","modified_gmt":"2025-04-09T21:19:39","slug":"pec-da-seguranca-publica-coordenara-as-policias","status":"publish","type":"post","link":"https:\/\/mussicom.com\/noticias\/pec-da-seguranca-publica-coordenara-as-policias\/","title":{"rendered":"&#8216;PEC da Seguran\u00e7a P\u00fablica coordenar\u00e1 as pol\u00edcias&#8217;"},"content":{"rendered":"<p> <br \/>\n<\/p>\n<div id=\"hd80s9wa1h892edh8192\">\n<p>O ministro da Justi\u00e7a, Ricardo Lewandowski, alegou que a PEC da Seguran\u00e7a P\u00fablica apresentada ao Congresso Nacional pela equipe governista vai \u201ccoordenar\u201d as for\u00e7as policiais do pa\u00eds. O integrante do alto escal\u00e3o deu a declara\u00e7\u00e3o em audi\u00eancia da Comiss\u00e3o de Seguran\u00e7a P\u00fablica (CSP) do Senado, nesta quarta-feira, 9.\u00a0<\/p>\n<p>Para justificar essa suposta coordena\u00e7\u00e3o das for\u00e7as de seguran\u00e7a p\u00fablica, Lewandowski falou que \u201ccada uma dessas for\u00e7as de seguran\u00e7a n\u00e3o conversam entre si e, literalmente, atiram cada uma para um lado diferente\u201d.<\/p>\n<p>\u201cEssa proposta que n\u00f3s estamos apresentando ao Congresso Nacional tem o primeiro objetivo de coordenar essas for\u00e7as, ter um banco \u00fanico de informa\u00e7\u00f5es e termos uma fotografia real da realidade do crime no Brasil\u201d, argumentou.\u00a0<\/p>\n<p><strong>+ Oposi\u00e7\u00e3o chama texto da PEC da Seguran\u00e7a P\u00fablica de \u2018perigos\u00edssimo\u2019<\/strong><\/p>\n<p>Ainda sobre a \u201ccoordena\u00e7\u00e3o\u201d das for\u00e7as de seguran\u00e7a, Lewandowski argumentou que a Uni\u00e3o j\u00e1 conta com as pol\u00edcias Federal, Rodovi\u00e1ria Penal, Penal, Civil, Cient\u00edfica, Militar, al\u00e9m da For\u00e7a Nacional. Ele sinalizou que as guardas civis municipais podem ser integradas a este quadro.\u00a0<\/p>\n<p>\u201cQuando a popula\u00e7\u00e3o, com justa raz\u00e3o, diz que o grande problema que a aflige hoje \u00e9 a criminalidade e a culpa \u00e9 do governo, ela n\u00e3o faz distin\u00e7\u00e3o entre governo municipal, estadual e federal\u201d, argumentou.<\/p>\n<h2 class=\"wp-block-heading\"><strong>PEC da Seguran\u00e7a P\u00fablica \u201cn\u00e3o vai intervir na autonomia dos Estados\u201d<\/strong><\/h2>\n<p>Sobre as cr\u00edticas da oposi\u00e7\u00e3o de que o texto da PEC interfere na autonomia dos Entes Federativos, Lewandowski negou: \u201cO governo federal n\u00e3o quer intervir na autonomia dos estados no que diz respeito \u00e0 seguran\u00e7a p\u00fablica\u201d.<\/p>\n<p>\u201cA PEC \u00e9 apenas uma tentativa de organizar o jogo, para ent\u00e3o depois n\u00f3s darmos uma nova partida\u201d, declarou. \u201cInfelizmente n\u00e3o existe uma bala de prata para enfrentar a criminalidade, enfrentar as organiza\u00e7\u00f5es criminosas.\u201d\u00a0<\/p>\n<p><strong>+ Motta, sobre a PEC da Seguran\u00e7a P\u00fablica: \u2018H\u00e1 urg\u00eancia para tratar o tema\u2019<\/strong><\/p>\n<p>Lewandowski afirmou que a atua\u00e7\u00e3o desses grupos criminosos \u00e9 um \u201cfen\u00f4meno que est\u00e1 assolando o mundo todo\u201d e que n\u00e3o \u00e9 apenas \u201cuma a\u00e7\u00e3o que vai resolver isso\u201d. \u201cA PEC \u00e9 o in\u00edcio da solu\u00e7\u00e3o, da conjuga\u00e7\u00e3o de esfor\u00e7os\u201d, acrescentou.<\/p>\n<p><strong>+ Leia mais not\u00edcias de Pol\u00edtica em Oeste<\/strong><\/p>\n<\/p><\/div>\n<p><br \/>\n<br \/>Fonte: <a href=\"https:\/\/revistaoeste.com\/politica\/lewandowski-diz-que-pec-da-seguranca-publica-vai-coordenar-as-policias\/\">Ag\u00eancia Brasil<\/a><\/p>\n","protected":false},"excerpt":{"rendered":"<p>O ministro da Justi\u00e7a, Ricardo Lewandowski, alegou que a PEC da Seguran\u00e7a P\u00fablica apresentada ao Congresso Nacional pela equipe governista vai \u201ccoordenar\u201d as for\u00e7as policiais do pa\u00eds. O integrante do alto escal\u00e3o deu a declara\u00e7\u00e3o em audi\u00eancia da Comiss\u00e3o de Seguran\u00e7a P\u00fablica (CSP) do Senado, nesta quarta-feira, 9.\u00a0 Para justificar essa suposta coordena\u00e7\u00e3o das for\u00e7as [&hellip;]<\/p>\n","protected":false},"author":5,"featured_media":11499,"comment_status":"open","ping_status":"open","sticky":false,"template":"","format":"standard","meta":{"_seopress_robots_primary_cat":"","_seopress_titles_title":"","_seopress_titles_desc":"","_seopress_robots_index":"","footnotes":""},"categories":[47,1],"tags":[],"class_list":["post-11498","post","type-post","status-publish","format-standard","has-post-thumbnail","hentry","category-politica","category-ultimas-noticias"],"_links":{"self":[{"href":"https:\/\/mussicom.com\/noticias\/wp-json\/wp\/v2\/posts\/11498","targetHints":{"allow":["GET"]}}],"collection":[{"href":"https:\/\/mussicom.com\/noticias\/wp-json\/wp\/v2\/posts"}],"about":[{"href":"https:\/\/mussicom.com\/noticias\/wp-json\/wp\/v2\/types\/post"}],"author":[{"embeddable":true,"href":"https:\/\/mussicom.com\/noticias\/wp-json\/wp\/v2\/users\/5"}],"replies":[{"embeddable":true,"href":"https:\/\/mussicom.com\/noticias\/wp-json\/wp\/v2\/comments?post=11498"}],"version-history":[{"count":0,"href":"https:\/\/mussicom.com\/noticias\/wp-json\/wp\/v2\/posts\/11498\/revisions"}],"wp:featuredmedia":[{"embeddable":true,"href":"https:\/\/mussicom.com\/noticias\/wp-json\/wp\/v2\/media\/11499"}],"wp:attachment":[{"href":"https:\/\/mussicom.com\/noticias\/wp-json\/wp\/v2\/media?parent=11498"}],"wp:term":[{"taxonomy":"category","embeddable":true,"href":"https:\/\/mussicom.com\/noticias\/wp-json\/wp\/v2\/categories?post=11498"},{"taxonomy":"post_tag","embeddable":true,"href":"https:\/\/mussicom.com\/noticias\/wp-json\/wp\/v2\/tags?post=11498"}],"curies":[{"name":"wp","href":"https:\/\/api.w.org\/{rel}","templated":true}]}}