{"id":11424,"date":"2025-04-09T13:14:07","date_gmt":"2025-04-09T16:14:07","guid":{"rendered":"https:\/\/www.mussicom.com\/com-nova-presidencia-frente-pelo-livre-mercado-lanca-pacote-de-seguranca-publica\/"},"modified":"2025-04-09T13:14:07","modified_gmt":"2025-04-09T16:14:07","slug":"com-nova-presidencia-frente-pelo-livre-mercado-lanca-pacote-de-seguranca-publica","status":"publish","type":"post","link":"https:\/\/mussicom.com\/noticias\/com-nova-presidencia-frente-pelo-livre-mercado-lanca-pacote-de-seguranca-publica\/","title":{"rendered":"Com nova presid\u00eancia, Frente pelo Livre Mercado lan\u00e7a pacote de seguran\u00e7a p\u00fablica"},"content":{"rendered":"<p> <br \/>\n<\/p>\n<div><img decoding=\"async\" src=\"https:\/\/medias.revistaoeste.com\/wp-content\/uploads\/2025\/04\/Portinho-De-Toni-e-Marinho.jpeg\" style=\"width: 100%\" \/><\/p>\n<div>Os presidentes Carlos Portinho e Carol De Toni afirmam que a PEC enviada pelo governo Lula n\u00e3o deve avan\u00e7ar no Congresso Nacional<\/div>\n<\/div>\n<p><br \/>\n<br \/>Fonte: <a href=\"https:\/\/revistaoeste.com\/politica\/com-nova-presidencia-frente-pelo-livre-mercado-lanca-pacote-de-seguranca-publica\/\">Ag\u00eancia Brasil<\/a><\/p>\n","protected":false},"excerpt":{"rendered":"<p>Os presidentes Carlos Portinho e Carol De Toni afirmam que a PEC enviada pelo governo Lula n\u00e3o deve avan\u00e7ar no Congresso Nacional Fonte: Ag\u00eancia Brasil<\/p>\n","protected":false},"author":5,"featured_media":0,"comment_status":"open","ping_status":"open","sticky":false,"template":"","format":"standard","meta":{"_seopress_robots_primary_cat":"","_seopress_titles_title":"","_seopress_titles_desc":"","_seopress_robots_index":"","footnotes":""},"categories":[47,1],"tags":[],"class_list":["post-11424","post","type-post","status-publish","format-standard","hentry","category-politica","category-ultimas-noticias"],"_links":{"self":[{"href":"https:\/\/mussicom.com\/noticias\/wp-json\/wp\/v2\/posts\/11424","targetHints":{"allow":["GET"]}}],"collection":[{"href":"https:\/\/mussicom.com\/noticias\/wp-json\/wp\/v2\/posts"}],"about":[{"href":"https:\/\/mussicom.com\/noticias\/wp-json\/wp\/v2\/types\/post"}],"author":[{"embeddable":true,"href":"https:\/\/mussicom.com\/noticias\/wp-json\/wp\/v2\/users\/5"}],"replies":[{"embeddable":true,"href":"https:\/\/mussicom.com\/noticias\/wp-json\/wp\/v2\/comments?post=11424"}],"version-history":[{"count":0,"href":"https:\/\/mussicom.com\/noticias\/wp-json\/wp\/v2\/posts\/11424\/revisions"}],"wp:attachment":[{"href":"https:\/\/mussicom.com\/noticias\/wp-json\/wp\/v2\/media?parent=11424"}],"wp:term":[{"taxonomy":"category","embeddable":true,"href":"https:\/\/mussicom.com\/noticias\/wp-json\/wp\/v2\/categories?post=11424"},{"taxonomy":"post_tag","embeddable":true,"href":"https:\/\/mussicom.com\/noticias\/wp-json\/wp\/v2\/tags?post=11424"}],"curies":[{"name":"wp","href":"https:\/\/api.w.org\/{rel}","templated":true}]}}