{"id":11417,"date":"2025-04-09T12:12:34","date_gmt":"2025-04-09T15:12:34","guid":{"rendered":"https:\/\/mussicom.com\/deputada-que-teve-o-pai-perseguido-durante-o-regime-militar-pede-anistia-aos-presos-do-8-de-janeiro\/"},"modified":"2025-04-09T12:12:34","modified_gmt":"2025-04-09T15:12:34","slug":"deputada-que-teve-o-pai-perseguido-durante-o-regime-militar-pede-anistia-aos-presos-do-8-de-janeiro","status":"publish","type":"post","link":"https:\/\/mussicom.com\/noticias\/deputada-que-teve-o-pai-perseguido-durante-o-regime-militar-pede-anistia-aos-presos-do-8-de-janeiro\/","title":{"rendered":"Deputada que teve o pai perseguido durante o regime militar pede anistia aos presos do 8 de janeiro"},"content":{"rendered":"<p> <br \/>\n<\/p>\n<div><img decoding=\"async\" src=\"https:\/\/medias.revistaoeste.com\/wp-content\/uploads\/2025\/04\/Anistia-3.jpg\" style=\"width: 100%\" \/><\/p>\n<div>Rosana Valle acredita que o perd\u00e3o aos manifestantes pacificar\u00e1 o pa\u00eds<\/div>\n<\/div>\n<p><br \/>\n<br \/>Fonte: <a href=\"https:\/\/revistaoeste.com\/politica\/deputada-que-teve-o-pai-perseguido-durante-o-regime-militar-pede-anistia-aos-presos-do-8-de-janeiro\/\">Ag\u00eancia Brasil<\/a><\/p>\n","protected":false},"excerpt":{"rendered":"<p>Rosana Valle acredita que o perd\u00e3o aos manifestantes pacificar\u00e1 o pa\u00eds Fonte: Ag\u00eancia Brasil<\/p>\n","protected":false},"author":5,"featured_media":0,"comment_status":"open","ping_status":"open","sticky":false,"template":"","format":"standard","meta":{"_seopress_robots_primary_cat":"","_seopress_titles_title":"","_seopress_titles_desc":"","_seopress_robots_index":"","footnotes":""},"categories":[47,1],"tags":[],"class_list":["post-11417","post","type-post","status-publish","format-standard","hentry","category-politica","category-ultimas-noticias"],"_links":{"self":[{"href":"https:\/\/mussicom.com\/noticias\/wp-json\/wp\/v2\/posts\/11417","targetHints":{"allow":["GET"]}}],"collection":[{"href":"https:\/\/mussicom.com\/noticias\/wp-json\/wp\/v2\/posts"}],"about":[{"href":"https:\/\/mussicom.com\/noticias\/wp-json\/wp\/v2\/types\/post"}],"author":[{"embeddable":true,"href":"https:\/\/mussicom.com\/noticias\/wp-json\/wp\/v2\/users\/5"}],"replies":[{"embeddable":true,"href":"https:\/\/mussicom.com\/noticias\/wp-json\/wp\/v2\/comments?post=11417"}],"version-history":[{"count":0,"href":"https:\/\/mussicom.com\/noticias\/wp-json\/wp\/v2\/posts\/11417\/revisions"}],"wp:attachment":[{"href":"https:\/\/mussicom.com\/noticias\/wp-json\/wp\/v2\/media?parent=11417"}],"wp:term":[{"taxonomy":"category","embeddable":true,"href":"https:\/\/mussicom.com\/noticias\/wp-json\/wp\/v2\/categories?post=11417"},{"taxonomy":"post_tag","embeddable":true,"href":"https:\/\/mussicom.com\/noticias\/wp-json\/wp\/v2\/tags?post=11417"}],"curies":[{"name":"wp","href":"https:\/\/api.w.org\/{rel}","templated":true}]}}