{"id":11397,"date":"2025-04-09T10:10:30","date_gmt":"2025-04-09T13:10:30","guid":{"rendered":"https:\/\/www.mussicom.com\/gilmar-rejeita-proposta-de-anistia-mas-admite-chance-revisao\/"},"modified":"2025-04-09T10:10:30","modified_gmt":"2025-04-09T13:10:30","slug":"gilmar-rejeita-proposta-de-anistia-mas-admite-chance-revisao","status":"publish","type":"post","link":"https:\/\/mussicom.com\/noticias\/gilmar-rejeita-proposta-de-anistia-mas-admite-chance-revisao\/","title":{"rendered":"Gilmar rejeita proposta de anistia, mas admite chance revis\u00e3o"},"content":{"rendered":"<p> <br \/>\n<\/p>\n<div id=\"hd80s9wa1h892edh8192\">\n<p>O ministro do Supremo Tribunal Federal (STF) Gilmar Mendes afirmou nesta ter\u00e7a-feira, 8, que n\u00e3o faz sentido discutir anistia aos supostos respons\u00e1veis pelos atos de 8 de janeiro. Ele afirmou, por\u00e9m, existir abertura para um debate sobre a aplica\u00e7\u00e3o de penas a depender do caso. \u201cN\u00e3o faz sentido algum discutir anistia nesse ambiente\u201d, afirmou, em entrevista ao canal GloboNews.<\/p>\n<p>Sobre a vig\u00eancia de um poss\u00edvel clima \u201cinadequado\u201d, Gilmar disse que os pr\u00f3prios <strong>presidentes da C\u00e2mara dos Deputados, Hugo Motta (Republicanos-PB), e do Senado, Davi Alcolumbre (Uni\u00e3o Brasil-AP), t\u00eam consci\u00eancia disso<\/strong>. Segundo ele, a anistia seria \u201ca consagra\u00e7\u00e3o da impunidade a um fato que foi e \u00e9 extremamente grave\u201d.<\/p>\n<h2 class=\"wp-block-heading\"><strong>Gilmar \u00e9 contra revis\u00e3o geral das penas<\/strong><\/h2>\n<p>Debater perd\u00e3o aos crimes \u00e9 diferente de falar do tamanho das puni\u00e7\u00f5es, avalia o ministro. Ele afirmou que defende um exame das situa\u00e7\u00f5es caso a caso, mas discorda de uma revis\u00e3o geral das penas. \u201cA progress\u00e3o pode se dar de maneira extremamente r\u00e1pida a partir da pr\u00f3pria avalia\u00e7\u00e3o do relator\u201d.<\/p>\n<p>Gilmar refor\u00e7ou que o tema pode encontrar abertura para discuss\u00e3o. Nesse sentido, o magistrado, que vem apoiando as decis\u00f5es do colega de tribunal Alexandre de Moraes, referiu-se ao <strong>caso da cabeleireira D\u00e9bora Rodrigues dos Santos<\/strong>. Moraes e o ministro Fl\u00e1vio Dino a condenaram a 14 de pris\u00e3o por pichar uma est\u00e1tua que est\u00e1 defronte ao STF. No m\u00eas passado, Moraes autorizou a pris\u00e3o domiciliar da cabeleireira, depois de dois anos de pris\u00e3o preventivamente.<\/p>\n<figure class=\"wp-block-embed is-type-video is-provider-youtube wp-block-embed-youtube wp-embed-aspect-16-9 wp-has-aspect-ratio\">\n<div class=\"wp-block-embed__wrapper\">\n<div class=\"perfmatters-lazy-youtube\" data-src=\"https:\/\/www.youtube.com\/embed\/1dQbusCw9ko\" data-id=\"1dQbusCw9ko\" data-query=\"feature=oembed\" onclick=\"perfmattersLazyLoadYouTube(this);\">\n<div><img fetchpriority=\"high\" decoding=\"async\" src=\"https:\/\/i.ytimg.com\/vi\/1dQbusCw9ko\/hqdefault.jpg\" alt=\"YouTube video\" width=\"480\" height=\"360\" data-pin-nopin=\"true\" nopin=\"nopin\"\/><\/div>\n<\/div>\n<p><noscript><iframe title=\"Gilmar Mendes: &#039;Moraes e todos n\u00f3s somos v\u00edtimas&#039;\" width=\"800\" height=\"450\" src=\"https:\/\/www.youtube.com\/embed\/1dQbusCw9ko?feature=oembed\" frameborder=\"0\" allow=\"accelerometer; autoplay; clipboard-write; encrypted-media; gyroscope; picture-in-picture; web-share\" referrerpolicy=\"strict-origin-when-cross-origin\" allowfullscreen><\/iframe><\/noscript>\n<\/div>\n<\/figure>\n<p>R\u00e9 por participa\u00e7\u00e3o nos atos de 8 de janeiro, ela responde a processo pelos crimes de associa\u00e7\u00e3o criminosa armada, aboli\u00e7\u00e3o violenta do Estado democr\u00e1tico de Direito, golpe de Estado, dano qualificado e deteriora\u00e7\u00e3o do patrim\u00f4nio tombado. Gilmar disse, no entanto, que n\u00e3o se pode minimizar os fatos.\u00a0<\/p>\n<p>\u201cEla estava nos acampamentos e, nesse momento, ela n\u00e3o estava com os filhos. Agora projetam essa situa\u00e7\u00e3o de m\u00e3e de fam\u00edlia e tudo mais. As pessoas assumiram um risco enorme\u201d. Para ele, o caso de D\u00e9bora foi usado de forma pol\u00edtica e, desse modo, para responsabilizar os magistrados pela situa\u00e7\u00e3o da cabeleireira.<\/p>\n<p>+ <strong>Leia mais not\u00edcias de Pol\u00edtica na Oeste<\/strong><\/p>\n<\/p><\/div>\n<p><br \/>\n<br \/>Fonte: <a href=\"https:\/\/revistaoeste.com\/politica\/gilmar-rejeita-proposta-de-anistia-mas-ve-abertura-para-revisao\/\">Ag\u00eancia Brasil<\/a><\/p>\n","protected":false},"excerpt":{"rendered":"<p>O ministro do Supremo Tribunal Federal (STF) Gilmar Mendes afirmou nesta ter\u00e7a-feira, 8, que n\u00e3o faz sentido discutir anistia aos supostos respons\u00e1veis pelos atos de 8 de janeiro. Ele afirmou, por\u00e9m, existir abertura para um debate sobre a aplica\u00e7\u00e3o de penas a depender do caso. \u201cN\u00e3o faz sentido algum discutir anistia nesse ambiente\u201d, afirmou, em [&hellip;]<\/p>\n","protected":false},"author":5,"featured_media":11398,"comment_status":"open","ping_status":"open","sticky":false,"template":"","format":"standard","meta":{"_seopress_robots_primary_cat":"","_seopress_titles_title":"","_seopress_titles_desc":"","_seopress_robots_index":"","footnotes":""},"categories":[47,1],"tags":[],"class_list":["post-11397","post","type-post","status-publish","format-standard","has-post-thumbnail","hentry","category-politica","category-ultimas-noticias"],"_links":{"self":[{"href":"https:\/\/mussicom.com\/noticias\/wp-json\/wp\/v2\/posts\/11397","targetHints":{"allow":["GET"]}}],"collection":[{"href":"https:\/\/mussicom.com\/noticias\/wp-json\/wp\/v2\/posts"}],"about":[{"href":"https:\/\/mussicom.com\/noticias\/wp-json\/wp\/v2\/types\/post"}],"author":[{"embeddable":true,"href":"https:\/\/mussicom.com\/noticias\/wp-json\/wp\/v2\/users\/5"}],"replies":[{"embeddable":true,"href":"https:\/\/mussicom.com\/noticias\/wp-json\/wp\/v2\/comments?post=11397"}],"version-history":[{"count":0,"href":"https:\/\/mussicom.com\/noticias\/wp-json\/wp\/v2\/posts\/11397\/revisions"}],"wp:featuredmedia":[{"embeddable":true,"href":"https:\/\/mussicom.com\/noticias\/wp-json\/wp\/v2\/media\/11398"}],"wp:attachment":[{"href":"https:\/\/mussicom.com\/noticias\/wp-json\/wp\/v2\/media?parent=11397"}],"wp:term":[{"taxonomy":"category","embeddable":true,"href":"https:\/\/mussicom.com\/noticias\/wp-json\/wp\/v2\/categories?post=11397"},{"taxonomy":"post_tag","embeddable":true,"href":"https:\/\/mussicom.com\/noticias\/wp-json\/wp\/v2\/tags?post=11397"}],"curies":[{"name":"wp","href":"https:\/\/api.w.org\/{rel}","templated":true}]}}