{"id":11386,"date":"2025-04-09T09:09:30","date_gmt":"2025-04-09T12:09:30","guid":{"rendered":"https:\/\/www.mussicom.com\/flamengo-enfrenta-o-central-cordoba-pela-copa-libertadores\/"},"modified":"2025-04-09T09:09:30","modified_gmt":"2025-04-09T12:09:30","slug":"flamengo-enfrenta-o-central-cordoba-pela-copa-libertadores","status":"publish","type":"post","link":"https:\/\/mussicom.com\/noticias\/flamengo-enfrenta-o-central-cordoba-pela-copa-libertadores\/","title":{"rendered":"Flamengo enfrenta o Central C\u00f3rdoba pela Copa Libertadores"},"content":{"rendered":"<p> <br \/>\n<\/p>\n<div>\n<p>O Flamengo entra em campo, a partir das 21h30 (hor\u00e1rio de Bras\u00edlia) desta quarta-feira (9) no est\u00e1dio do Maracan\u00e3, para enfrentar o Central C\u00f3rdoba (Argentina) pela segunda rodada do Grupo C da Copa Libertadores. A <strong>R\u00e1dio Nacional<\/strong> transmite o confronto ao vivo.<img decoding=\"async\" src=\"https:\/\/agenciabrasil.ebc.com.br\/ebc.gif?id=1638078&amp;o=node\" style=\"width:1px; height:1px; display:inline;\"\/><\/p>\n<p>Ocupando a lideran\u00e7a da chave com tr\u00eas pontos, ap\u00f3s estrear com triunfo de 1 a 0 sobre o Deportivo T\u00e1chira (Venezuela), o Rubro-Negro da G\u00e1vea ter\u00e1 pela frente um Central C\u00f3rdoba que divide a vice-lideran\u00e7a do Grupo com a LDU (Equador).<\/p>\n<blockquote class=\"twitter-tweet\">\n<p dir=\"ltr\" lang=\"pt\" xml:lang=\"pt\">Reapresenta\u00e7\u00e3o e foco na 2\u00ba rodada da <a href=\"https:\/\/twitter.com\/LibertadoresBR?ref_src=twsrc%5Etfw\">@libertadoresbr<\/a> \ud83d\udcaa! <a href=\"https:\/\/twitter.com\/hashtag\/CRF?src=hash&amp;ref_src=twsrc%5Etfw\">#CRF<\/a> <a href=\"https:\/\/t.co\/6Xsbvk9oqk\">pic.twitter.com\/6Xsbvk9oqk<\/a><\/p>\n<p>\u2014 Flamengo (@Flamengo) <a href=\"https:\/\/twitter.com\/Flamengo\/status\/1909354400415428761?ref_src=twsrc%5Etfw\">April 7, 2025<\/a><\/p><\/blockquote>\n<p>Para o confronto da Copa Libertadores h\u00e1 a possibilidade de o t\u00e9cnico Filipe Lu\u00eds poupar algumas pe\u00e7as, pensando na sequ\u00eancia da temporada, na qual o Flamengo est\u00e1 se dividindo em diferentes frentes.<\/p>\n<p>Uma expectativa \u00e9 o poss\u00edvel retorno do atacante Pedro, que se recuperou da cirurgia no joelho esquerdo realizada em setembro de 2024. Afastado por um longo per\u00edodo, a torcida espera que, ao menos, o t\u00e9cnico Filipe Lu\u00eds relacione o centroavante para o banco de reservas.<\/p>\n<h2>Transmiss\u00e3o da R\u00e1dio Nacional<\/h2>\n<p>A <strong>R\u00e1dio Nacional<\/strong> transmite Flamengo e Central C\u00f3rdoba com a narra\u00e7\u00e3o de Luciana Zogaib, coment\u00e1rios de Rachel Motta, reportagem de Rodrigo Campos e plant\u00e3o de Luiz Ferreira. Voc\u00ea acompanha o Show de Bola Nacional aqui:<\/p>\n<p><iframe allowfullscreen=\"\" frameborder=\"0\" height=\"115\" src=\"https:\/\/aovivo.ebc.com.br\/embed-audio.html?emissora=radio-nacional-do-rio-de-janeiro\" width=\"340\"><\/iframe><\/p>\n<p>      <!-- Relacionada --><\/p>\n<p>            <!-- Relacionada -->\n    <\/div>\n<p><script async src=\"\/\/platform.twitter.com\/widgets.js\" charset=\"utf-8\"><\/script><br \/>\n<br \/><br \/>\n<br \/>Fonte: <a href=\"https:\/\/agenciabrasil.ebc.com.br\/esportes\/noticia\/2025-04\/flamengo-enfrenta-o-central-cordoba-pela-copa-libertadores\">Ag\u00eancia Brasil<\/a><\/p>\n","protected":false},"excerpt":{"rendered":"<p>O Flamengo entra em campo, a partir das 21h30 (hor\u00e1rio de Bras\u00edlia) desta quarta-feira (9) no est\u00e1dio do Maracan\u00e3, para enfrentar o Central C\u00f3rdoba (Argentina) pela segunda rodada do Grupo C da Copa Libertadores. A R\u00e1dio Nacional transmite o confronto ao vivo. Ocupando a lideran\u00e7a da chave com tr\u00eas pontos, ap\u00f3s estrear com triunfo de [&hellip;]<\/p>\n","protected":false},"author":5,"featured_media":11387,"comment_status":"open","ping_status":"open","sticky":false,"template":"","format":"standard","meta":{"_seopress_robots_primary_cat":"","_seopress_titles_title":"","_seopress_titles_desc":"","_seopress_robots_index":"","footnotes":""},"categories":[40],"tags":[],"class_list":["post-11386","post","type-post","status-publish","format-standard","has-post-thumbnail","hentry","category-esportes"],"_links":{"self":[{"href":"https:\/\/mussicom.com\/noticias\/wp-json\/wp\/v2\/posts\/11386","targetHints":{"allow":["GET"]}}],"collection":[{"href":"https:\/\/mussicom.com\/noticias\/wp-json\/wp\/v2\/posts"}],"about":[{"href":"https:\/\/mussicom.com\/noticias\/wp-json\/wp\/v2\/types\/post"}],"author":[{"embeddable":true,"href":"https:\/\/mussicom.com\/noticias\/wp-json\/wp\/v2\/users\/5"}],"replies":[{"embeddable":true,"href":"https:\/\/mussicom.com\/noticias\/wp-json\/wp\/v2\/comments?post=11386"}],"version-history":[{"count":0,"href":"https:\/\/mussicom.com\/noticias\/wp-json\/wp\/v2\/posts\/11386\/revisions"}],"wp:featuredmedia":[{"embeddable":true,"href":"https:\/\/mussicom.com\/noticias\/wp-json\/wp\/v2\/media\/11387"}],"wp:attachment":[{"href":"https:\/\/mussicom.com\/noticias\/wp-json\/wp\/v2\/media?parent=11386"}],"wp:term":[{"taxonomy":"category","embeddable":true,"href":"https:\/\/mussicom.com\/noticias\/wp-json\/wp\/v2\/categories?post=11386"},{"taxonomy":"post_tag","embeddable":true,"href":"https:\/\/mussicom.com\/noticias\/wp-json\/wp\/v2\/tags?post=11386"}],"curies":[{"name":"wp","href":"https:\/\/api.w.org\/{rel}","templated":true}]}}