{"id":11384,"date":"2025-04-09T09:08:25","date_gmt":"2025-04-09T12:08:25","guid":{"rendered":"https:\/\/www.mussicom.com\/lider-do-uniao-e-cotado-para-o-cargo\/"},"modified":"2025-04-09T09:08:25","modified_gmt":"2025-04-09T12:08:25","slug":"lider-do-uniao-e-cotado-para-o-cargo","status":"publish","type":"post","link":"https:\/\/mussicom.com\/noticias\/lider-do-uniao-e-cotado-para-o-cargo\/","title":{"rendered":"l\u00edder do Uni\u00e3o \u00e9 cotado para o cargo"},"content":{"rendered":"<p> <br \/>\n<\/p>\n<div id=\"hd80s9wa1h892edh8192\">\n<p>O deputado federal Pedro Lucas Fernandes (Uni\u00e3o Brasil-MA) ganhou for\u00e7a como o favorito para ocupar o comando do Minist\u00e9rio das Comunica\u00e7\u00f5es. A substitui\u00e7\u00e3o ganhou tra\u00e7\u00e3o depois da sa\u00edda oficial de Juscelino Filho, denunciado pela Procuradoria-Geral da Rep\u00fablica (<strong>PGR<\/strong>) por envolvimento em um esquema de desvio de emendas parlamentares.<\/p>\n<h2 class=\"wp-block-heading\">Lula quer manter Uni\u00e3o Brasil no Minist\u00e9rio das Comunica\u00e7\u00f5es<\/h2>\n<p>A decis\u00e3o sobre o novo titular deve ser anunciada em breve. Aliados de <strong>Lula<\/strong> confirmam que o presidente pretende manter o Uni\u00e3o Brasil no controle do Minist\u00e9rio das Comunica\u00e7\u00f5es, que tamb\u00e9m \u00e9 respons\u00e1vel pelas pol\u00edticas de radiodifus\u00e3o, telecomunica\u00e7\u00f5es e servi\u00e7os postais. O partido j\u00e1 comanda o Minist\u00e9rio do Turismo, com Celso Sabino, e tem influ\u00eancia na Integra\u00e7\u00e3o e Desenvolvimento Regional, sob comando de Waldez G\u00f3es (PDT).<\/p>\n<p><strong>+ Leia mais not\u00edcias de Pol\u00edtica em Oeste<\/strong><\/p>\n<p>Pedro Lucas, que atualmente lidera a bancada do Uni\u00e3o Brasil na <strong>C\u00e2mara dos Deputados<\/strong>, surge como nome de consenso. Desde fevereiro de 2025, ocupa a lideran\u00e7a do partido na Casa. Foi reeleito em 2022, com 159,7 mil votos, sendo o segundo mais votado do Maranh\u00e3o.<\/p>\n<figure class=\"wp-block-embed is-type-video is-provider-youtube wp-block-embed-youtube wp-embed-aspect-16-9 wp-has-aspect-ratio\">\n<div class=\"wp-block-embed__wrapper\">\n<div class=\"perfmatters-lazy-youtube\" data-src=\"https:\/\/www.youtube.com\/embed\/O5U3szDg9jM\" data-id=\"O5U3szDg9jM\" data-query=\"feature=oembed\" onclick=\"perfmattersLazyLoadYouTube(this);\">\n<div><img fetchpriority=\"high\" decoding=\"async\" src=\"https:\/\/i.ytimg.com\/vi\/O5U3szDg9jM\/hqdefault.jpg\" alt=\"YouTube video\" width=\"480\" height=\"360\" data-pin-nopin=\"true\" nopin=\"nopin\"\/><\/div>\n<\/div>\n<p><noscript><iframe title=\"PT lan\u00e7a curso para milit\u00e2ncia tentar recuperar popularidade de Lula\" width=\"800\" height=\"450\" src=\"https:\/\/www.youtube.com\/embed\/O5U3szDg9jM?feature=oembed\" frameborder=\"0\" allow=\"accelerometer; autoplay; clipboard-write; encrypted-media; gyroscope; picture-in-picture; web-share\" referrerpolicy=\"strict-origin-when-cross-origin\" allowfullscreen><\/iframe><\/noscript>\n<\/div>\n<\/figure>\n<h2 class=\"wp-block-heading\">Carreira pol\u00edtica tem base no Maranh\u00e3o<\/h2>\n<p>Natural de S\u00e3o Lu\u00eds, Pedro Lucas \u00e9 filho do ex-deputado Pedro Fernandes, atual prefeito de Arame (MA). Come\u00e7ou sua trajet\u00f3ria como vereador da capital maranhense, em 2013, pelo antigo PTB (hoje PRD). Tamb\u00e9m presidiu a Ag\u00eancia Executiva Metropolitana, no governo Fl\u00e1vio Dino, com foco em mobilidade, saneamento e res\u00edduos s\u00f3lidos.<\/p>\n<p>Na C\u00e2mara, destacou-se como vice-l\u00edder do governo no Congresso Nacional, entre 2021 e 2022. Atuou em comiss\u00f5es relevantes e foi membro da CPI do \u00d3leo, que apurou o vazamento no litoral nordestino, entre 2019 e 2021.<\/p>\n<p>Na agenda internacional, Pedro Lucas esteve ao lado de Lula em viagem recente \u00e0 \u00c1sia e integrou a comitiva oficial com senadores e ministros. O grupo buscou atrair investimentos e fortalecer rela\u00e7\u00f5es institucionais com pa\u00edses estrat\u00e9gicos.<\/p>\n<\/p><\/div>\n<p><br \/>\n<br \/>Fonte: <a href=\"https:\/\/revistaoeste.com\/politica\/pedro-lucas-lider-do-uniao-brasil-na-camara-e-cotado-para-o-ministerio-das-comunicacoes\/\">Ag\u00eancia Brasil<\/a><\/p>\n","protected":false},"excerpt":{"rendered":"<p>O deputado federal Pedro Lucas Fernandes (Uni\u00e3o Brasil-MA) ganhou for\u00e7a como o favorito para ocupar o comando do Minist\u00e9rio das Comunica\u00e7\u00f5es. A substitui\u00e7\u00e3o ganhou tra\u00e7\u00e3o depois da sa\u00edda oficial de Juscelino Filho, denunciado pela Procuradoria-Geral da Rep\u00fablica (PGR) por envolvimento em um esquema de desvio de emendas parlamentares. Lula quer manter Uni\u00e3o Brasil no Minist\u00e9rio [&hellip;]<\/p>\n","protected":false},"author":5,"featured_media":11385,"comment_status":"open","ping_status":"open","sticky":false,"template":"","format":"standard","meta":{"_seopress_robots_primary_cat":"","_seopress_titles_title":"","_seopress_titles_desc":"","_seopress_robots_index":"","footnotes":""},"categories":[47,1],"tags":[],"class_list":["post-11384","post","type-post","status-publish","format-standard","has-post-thumbnail","hentry","category-politica","category-ultimas-noticias"],"_links":{"self":[{"href":"https:\/\/mussicom.com\/noticias\/wp-json\/wp\/v2\/posts\/11384","targetHints":{"allow":["GET"]}}],"collection":[{"href":"https:\/\/mussicom.com\/noticias\/wp-json\/wp\/v2\/posts"}],"about":[{"href":"https:\/\/mussicom.com\/noticias\/wp-json\/wp\/v2\/types\/post"}],"author":[{"embeddable":true,"href":"https:\/\/mussicom.com\/noticias\/wp-json\/wp\/v2\/users\/5"}],"replies":[{"embeddable":true,"href":"https:\/\/mussicom.com\/noticias\/wp-json\/wp\/v2\/comments?post=11384"}],"version-history":[{"count":0,"href":"https:\/\/mussicom.com\/noticias\/wp-json\/wp\/v2\/posts\/11384\/revisions"}],"wp:featuredmedia":[{"embeddable":true,"href":"https:\/\/mussicom.com\/noticias\/wp-json\/wp\/v2\/media\/11385"}],"wp:attachment":[{"href":"https:\/\/mussicom.com\/noticias\/wp-json\/wp\/v2\/media?parent=11384"}],"wp:term":[{"taxonomy":"category","embeddable":true,"href":"https:\/\/mussicom.com\/noticias\/wp-json\/wp\/v2\/categories?post=11384"},{"taxonomy":"post_tag","embeddable":true,"href":"https:\/\/mussicom.com\/noticias\/wp-json\/wp\/v2\/tags?post=11384"}],"curies":[{"name":"wp","href":"https:\/\/api.w.org\/{rel}","templated":true}]}}