{"id":11349,"date":"2025-04-09T06:06:23","date_gmt":"2025-04-09T09:06:23","guid":{"rendered":"https:\/\/www.mussicom.com\/motta-manobra-para-turbinar-tribunais\/"},"modified":"2025-04-09T06:06:23","modified_gmt":"2025-04-09T09:06:23","slug":"motta-manobra-para-turbinar-tribunais","status":"publish","type":"post","link":"https:\/\/mussicom.com\/noticias\/motta-manobra-para-turbinar-tribunais\/","title":{"rendered":"Motta manobra para turbinar tribunais"},"content":{"rendered":"<p> <br \/>\n<\/p>\n<div id=\"hd80s9wa1h892edh8192\">\n<p>Deputados federais aprovaram, na noite desta ter\u00e7a-feira, 8, a urg\u00eancia de quatro projetos que beneficiam o Poder Judici\u00e1rio. Os esfor\u00e7os da oposi\u00e7\u00e3o n\u00e3o conseguiram impedir o avan\u00e7o das propostas que receberam o aval do col\u00e9gio de l\u00edderes e o apoio do presidente da C\u00e2mara, <strong>H<\/strong><strong>ugo Motta (Republicanos-PB).<\/strong> Segundo Motta, as mat\u00e9rias com urg\u00eancias aprovadas \u201cfazem justi\u00e7a\u201d \u00e0s categorias de servidores p\u00fablicos envolvidas.<\/p>\n<p>Agora, as mudan\u00e7as com benef\u00edcios aos integrantes de Cortes superiores e outras se\u00e7\u00f5es da Justi\u00e7a seguir\u00e3o para a delibera\u00e7\u00e3o do m\u00e9rito em plen\u00e1rio, sem necessidade de tramita\u00e7\u00e3o pelas comiss\u00f5es.<\/p>\n<p><strong>+ Leia mais not\u00edcias de Pol\u00edtica em Oeste<\/strong><\/p>\n<p>O primeiro item da lista de delibera\u00e7\u00f5es, o mais pol\u00eamico entre os projetos, cria 160 fun\u00e7\u00f5es comissionadas para os gabinetes dos ministros do Supremo Tribunal Federal (STF). A urg\u00eancia foi aprovada com 262 votos favor\u00e1veis e 105 contr\u00e1rios. <\/p>\n<figure class=\"wp-block-embed is-type-video is-provider-youtube wp-block-embed-youtube wp-embed-aspect-16-9 wp-has-aspect-ratio\">\n<div class=\"wp-block-embed__wrapper\">\n<div class=\"perfmatters-lazy-youtube\" data-src=\"https:\/\/www.youtube.com\/embed\/IgEFWNoAiog\" data-id=\"IgEFWNoAiog\" data-query=\"feature=oembed\" onclick=\"perfmattersLazyLoadYouTube(this);\">\n<div><img fetchpriority=\"high\" decoding=\"async\" src=\"https:\/\/i.ytimg.com\/vi\/IgEFWNoAiog\/hqdefault.jpg\" alt=\"YouTube video\" width=\"480\" height=\"360\" data-pin-nopin=\"true\" nopin=\"nopin\"\/><\/div>\n<\/div>\n<p><noscript><iframe title=\"&#039;Mais que anistia, presos pol\u00edticos do 8\/1 merecem justi\u00e7a&#039;, defende van Hattem\" width=\"800\" height=\"450\" src=\"https:\/\/www.youtube.com\/embed\/IgEFWNoAiog?feature=oembed\" frameborder=\"0\" allow=\"accelerometer; autoplay; clipboard-write; encrypted-media; gyroscope; picture-in-picture; web-share\" referrerpolicy=\"strict-origin-when-cross-origin\" allowfullscreen><\/iframe><\/noscript>\n<\/div>\n<\/figure>\n<p>Outra proposta visa a modificar o <strong>Superior Tribunal de Justi\u00e7a (STJ)<\/strong><strong>,<\/strong> com o objetivo de transformar 104 cargos vagos de t\u00e9cnico Judici\u00e1rio em 63 cargos de analista. O posto de analista recebe remunera\u00e7\u00e3o superior. A urg\u00eancia da mat\u00e9ria foi aprovada com 259 votos favor\u00e1veis e 113 contr\u00e1rios.<\/p>\n<p>Tamb\u00e9m de autoria do STJ, um dos projetos cria oito varas federais em Santa Catarina. Como consequ\u00eancia, transforma nove cargos de juiz federal substituto em oito de juiz federal permanente. A proposta recebeu 291 votos favor\u00e1veis e 110 contr\u00e1rios, tendo urg\u00eancia aprovada.  <\/p>\n<p>O \u00faltimo item da pauta trata da reestrutura\u00e7\u00e3o dos cargos da magistratura no quadro permanente da Justi\u00e7a Federal da 1\u00aa Regi\u00e3o e da cria\u00e7\u00e3o da 2\u00aa Turma Recursal dos Juizados Especiais Federais na Se\u00e7\u00e3o Judici\u00e1ria do Piau\u00ed. A urg\u00eancia foi aprovada por 272 votos a 113. <\/p>\n<h2 class=\"wp-block-heading\">Motta ignora anistia <\/h2>\n<p>Enquanto manobra para beneficiar o Judici\u00e1rio, ao abrir seu mandato como presidente da C\u00e2mara, Motta segue irredut\u00edvel sobre a vota\u00e7\u00e3o da anistia aos presos do 8 de janeiro. Membros da oposi\u00e7\u00e3o dizem que o paraibano est\u00e1 sendo chantageado pelo STF e pela Pol\u00edcia Federal.<\/p>\n<p>O vice-l\u00edder da oposi\u00e7\u00e3o na C\u00e2mara dos Deputados, Maur\u00edcio Marcon (Podemos-RS), afirmou \u2014 com exclusividade a<strong> Oeste<\/strong> \u2014 que integrantes do<strong> STF<\/strong> est\u00e3o pressionando a C\u00e2mara dos Deputados com o objetivo de barrar o avan\u00e7o da proposta que prev\u00ea a anistia aos presos pelo 8 de janeiro.<\/p>\n<p>\u201cAcredito que o maior obst\u00e1culo seja, de fato, o <em>lobby<\/em>\u201c, disse Marcon. Segundo o deputado, a press\u00e3o para que l\u00edderes n\u00e3o apoiem a anistia ocorre \u201cn\u00e3o apenas por parte do governo, mas sobretudo do STF\u201d.<\/p>\n<blockquote class=\"wp-block-quote is-layout-flow wp-block-quote-is-layout-flow\">\n<p>\u201cDentro desse<em> lobby<\/em>, parece haver tamb\u00e9m chantagem\u201d, afirmou o congressista. \u201cNot\u00edcias sobre processos envolvendo o presidente Hugo Motta t\u00eam surgido com frequ\u00eancia, incluindo opera\u00e7\u00f5es da Pol\u00edcia Federal contra um prefeito ligado a ele.\u201d<\/p>\n<\/blockquote>\n<p><strong>Leia tamb\u00e9m: \u201c<em>Lobby<\/em> do STF \u00e9 obst\u00e1culo para anistia\u2019, diz vice-l\u00edder da oposi\u00e7\u00e3o\u201d<\/strong><\/p>\n<\/p><\/div>\n<p><br \/>\n<br \/>Fonte: <a href=\"https:\/\/revistaoeste.com\/politica\/motta-manobra-para-turbinar-tribunais\/\">Ag\u00eancia Brasil<\/a><\/p>\n","protected":false},"excerpt":{"rendered":"<p>Deputados federais aprovaram, na noite desta ter\u00e7a-feira, 8, a urg\u00eancia de quatro projetos que beneficiam o Poder Judici\u00e1rio. Os esfor\u00e7os da oposi\u00e7\u00e3o n\u00e3o conseguiram impedir o avan\u00e7o das propostas que receberam o aval do col\u00e9gio de l\u00edderes e o apoio do presidente da C\u00e2mara, Hugo Motta (Republicanos-PB). Segundo Motta, as mat\u00e9rias com urg\u00eancias aprovadas \u201cfazem [&hellip;]<\/p>\n","protected":false},"author":5,"featured_media":11350,"comment_status":"open","ping_status":"open","sticky":false,"template":"","format":"standard","meta":{"_seopress_robots_primary_cat":"","_seopress_titles_title":"","_seopress_titles_desc":"","_seopress_robots_index":"","footnotes":""},"categories":[47,1],"tags":[],"class_list":["post-11349","post","type-post","status-publish","format-standard","has-post-thumbnail","hentry","category-politica","category-ultimas-noticias"],"_links":{"self":[{"href":"https:\/\/mussicom.com\/noticias\/wp-json\/wp\/v2\/posts\/11349","targetHints":{"allow":["GET"]}}],"collection":[{"href":"https:\/\/mussicom.com\/noticias\/wp-json\/wp\/v2\/posts"}],"about":[{"href":"https:\/\/mussicom.com\/noticias\/wp-json\/wp\/v2\/types\/post"}],"author":[{"embeddable":true,"href":"https:\/\/mussicom.com\/noticias\/wp-json\/wp\/v2\/users\/5"}],"replies":[{"embeddable":true,"href":"https:\/\/mussicom.com\/noticias\/wp-json\/wp\/v2\/comments?post=11349"}],"version-history":[{"count":0,"href":"https:\/\/mussicom.com\/noticias\/wp-json\/wp\/v2\/posts\/11349\/revisions"}],"wp:featuredmedia":[{"embeddable":true,"href":"https:\/\/mussicom.com\/noticias\/wp-json\/wp\/v2\/media\/11350"}],"wp:attachment":[{"href":"https:\/\/mussicom.com\/noticias\/wp-json\/wp\/v2\/media?parent=11349"}],"wp:term":[{"taxonomy":"category","embeddable":true,"href":"https:\/\/mussicom.com\/noticias\/wp-json\/wp\/v2\/categories?post=11349"},{"taxonomy":"post_tag","embeddable":true,"href":"https:\/\/mussicom.com\/noticias\/wp-json\/wp\/v2\/tags?post=11349"}],"curies":[{"name":"wp","href":"https:\/\/api.w.org\/{rel}","templated":true}]}}