{"id":11230,"date":"2025-04-08T18:48:34","date_gmt":"2025-04-08T21:48:34","guid":{"rendered":"https:\/\/mussicom.com\/defesa-de-idosa-denuncia-violacao-de-direitos-humanos\/"},"modified":"2025-04-08T18:48:34","modified_gmt":"2025-04-08T21:48:34","slug":"defesa-de-idosa-denuncia-violacao-de-direitos-humanos","status":"publish","type":"post","link":"https:\/\/mussicom.com\/noticias\/defesa-de-idosa-denuncia-violacao-de-direitos-humanos\/","title":{"rendered":"defesa de idosa denuncia viola\u00e7\u00e3o de direitos humanos"},"content":{"rendered":"<p> <br \/>\n<\/p>\n<div id=\"hd80s9wa1h892edh8192\">\n<p>A defesa de Adalgiza Maria Dourado, de 65 anos, condenada em raz\u00e3o dos atos do 8 de janeiro de 2023, acionou a Organiza\u00e7\u00e3o dos Estados Americanos (OEA) para denunciar a viola\u00e7\u00e3o de direitos humanos da idosa.<\/p>\n<p><strong>+ Leia mais not\u00edcias de Pol\u00edtica em Oeste<\/strong><\/p>\n<p>Conforme noticiou <strong>Oeste<\/strong>, <strong>o advogado Luiz Felipe da Cunha j\u00e1 havia levado o caso \u00e0 OEA anteriormente<\/strong>, depois de constatar que a idosa n\u00e3o consegue se alimentar corretamente. Isso ocorre em raz\u00e3o da m\u00e1 qualidade da comida que \u00e9 oferecida no Pres\u00eddio Feminino do Distrito Federal, conhecido como Colmeia.<\/p>\n<figure class=\"wp-block-embed is-type-video is-provider-youtube wp-block-embed-youtube wp-embed-aspect-16-9 wp-has-aspect-ratio\">\n<div class=\"wp-block-embed__wrapper\">\n<div class=\"perfmatters-lazy-youtube\" data-src=\"https:\/\/www.youtube.com\/embed\/FYvY-78INSE\" data-id=\"FYvY-78INSE\" data-query=\"feature=oembed\" onclick=\"perfmattersLazyLoadYouTube(this);\">\n<div><img fetchpriority=\"high\" decoding=\"async\" src=\"https:\/\/i.ytimg.com\/vi\/FYvY-78INSE\/hqdefault.jpg\" alt=\"YouTube video\" width=\"480\" height=\"360\" data-pin-nopin=\"true\" nopin=\"nopin\"\/><\/div>\n<\/div>\n<p><noscript><iframe title=\"Os exilados pol\u00edticos do 8 de janeiro - reportagem especial de Oeste\" width=\"800\" height=\"450\" src=\"https:\/\/www.youtube.com\/embed\/FYvY-78INSE?feature=oembed\" frameborder=\"0\" allow=\"accelerometer; autoplay; clipboard-write; encrypted-media; gyroscope; picture-in-picture; web-share\" referrerpolicy=\"strict-origin-when-cross-origin\" allowfullscreen><\/iframe><\/noscript>\n<\/div>\n<\/figure>\n<p>Agora, Cunha denuncia a \u201cfalta de atendimento m\u00e9dico, psicol\u00f3gico e psiqui\u00e1trico\u201d. <strong>Adalgiza tem de lutar contra a depress\u00e3o profunda, os pensamentos suicidas, o choro constante, as crises de ansiedade e as comorbidades dentro da cadeia<\/strong>.<\/p>\n<h2 class=\"wp-block-heading\">Pres\u00eddio n\u00e3o oferece tratamento adequado para condenada pelo 8 de janeiro<\/h2>\n<p>A defesa da idosa afirma que o pres\u00eddio \u201cn\u00e3o oferece tratamento adequado, o que agrava o quadro de sa\u00fade da idosa\u201d. De acordo com Cunha, os atendimentos m\u00e9dicos e psicol\u00f3gicos s\u00e3o solicitados desde de dezembro de 2024. \u201cNenhum deles foi realizado\u201d, afirma o advogado, na den\u00fancia.<\/p>\n<p>Al\u00e9m disso, Cunha afirma que h\u00e1 informa\u00e7\u00f5es falsas no prontu\u00e1rio m\u00e9dico de Adalgiza. Em uma consulta realizada em outubro de 2024, por exemplo, o m\u00e9dico afirma que a paciente \u201cn\u00e3o apresentava queixas ps\u00edquicas\u201d. De acordo com o advogado, essas informa\u00e7\u00f5es \u201cn\u00e3o s\u00e3o verdadeiras\u201d.<\/p>\n<h2 class=\"wp-block-heading\">Tratamentos negados<\/h2>\n<p>Conforme Cunha, a Vara de Execu\u00e7\u00f5es Penais (VEP) sempre autorizou os tratamentos necess\u00e1rios para Adalgiza. O pres\u00eddio, contudo, \u201cse nega a conceder consultas m\u00e9dicas desde dezembro de 2024\u201d.<\/p>\n<p>O documento da den\u00fancia tamb\u00e9m afirma que os m\u00e9dicos t\u00eam prescrito \u201cmedicamentos fortes\u201d para Adalgiza. Segundo Cunha, isso tem elevado o quadro de depress\u00e3o da idosa, \u201cbem como seu pensamento de suididio\u201d.<\/p>\n<p><strong>A defesa de Adalgiza solicita \u00e0 OEA que:<\/strong><\/p>\n<ul>\n<li>o caso seja tratado com urg\u00eancia, \u201cem virtude da vulnerabilidade e do risco de morte\u201d;<\/li>\n<li>o pres\u00eddio seja notificado e responsabilizado \u201cpelo descaso e pela falta de atendimento m\u00e9dico\u201d;<\/li>\n<li>a OEA \u201crecomende ao Estado brasileiro a concess\u00e3o imediata da pris\u00e3o domiciliar humanit\u00e1ria, conforme previsto em tratados internacionais e na Constitui\u00e7\u00e3o Federal\u201d;<\/li>\n<li>se apure \u201ca ilegalidade da decis\u00e3o que retirou a compet\u00eancia da VEP\u201d; e<\/li>\n<li>a OEA \u201creconhe\u00e7a e denuncie a grave viola\u00e7\u00e3o de liberdade de express\u00e3o e de direitos humanos\u201d.<\/li>\n<\/ul>\n<h2 class=\"wp-block-heading\">Clez\u00e3o<\/h2>\n<p>Em entrevista \u00e0 edi\u00e7\u00e3o da \u00faltima quinta-feira, 3, do <strong>Jornal da Oeste<\/strong>, Cunha afirmou que, se nada for feito, <strong>\u201cAdalgiza poder\u00e1 ser mais um Clez\u00e3o\u201d<\/strong>.<\/p>\n<figure class=\"wp-block-image aligncenter size-full\"><picture><source data-srcset=\"https:\/\/medias.revistaoeste.com\/wp-content\/uploads\/2024\/11\/cleriston-pereira-da-cunha-46-morreu-apos-ter-um-mal-subito-durante-banho-de-sol-na-papuda-1700511345617_v2_3x4-scaled.jpg.webp 1920w, https:\/\/medias.revistaoeste.com\/wp-content\/uploads\/2024\/11\/cleriston-pereira-da-cunha-46-morreu-apos-ter-um-mal-subito-durante-banho-de-sol-na-papuda-1700511345617_v2_3x4-225x300.jpg.webp 225w, https:\/\/medias.revistaoeste.com\/wp-content\/uploads\/2024\/11\/cleriston-pereira-da-cunha-46-morreu-apos-ter-um-mal-subito-durante-banho-de-sol-na-papuda-1700511345617_v2_3x4-300x400.jpg.webp 300w, https:\/\/medias.revistaoeste.com\/wp-content\/uploads\/2024\/11\/cleriston-pereira-da-cunha-46-morreu-apos-ter-um-mal-subito-durante-banho-de-sol-na-papuda-1700511345617_v2_3x4-640x853.jpg.webp 640w, https:\/\/medias.revistaoeste.com\/wp-content\/uploads\/2024\/11\/cleriston-pereira-da-cunha-46-morreu-apos-ter-um-mal-subito-durante-banho-de-sol-na-papuda-1700511345617_v2_3x4-150x200.jpg.webp 150w\" data-sizes=\"(max-width: 1920px) 100vw, 1920px\" type=\"image\/webp\"><img alt=\"\" decoding=\"async\" width=\"1920\" height=\"2560\" alt=\"\" class=\"wp-image-1727774 perfmatters-lazy\" data-eio=\"p\" src=\"https:\/\/medias.revistaoeste.com\/wp-content\/uploads\/2024\/11\/cleriston-pereira-da-cunha-46-morreu-apos-ter-um-mal-subito-durante-banho-de-sol-na-papuda-1700511345617_v2_3x4-scaled.jpg\" srcset=\"https:\/\/medias.revistaoeste.com\/wp-content\/uploads\/2024\/11\/cleriston-pereira-da-cunha-46-morreu-apos-ter-um-mal-subito-durante-banho-de-sol-na-papuda-1700511345617_v2_3x4-scaled.jpg 1920w, https:\/\/medias.revistaoeste.com\/wp-content\/uploads\/2024\/11\/cleriston-pereira-da-cunha-46-morreu-apos-ter-um-mal-subito-durante-banho-de-sol-na-papuda-1700511345617_v2_3x4-225x300.jpg 225w, https:\/\/medias.revistaoeste.com\/wp-content\/uploads\/2024\/11\/cleriston-pereira-da-cunha-46-morreu-apos-ter-um-mal-subito-durante-banho-de-sol-na-papuda-1700511345617_v2_3x4-300x400.jpg 300w, https:\/\/medias.revistaoeste.com\/wp-content\/uploads\/2024\/11\/cleriston-pereira-da-cunha-46-morreu-apos-ter-um-mal-subito-durante-banho-de-sol-na-papuda-1700511345617_v2_3x4-640x853.jpg 640w, https:\/\/medias.revistaoeste.com\/wp-content\/uploads\/2024\/11\/cleriston-pereira-da-cunha-46-morreu-apos-ter-um-mal-subito-durante-banho-de-sol-na-papuda-1700511345617_v2_3x4-150x200.jpg 150w\" data-sizes=\"(max-width: 1920px) 100vw, 1920px\"\/><img alt=\"\" decoding=\"async\" width=\"1920\" height=\"2560\" src=\"https:\/\/medias.revistaoeste.com\/wp-content\/uploads\/2024\/11\/cleriston-pereira-da-cunha-46-morreu-apos-ter-um-mal-subito-durante-banho-de-sol-na-papuda-1700511345617_v2_3x4-scaled.jpg\" alt=\"\" class=\"wp-image-1727774\" srcset=\"https:\/\/medias.revistaoeste.com\/wp-content\/uploads\/2024\/11\/cleriston-pereira-da-cunha-46-morreu-apos-ter-um-mal-subito-durante-banho-de-sol-na-papuda-1700511345617_v2_3x4-scaled.jpg 1920w, https:\/\/medias.revistaoeste.com\/wp-content\/uploads\/2024\/11\/cleriston-pereira-da-cunha-46-morreu-apos-ter-um-mal-subito-durante-banho-de-sol-na-papuda-1700511345617_v2_3x4-225x300.jpg 225w, https:\/\/medias.revistaoeste.com\/wp-content\/uploads\/2024\/11\/cleriston-pereira-da-cunha-46-morreu-apos-ter-um-mal-subito-durante-banho-de-sol-na-papuda-1700511345617_v2_3x4-300x400.jpg 300w, https:\/\/medias.revistaoeste.com\/wp-content\/uploads\/2024\/11\/cleriston-pereira-da-cunha-46-morreu-apos-ter-um-mal-subito-durante-banho-de-sol-na-papuda-1700511345617_v2_3x4-640x853.jpg 640w, https:\/\/medias.revistaoeste.com\/wp-content\/uploads\/2024\/11\/cleriston-pereira-da-cunha-46-morreu-apos-ter-um-mal-subito-durante-banho-de-sol-na-papuda-1700511345617_v2_3x4-150x200.jpg 150w\" sizes=\"(max-width: 1920px) 100vw, 1920px\" data-eio=\"p\"\/><\/source><\/picture><figcaption class=\"wp-element-caption\">Cleriston Pereira da Cunha, o \u2018Clez\u00e3o\u2019, morreu depois de ter um mal subito durante banho de sol na Papuda | Foto: Reprodu\u00e7\u00e3o\/Redes sociais<\/figcaption><\/figure>\n<p>A morte de Cleriston Pereira da Cunha, o Clez\u00e3o, aconteceu dois meses depois de a Procuradoria-Geral da Rep\u00fablica concordar com um pedido de liberdade apresentado pela defesa. Contudo, Moraes, que era o relator do caso, n\u00e3o apreciou o pedido. Ele tomava medica\u00e7\u00e3o controlada.<\/p>\n<p><related-posts class=\"border-y border-gray-300 py-5\"><\/p>\n<h2 class=\"!text-2xl text-black font-primary font-semibold leading-none mb-3\">\n    Leia tamb\u00e9m:<br \/>\n  <\/h2>\n<p><\/related-posts><\/p><\/div>\n<p><br \/>\n<br \/>Fonte: <a href=\"https:\/\/revistaoeste.com\/politica\/defesa-de-idosa-condenada-pelo-8-de-janeiro-aciona-oea-para-denunciar-violacao-de-direitos-humanos\/\">Ag\u00eancia Brasil<\/a><\/p>\n","protected":false},"excerpt":{"rendered":"<p>A defesa de Adalgiza Maria Dourado, de 65 anos, condenada em raz\u00e3o dos atos do 8 de janeiro de 2023, acionou a Organiza\u00e7\u00e3o dos Estados Americanos (OEA) para denunciar a viola\u00e7\u00e3o de direitos humanos da idosa. + Leia mais not\u00edcias de Pol\u00edtica em Oeste Conforme noticiou Oeste, o advogado Luiz Felipe da Cunha j\u00e1 havia [&hellip;]<\/p>\n","protected":false},"author":5,"featured_media":11231,"comment_status":"open","ping_status":"open","sticky":false,"template":"","format":"standard","meta":{"_seopress_robots_primary_cat":"","_seopress_titles_title":"","_seopress_titles_desc":"","_seopress_robots_index":"","footnotes":""},"categories":[47,1],"tags":[],"class_list":["post-11230","post","type-post","status-publish","format-standard","has-post-thumbnail","hentry","category-politica","category-ultimas-noticias"],"_links":{"self":[{"href":"https:\/\/mussicom.com\/noticias\/wp-json\/wp\/v2\/posts\/11230","targetHints":{"allow":["GET"]}}],"collection":[{"href":"https:\/\/mussicom.com\/noticias\/wp-json\/wp\/v2\/posts"}],"about":[{"href":"https:\/\/mussicom.com\/noticias\/wp-json\/wp\/v2\/types\/post"}],"author":[{"embeddable":true,"href":"https:\/\/mussicom.com\/noticias\/wp-json\/wp\/v2\/users\/5"}],"replies":[{"embeddable":true,"href":"https:\/\/mussicom.com\/noticias\/wp-json\/wp\/v2\/comments?post=11230"}],"version-history":[{"count":0,"href":"https:\/\/mussicom.com\/noticias\/wp-json\/wp\/v2\/posts\/11230\/revisions"}],"wp:featuredmedia":[{"embeddable":true,"href":"https:\/\/mussicom.com\/noticias\/wp-json\/wp\/v2\/media\/11231"}],"wp:attachment":[{"href":"https:\/\/mussicom.com\/noticias\/wp-json\/wp\/v2\/media?parent=11230"}],"wp:term":[{"taxonomy":"category","embeddable":true,"href":"https:\/\/mussicom.com\/noticias\/wp-json\/wp\/v2\/categories?post=11230"},{"taxonomy":"post_tag","embeddable":true,"href":"https:\/\/mussicom.com\/noticias\/wp-json\/wp\/v2\/tags?post=11230"}],"curies":[{"name":"wp","href":"https:\/\/api.w.org\/{rel}","templated":true}]}}