{"id":11073,"date":"2025-04-08T05:35:54","date_gmt":"2025-04-08T08:35:54","guid":{"rendered":"https:\/\/mussicom.com\/usp-e-cebrap-contabilizam-45-mil-pessoas-em-ato-com-bolsonaro\/"},"modified":"2025-04-08T05:35:54","modified_gmt":"2025-04-08T08:35:54","slug":"usp-e-cebrap-contabilizam-45-mil-pessoas-em-ato-com-bolsonaro","status":"publish","type":"post","link":"https:\/\/mussicom.com\/noticias\/usp-e-cebrap-contabilizam-45-mil-pessoas-em-ato-com-bolsonaro\/","title":{"rendered":"USP e Cebrap contabilizam 45 mil pessoas em ato com Bolsonaro"},"content":{"rendered":"<p> <br \/>\n<\/p>\n<div id=\"hd80s9wa1h892edh8192\">\n<p>Entidades ligadas a institui\u00e7\u00f5es acad\u00eamicas afirmam que o ato com o ex-presidente Jair Bolsonaro e seus aliados, realizado neste domingo, 6, na Avenida Paulista, em S\u00e3o Paulo, reuniu apenas 44,9 mil pessoas. A contagem foi feita com base em fotos a\u00e9reas analisadas por meio de intelig\u00eancia artificial.<\/p>\n<p><strong>+ Leia mais not\u00edcias de Pol\u00edtica em Oeste <\/strong><\/p>\n<p>O Monitor do Debate Pol\u00edtico no Meio Digital, do Cebrap, e a ONG More in Common, supervisionada pela <strong>USP<\/strong>, divulgaram a estimativa. Segundo as entidades, o c\u00e1lculo tem margem de erro de 5,4 mil pessoas, para mais ou para menos.<\/p>\n<p>Nesse sentido, a an\u00e1lise coincide com o levantamento do Datafolha, instituto de pesquisa do Grupo Folha, que contabilizou 55 mil pessoas na Paulista. Questionada pela CNN Brasil, a Pol\u00edcia Militar de S\u00e3o Paulo disse que n\u00e3o vai divulgar a estimativa de p\u00fablico.<\/p>\n<h2 class=\"wp-block-heading\"><strong>Michelle Bolsonaro cita D\u00e9bora dos Santos <\/strong><\/h2>\n<p><strong>Neste domingo, manifestantes come\u00e7aram a se reunir pela manh\u00e3 nos arredores do Masp para pedir anistia a presos e condenados pelos atos do 8 de janeiro. O protesto ocorreu de forma pac\u00edfica, com muitos participantes de camisetas verdes e amarelas.<\/strong><\/p>\n<p>Um dos destaques foi a cabeleireira D\u00e9bora dos Santos, que cumpre pris\u00e3o domiciliar por decis\u00e3o da Justi\u00e7a, depois de um pedido da Procuradoria-Geral da Rep\u00fablica.<\/p>\n<p>Ela ficou conhecida por escrever, com batom vermelho, a frase \u201cperdeu, man\u00e9\u201d na est\u00e1tua da Justi\u00e7a, em Bras\u00edlia, durante as manifesta\u00e7\u00f5es do 8 de janeiro. A Pol\u00edcia Federal, no \u00e2mbito da Opera\u00e7\u00e3o Lesa P\u00e1tria, realizou a pris\u00e3o de D\u00e9bora em 17 de mar\u00e7o de 2023.<\/p>\n<p><strong>+ Leia tamb\u00e9m: \u201c\u2018D\u00e9bora dos Santos se tornou um s\u00edmbolo de luta pela Justi\u00e7a\u2019, afirma Michelle Bolsonaro\u201d <\/strong><\/p>\n<p>Enquanto segurava um batom, a ex-primeira-dama Michelle Bolsonaro afirmou: \u201cD\u00e9bora dos Santos se tornou um s\u00edmbolo da luta pela justi\u00e7a no Brasil.\u201d<\/p>\n<p>A presidente do PL Mulher tamb\u00e9m citou Adalgiza Maria Dourado, de 65 anos, condenada a 14 anos de pris\u00e3o pelo ministro Alexandre de Moraes, do Supremo Tribunal Federal. Dentro da cadeia, a idosa luta contra crises de ansiedade e depress\u00e3o profunda.<\/p>\n<figure class=\"wp-block-embed aligncenter is-type-video is-provider-youtube wp-block-embed-youtube wp-embed-aspect-16-9 wp-has-aspect-ratio\">\n<div class=\"wp-block-embed__wrapper\">\n<div class=\"perfmatters-lazy-youtube\" data-src=\"https:\/\/www.youtube.com\/embed\/_iEIqxVHsgE\" data-id=\"_iEIqxVHsgE\" data-query=\"feature=oembed\" onclick=\"perfmattersLazyLoadYouTube(this);\">\n<div><img fetchpriority=\"high\" decoding=\"async\" src=\"https:\/\/i.ytimg.com\/vi\/_iEIqxVHsgE\/hqdefault.jpg\" alt=\"YouTube video\" width=\"480\" height=\"360\" data-pin-nopin=\"true\" nopin=\"nopin\"\/><\/div>\n<\/div>\n<p><noscript><iframe title=\"POVO NA RUA POR ANISTIA J\u00c1 - MANIFESTA\u00c7\u00c3O NA AV. PAULISTA - COBERTURA ESPECIAL DA OESTE, \u00c0S 13H\" width=\"800\" height=\"450\" src=\"https:\/\/www.youtube.com\/embed\/_iEIqxVHsgE?feature=oembed\" frameborder=\"0\" allow=\"accelerometer; autoplay; clipboard-write; encrypted-media; gyroscope; picture-in-picture; web-share\" referrerpolicy=\"strict-origin-when-cross-origin\" allowfullscreen><\/iframe><\/noscript>\n<\/div>\n<\/figure><\/div>\n<p><br \/>\n<br \/>Fonte: <a href=\"https:\/\/revistaoeste.com\/politica\/usp-e-cebrap-contabilizam-45-mil-pessoas-em-ato-com-bolsonaro\/\">Ag\u00eancia Brasil<\/a><\/p>\n","protected":false},"excerpt":{"rendered":"<p>Entidades ligadas a institui\u00e7\u00f5es acad\u00eamicas afirmam que o ato com o ex-presidente Jair Bolsonaro e seus aliados, realizado neste domingo, 6, na Avenida Paulista, em S\u00e3o Paulo, reuniu apenas 44,9 mil pessoas. A contagem foi feita com base em fotos a\u00e9reas analisadas por meio de intelig\u00eancia artificial. + Leia mais not\u00edcias de Pol\u00edtica em Oeste [&hellip;]<\/p>\n","protected":false},"author":5,"featured_media":11074,"comment_status":"open","ping_status":"open","sticky":false,"template":"","format":"standard","meta":{"_seopress_robots_primary_cat":"","_seopress_titles_title":"","_seopress_titles_desc":"","_seopress_robots_index":"","footnotes":""},"categories":[47,1],"tags":[],"class_list":["post-11073","post","type-post","status-publish","format-standard","has-post-thumbnail","hentry","category-politica","category-ultimas-noticias"],"_links":{"self":[{"href":"https:\/\/mussicom.com\/noticias\/wp-json\/wp\/v2\/posts\/11073","targetHints":{"allow":["GET"]}}],"collection":[{"href":"https:\/\/mussicom.com\/noticias\/wp-json\/wp\/v2\/posts"}],"about":[{"href":"https:\/\/mussicom.com\/noticias\/wp-json\/wp\/v2\/types\/post"}],"author":[{"embeddable":true,"href":"https:\/\/mussicom.com\/noticias\/wp-json\/wp\/v2\/users\/5"}],"replies":[{"embeddable":true,"href":"https:\/\/mussicom.com\/noticias\/wp-json\/wp\/v2\/comments?post=11073"}],"version-history":[{"count":0,"href":"https:\/\/mussicom.com\/noticias\/wp-json\/wp\/v2\/posts\/11073\/revisions"}],"wp:featuredmedia":[{"embeddable":true,"href":"https:\/\/mussicom.com\/noticias\/wp-json\/wp\/v2\/media\/11074"}],"wp:attachment":[{"href":"https:\/\/mussicom.com\/noticias\/wp-json\/wp\/v2\/media?parent=11073"}],"wp:term":[{"taxonomy":"category","embeddable":true,"href":"https:\/\/mussicom.com\/noticias\/wp-json\/wp\/v2\/categories?post=11073"},{"taxonomy":"post_tag","embeddable":true,"href":"https:\/\/mussicom.com\/noticias\/wp-json\/wp\/v2\/tags?post=11073"}],"curies":[{"name":"wp","href":"https:\/\/api.w.org\/{rel}","templated":true}]}}