{"id":11038,"date":"2025-04-08T01:49:10","date_gmt":"2025-04-08T04:49:10","guid":{"rendered":"https:\/\/www.mussicom.com\/dolar-sobe-e-volta-a-ficar-acima-dos-r-590\/"},"modified":"2025-04-08T01:49:10","modified_gmt":"2025-04-08T04:49:10","slug":"dolar-sobe-e-volta-a-ficar-acima-dos-r-590","status":"publish","type":"post","link":"https:\/\/mussicom.com\/noticias\/dolar-sobe-e-volta-a-ficar-acima-dos-r-590\/","title":{"rendered":"D\u00f3lar sobe e volta a ficar acima dos R$ 5,90"},"content":{"rendered":"<p> <br \/>\n<\/p>\n<div id=\"hd80s9wa1h892edh8192\">\n<p>O d\u00f3lar subiu 1,29% nesta segunda-feira, 7, e fechou a R$ 5,91, maior valor desde fevereiro. O Ibovespa, principal \u00edndice da B3, a Bolsa de Valores de S\u00e3o Paulo, caiu 1,31% e chegou aos 125.588 pontos. A instabilidade refletiu o <strong>pacote de tarifas<\/strong> anunciado pelos Estados Unidos, sob o governo de Donald Trump.<\/p>\n<p><strong>+ Leia mais not\u00edcias de Economia em Oeste<\/strong><\/p>\n<p>Rumores sobre uma poss\u00edvel suspens\u00e3o de 90 dias nas tarifas animaram os mercados no in\u00edcio do dia. O Nasdaq subiu 8% e o S&amp;P500, 6%. Mas a Casa Branca negou a informa\u00e7\u00e3o, e os \u00edndices fecharam inst\u00e1veis: S&amp;P500 caiu 0,8%, Dow Jones recuou 0,91% e o Nasdaq Composite avan\u00e7ou 0,1%.<\/p>\n<h2 class=\"wp-block-heading\"><strong>Al\u00e9m do aumento do d\u00f3lar, \u201ctarifa\u00e7o\u201d pressiona mercados<\/strong><\/h2>\n<p>Trump imp\u00f4s tarifa-base de 10% sobre todos os produtos importados, com sobretaxas espec\u00edficas: China (34%), Uni\u00e3o Europeia (20%), Jap\u00e3o (24%) e Brasil (10%). Ao todo, 186 economias foram atingidas.<\/p>\n<p><strong>Saiba mais: \u201cTrump endurece discurso e defende tarifas contra China\u201d<\/strong><\/p>\n<p>A China reagiu com tarifas retaliat\u00f3rias que entram em vigor na quinta-feira 10. Em resposta, Trump amea\u00e7ou nova tarifa de 50% sobre o pa\u00eds e suspendeu negocia\u00e7\u00f5es. <\/p>\n<figure class=\"wp-block-embed is-type-video is-provider-youtube wp-block-embed-youtube wp-embed-aspect-16-9 wp-has-aspect-ratio\">\n<div class=\"wp-block-embed__wrapper\">\n<div class=\"perfmatters-lazy-youtube\" data-src=\"https:\/\/www.youtube.com\/embed\/yWiCRV6AayE\" data-id=\"yWiCRV6AayE\" data-query=\"feature=oembed\" onclick=\"perfmattersLazyLoadYouTube(this);\">\n<div><img fetchpriority=\"high\" decoding=\"async\" src=\"https:\/\/i.ytimg.com\/vi\/yWiCRV6AayE\/hqdefault.jpg\" alt=\"YouTube video\" width=\"480\" height=\"360\" data-pin-nopin=\"true\" nopin=\"nopin\"\/><\/div>\n<\/div>\n<p><noscript><iframe title=\"A PALAVRA FINAL, COM ALEXANDRE GARCIA - 04\/04\/2025\" width=\"800\" height=\"450\" src=\"https:\/\/www.youtube.com\/embed\/yWiCRV6AayE?feature=oembed\" frameborder=\"0\" allow=\"accelerometer; autoplay; clipboard-write; encrypted-media; gyroscope; picture-in-picture; web-share\" referrerpolicy=\"strict-origin-when-cross-origin\" allowfullscreen><\/iframe><\/noscript>\n<\/div>\n<\/figure>\n<p>A tarifa m\u00e9dia dos EUA subiu para 22,5%, segundo a <strong>Fitch Ratings<\/strong>, o maior n\u00edvel em mais de um s\u00e9culo. Analistas apontam risco crescente de recess\u00e3o. O banco norte-americano JPMorgan elevou essa possibilidade de 40% para 60% em uma semana.<\/p>\n<p>A retalia\u00e7\u00e3o chinesa consolidou a guerra comercial. Canad\u00e1, Jap\u00e3o e Uni\u00e3o Europeia estudam medidas de resposta. <\/p>\n<p><related-posts class=\"border-y border-gray-300 py-5\"><\/p>\n<h2 class=\"!text-2xl text-black font-primary font-semibold leading-none mb-3\">\n    Leia tamb\u00e9m:<br \/>\n  <\/h2>\n<p><\/related-posts><\/p><\/div>\n<p><br \/>\n<br \/>Fonte: <a href=\"https:\/\/revistaoeste.com\/economia\/dolar-sobe-e-volta-a-ficar-acima-dos-r-590\/\">Revista oeste<\/a><\/p>\n","protected":false},"excerpt":{"rendered":"<p>O d\u00f3lar subiu 1,29% nesta segunda-feira, 7, e fechou a R$ 5,91, maior valor desde fevereiro. O Ibovespa, principal \u00edndice da B3, a Bolsa de Valores de S\u00e3o Paulo, caiu 1,31% e chegou aos 125.588 pontos. A instabilidade refletiu o pacote de tarifas anunciado pelos Estados Unidos, sob o governo de Donald Trump. + Leia [&hellip;]<\/p>\n","protected":false},"author":5,"featured_media":11039,"comment_status":"open","ping_status":"open","sticky":false,"template":"","format":"standard","meta":{"_seopress_robots_primary_cat":"","_seopress_titles_title":"","_seopress_titles_desc":"","_seopress_robots_index":"","footnotes":""},"categories":[45],"tags":[],"class_list":["post-11038","post","type-post","status-publish","format-standard","has-post-thumbnail","hentry","category-economia"],"_links":{"self":[{"href":"https:\/\/mussicom.com\/noticias\/wp-json\/wp\/v2\/posts\/11038","targetHints":{"allow":["GET"]}}],"collection":[{"href":"https:\/\/mussicom.com\/noticias\/wp-json\/wp\/v2\/posts"}],"about":[{"href":"https:\/\/mussicom.com\/noticias\/wp-json\/wp\/v2\/types\/post"}],"author":[{"embeddable":true,"href":"https:\/\/mussicom.com\/noticias\/wp-json\/wp\/v2\/users\/5"}],"replies":[{"embeddable":true,"href":"https:\/\/mussicom.com\/noticias\/wp-json\/wp\/v2\/comments?post=11038"}],"version-history":[{"count":0,"href":"https:\/\/mussicom.com\/noticias\/wp-json\/wp\/v2\/posts\/11038\/revisions"}],"wp:featuredmedia":[{"embeddable":true,"href":"https:\/\/mussicom.com\/noticias\/wp-json\/wp\/v2\/media\/11039"}],"wp:attachment":[{"href":"https:\/\/mussicom.com\/noticias\/wp-json\/wp\/v2\/media?parent=11038"}],"wp:term":[{"taxonomy":"category","embeddable":true,"href":"https:\/\/mussicom.com\/noticias\/wp-json\/wp\/v2\/categories?post=11038"},{"taxonomy":"post_tag","embeddable":true,"href":"https:\/\/mussicom.com\/noticias\/wp-json\/wp\/v2\/tags?post=11038"}],"curies":[{"name":"wp","href":"https:\/\/api.w.org\/{rel}","templated":true}]}}