{"id":10949,"date":"2025-04-07T18:48:11","date_gmt":"2025-04-07T21:48:11","guid":{"rendered":"https:\/\/mussicom.com\/feira-de-economia-solidaria-de-bertioga-acontece-neste-sabado\/"},"modified":"2025-04-07T18:48:11","modified_gmt":"2025-04-07T21:48:11","slug":"feira-de-economia-solidaria-de-bertioga-acontece-neste-sabado","status":"publish","type":"post","link":"https:\/\/mussicom.com\/noticias\/feira-de-economia-solidaria-de-bertioga-acontece-neste-sabado\/","title":{"rendered":"Feira de Economia Solid\u00e1ria de Bertioga acontece neste s\u00e1bado"},"content":{"rendered":"<p> <br \/>\n<\/p>\n<div>\n<p><em><strong>A programa\u00e7\u00e3o come\u00e7a \u00e0s 14h, com a oficina \u201cPerfumaria Bot\u00e2nica\u201d, comandada por Camila Latenek<\/strong><\/em><\/p>\n<p>A Feira de Economia Solid\u00e1ria de Bertioga acontece neste s\u00e1bado (12) com novidades na programa\u00e7\u00e3o. Com oficina, m\u00fasica ao vivo e exposi\u00e7\u00e3o de artesanato local, o evento ser\u00e1 realizado a partir das 14h, no Centro de Educa\u00e7\u00e3o Ambiental e Viveiro de Plantas e Ideias Seo Leo, na Rua Ayrton Senna da Silva, 920, Centro.<\/p>\n<p>A programa\u00e7\u00e3o come\u00e7a \u00e0s 14h, com a oficina \u201cPerfumaria Bot\u00e2nica\u201d, comandada por Camila Latenek. A partir de uma experi\u00eancia olfativa, os participantes ter\u00e3o contato com esp\u00e9cies de plantas arom\u00e1ticas, tinturas e \u00f3leos essenciais, onde ser\u00e3o apresentados os principais conceitos, t\u00e9cnicas e aspectos hist\u00f3ricos da perfumaria bot\u00e2nica.<\/p>\n<p>A partir das 18h, o evento recebe a apresenta\u00e7\u00e3o da banda Roses for Ophelia. Formado por quatro membros: Sarah na guitarra, Paula no contrabaixo, Olivia na bateria\/cajon e Gabs no vocal, o grupo apresentar\u00e1 uma mistura de rock cl\u00e1ssico e m\u00fasicas alternativas dos anos 2000.<\/p>\n<p>A Feira tamb\u00e9m contar\u00e1 com a participa\u00e7\u00e3o de artistas e artes\u00e3os de Bertioga e regi\u00e3o, oferecendo produtos aut\u00eanticos como licores artesanais, saboaria natural, cer\u00e2micas, pe\u00e7as em madeira resgatadas do mar, amigurumis, bordados, acess\u00f3rios em metal e muito mais.<\/p>\n<p>A iniciativa, promovida pela Prefeitura, Sesc Bertioga, Conselho Municipal de Defesa do Meio Ambiente (Condema) e F\u00f3rum de Economia Solid\u00e1ria da Baixada Santista (FESBS), faz parte do movimento EcoSol, reafirmando o compromisso da cidade com a valoriza\u00e7\u00e3o da cultura local e a promo\u00e7\u00e3o de alternativas econ\u00f4micas sustent\u00e1veis.<\/p>\n<\/div>\n<p><br \/>\n<br \/>Fonte: <a href=\"https:\/\/jornaldaorla.com.br\/noticias\/feira-de-economia-solidaria-de-bertioga-acontece-neste-sabado\/\">Jornal Da Orla<\/a><\/p>\n","protected":false},"excerpt":{"rendered":"<p>A programa\u00e7\u00e3o come\u00e7a \u00e0s 14h, com a oficina \u201cPerfumaria Bot\u00e2nica\u201d, comandada por Camila Latenek A Feira de Economia Solid\u00e1ria de Bertioga acontece neste s\u00e1bado (12) com novidades na programa\u00e7\u00e3o. Com oficina, m\u00fasica ao vivo e exposi\u00e7\u00e3o de artesanato local, o evento ser\u00e1 realizado a partir das 14h, no Centro de Educa\u00e7\u00e3o Ambiental e Viveiro de [&hellip;]<\/p>\n","protected":false},"author":5,"featured_media":10950,"comment_status":"open","ping_status":"open","sticky":false,"template":"","format":"standard","meta":{"_seopress_robots_primary_cat":"","_seopress_titles_title":"","_seopress_titles_desc":"","_seopress_robots_index":"","footnotes":""},"categories":[52],"tags":[],"class_list":["post-10949","post","type-post","status-publish","format-standard","has-post-thumbnail","hentry","category-santoseregiao"],"_links":{"self":[{"href":"https:\/\/mussicom.com\/noticias\/wp-json\/wp\/v2\/posts\/10949","targetHints":{"allow":["GET"]}}],"collection":[{"href":"https:\/\/mussicom.com\/noticias\/wp-json\/wp\/v2\/posts"}],"about":[{"href":"https:\/\/mussicom.com\/noticias\/wp-json\/wp\/v2\/types\/post"}],"author":[{"embeddable":true,"href":"https:\/\/mussicom.com\/noticias\/wp-json\/wp\/v2\/users\/5"}],"replies":[{"embeddable":true,"href":"https:\/\/mussicom.com\/noticias\/wp-json\/wp\/v2\/comments?post=10949"}],"version-history":[{"count":0,"href":"https:\/\/mussicom.com\/noticias\/wp-json\/wp\/v2\/posts\/10949\/revisions"}],"wp:featuredmedia":[{"embeddable":true,"href":"https:\/\/mussicom.com\/noticias\/wp-json\/wp\/v2\/media\/10950"}],"wp:attachment":[{"href":"https:\/\/mussicom.com\/noticias\/wp-json\/wp\/v2\/media?parent=10949"}],"wp:term":[{"taxonomy":"category","embeddable":true,"href":"https:\/\/mussicom.com\/noticias\/wp-json\/wp\/v2\/categories?post=10949"},{"taxonomy":"post_tag","embeddable":true,"href":"https:\/\/mussicom.com\/noticias\/wp-json\/wp\/v2\/tags?post=10949"}],"curies":[{"name":"wp","href":"https:\/\/api.w.org\/{rel}","templated":true}]}}