{"id":10947,"date":"2025-04-07T18:21:30","date_gmt":"2025-04-07T21:21:30","guid":{"rendered":"https:\/\/www.mussicom.com\/mp-determina-abertura-de-investigacao-contra-medico\/"},"modified":"2025-04-07T18:21:30","modified_gmt":"2025-04-07T21:21:30","slug":"mp-determina-abertura-de-investigacao-contra-medico","status":"publish","type":"post","link":"https:\/\/mussicom.com\/noticias\/mp-determina-abertura-de-investigacao-contra-medico\/","title":{"rendered":"MP determina abertura de investiga\u00e7\u00e3o contra m\u00e9dico"},"content":{"rendered":"<p> <br \/>\n<\/p>\n<div id=\"hd80s9wa1h892edh8192\">\n<p>O <strong>Minist\u00e9rio P\u00fablico de S\u00e3o Paulo<\/strong> determinou, nesta segunda-feira, 7, a abertura de uma investiga\u00e7\u00e3o contra o m\u00e9dico Gilberto Guardia Perez por suposta inser\u00e7\u00e3o de dados falsos em sistema de informa\u00e7\u00f5es. A medida ocorre depois que o vereador de S\u00e3o Paulo <strong>Lucas Pavanato<\/strong> realizou uma den\u00fancia contra o ortopedista.<\/p>\n<p>\u201cO noticiante \u00e9 vereador do munic\u00edpio de S\u00e3o Paulo e, nesta qualidade, no dia 14 de janeiro do corrente ano, compareceu \u00e0 UPA de Santo Amaro para fiscaliza\u00e7\u00e3o, onde constatou poss\u00edvel descumprimento de deveres por parte do m\u00e9dico, que, al\u00e9m de n\u00e3o estar l\u00e1 durante seu turno, ainda teria provavelmente adulterado o registro em seu ponto eletr\u00f4nico\u201d, escreveu a promotora de Justi\u00e7a Solane Tourinho, em decis\u00e3o.<\/p>\n<p><strong>+ Leia mais not\u00edcias de Pol\u00edtica em Oeste<\/strong><\/p>\n<p>Pavanato contou que procurou o m\u00e9dico na Unidade de Pronto Atendimento (UPA) de Santo Amaro, na zona sul da capital paulista, por volta das 21h, mas Perez n\u00e3o estava no local. O turno do doutor come\u00e7ava as 19h, e ele havia registrado o ponto. A fiscaliza\u00e7\u00e3o foi gravada pelo parlamentar e publicada nas redes sociais.<\/p>\n<h2 class=\"wp-block-heading\">M\u00e9dico demora para voltar de suposto jantar<\/h2>\n<figure class=\"wp-block-embed is-type-video is-provider-youtube wp-block-embed-youtube wp-embed-aspect-16-9 wp-has-aspect-ratio\">\n<div class=\"wp-block-embed__wrapper\">\n<div class=\"perfmatters-lazy-youtube\" data-src=\"https:\/\/www.youtube.com\/embed\/5_z9Vjm5pvo\" data-id=\"5_z9Vjm5pvo\" data-query=\"feature=oembed\" onclick=\"perfmattersLazyLoadYouTube(this);\">\n<div><img fetchpriority=\"high\" decoding=\"async\" src=\"https:\/\/i.ytimg.com\/vi\/5_z9Vjm5pvo\/hqdefault.jpg\" alt=\"YouTube video\" width=\"480\" height=\"360\" data-pin-nopin=\"true\" nopin=\"nopin\"\/><\/div>\n<\/div>\n<p><noscript><iframe title=\"DEU TRETA: FISCALIZEI A UPA EM SP!\" width=\"800\" height=\"450\" src=\"https:\/\/www.youtube.com\/embed\/5_z9Vjm5pvo?feature=oembed\" frameborder=\"0\" allow=\"accelerometer; autoplay; clipboard-write; encrypted-media; gyroscope; picture-in-picture; web-share\" referrerpolicy=\"strict-origin-when-cross-origin\" allowfullscreen><\/iframe><\/noscript>\n<\/div>\n<\/figure>\n<p>O vereador esperou a chegada do m\u00e9dico \u00e0 unidade. Perez voltou para a UPA apenas \u00e0s 22h40. Indagado por Pavanato, o ortopedista informou que havia sa\u00eddo para jantar \u00e0s 21h30. Na decis\u00e3o, Solane explica que o parlamentar retornou \u00e0 UPA para verificar o cumprimento do hor\u00e1rio do doutor.<\/p>\n<p>\u201cO registro de ponto n\u00e3o coincide com o hor\u00e1rio espontaneamente declarado pelo profissional, verificando tamb\u00e9m outras irregularidades\u201d, escreveu Solane. \u201cAssim, na data de 28 de janeiro de 2025, o Pavanato dirigiu-se novamente \u00e0 UPA de Santo Amaro para buscar esclarecimentos do m\u00e9dico, assim como da gest\u00e3o do hospital. Estranhamente, justamente neste dia, para o qual estaria escalado, o profissional n\u00e3o compareceu ao servi\u00e7o.\u201d<\/p>\n<p>A promotora determinou a abertura de um inqu\u00e9rito policial. Perez pode responder por peculato digital, que consta no artigo 313-A do C\u00f3digo Penal. A pena \u00e9 reclus\u00e3o de dois a 12 anos e multa.<\/p>\n<p><related-posts class=\"border-y border-gray-300 py-5\"><\/p>\n<h2 class=\"!text-2xl text-black font-primary font-semibold leading-none mb-3\">\n    Leia tamb\u00e9m:<br \/>\n  <\/h2>\n<p><\/related-posts><\/p><\/div>\n<p><br \/>\n<br \/>Fonte: <a href=\"https:\/\/revistaoeste.com\/politica\/mp-determina-abertura-de-investigacao-contra-medico-depois-de-denuncia-de-pavanato\/\">Ag\u00eancia Brasil<\/a><\/p>\n","protected":false},"excerpt":{"rendered":"<p>O Minist\u00e9rio P\u00fablico de S\u00e3o Paulo determinou, nesta segunda-feira, 7, a abertura de uma investiga\u00e7\u00e3o contra o m\u00e9dico Gilberto Guardia Perez por suposta inser\u00e7\u00e3o de dados falsos em sistema de informa\u00e7\u00f5es. A medida ocorre depois que o vereador de S\u00e3o Paulo Lucas Pavanato realizou uma den\u00fancia contra o ortopedista. \u201cO noticiante \u00e9 vereador do munic\u00edpio [&hellip;]<\/p>\n","protected":false},"author":5,"featured_media":10948,"comment_status":"open","ping_status":"open","sticky":false,"template":"","format":"standard","meta":{"_seopress_robots_primary_cat":"","_seopress_titles_title":"","_seopress_titles_desc":"","_seopress_robots_index":"","footnotes":""},"categories":[47,1],"tags":[],"class_list":["post-10947","post","type-post","status-publish","format-standard","has-post-thumbnail","hentry","category-politica","category-ultimas-noticias"],"_links":{"self":[{"href":"https:\/\/mussicom.com\/noticias\/wp-json\/wp\/v2\/posts\/10947","targetHints":{"allow":["GET"]}}],"collection":[{"href":"https:\/\/mussicom.com\/noticias\/wp-json\/wp\/v2\/posts"}],"about":[{"href":"https:\/\/mussicom.com\/noticias\/wp-json\/wp\/v2\/types\/post"}],"author":[{"embeddable":true,"href":"https:\/\/mussicom.com\/noticias\/wp-json\/wp\/v2\/users\/5"}],"replies":[{"embeddable":true,"href":"https:\/\/mussicom.com\/noticias\/wp-json\/wp\/v2\/comments?post=10947"}],"version-history":[{"count":0,"href":"https:\/\/mussicom.com\/noticias\/wp-json\/wp\/v2\/posts\/10947\/revisions"}],"wp:featuredmedia":[{"embeddable":true,"href":"https:\/\/mussicom.com\/noticias\/wp-json\/wp\/v2\/media\/10948"}],"wp:attachment":[{"href":"https:\/\/mussicom.com\/noticias\/wp-json\/wp\/v2\/media?parent=10947"}],"wp:term":[{"taxonomy":"category","embeddable":true,"href":"https:\/\/mussicom.com\/noticias\/wp-json\/wp\/v2\/categories?post=10947"},{"taxonomy":"post_tag","embeddable":true,"href":"https:\/\/mussicom.com\/noticias\/wp-json\/wp\/v2\/tags?post=10947"}],"curies":[{"name":"wp","href":"https:\/\/api.w.org\/{rel}","templated":true}]}}