{"id":10925,"date":"2025-04-07T16:51:30","date_gmt":"2025-04-07T19:51:30","guid":{"rendered":"https:\/\/mussicom.com\/john-lennon-deveria-ser-interpratado-por-um-anonimo-nos-cinemas-diz-meia-irma\/"},"modified":"2025-04-07T16:51:30","modified_gmt":"2025-04-07T19:51:30","slug":"john-lennon-deveria-ser-interpratado-por-um-anonimo-nos-cinemas-diz-meia-irma","status":"publish","type":"post","link":"https:\/\/mussicom.com\/noticias\/john-lennon-deveria-ser-interpratado-por-um-anonimo-nos-cinemas-diz-meia-irma\/","title":{"rendered":"John Lennon \u2018deveria ser interpratado por um an\u00f4nimo\u2019 nos cinemas, diz meia-irm\u00e3"},"content":{"rendered":"<p> <br \/>\n<\/p>\n<div>\n<p>A confirma\u00e7\u00e3o do elenco dos aguardados filmes sobre os <strong>Beatles<\/strong>, dirigidos por <strong>Sam Mendes<\/strong>, n\u00e3o agradou a todos \u2014 especialmente <strong>Julia Baird<\/strong>, meia-irm\u00e3 de <strong>John Lennon<\/strong>. Em entrevista recente ao <em>The Telegraph<\/em>, ela comentou com franqueza sua insatisfa\u00e7\u00e3o com a escolha de <strong>Harris Dickinson<\/strong> para viver o irm\u00e3o nas telonas.<\/p>\n<p><strong>Dickinson<\/strong>, natural de Londres e conhecido por trabalhos como <em><strong>Babygirl<\/strong><\/em>, foi escalado para interpretar <strong>Lennon<\/strong> na cinebiografia que faz parte de um ambicioso projeto: quatro filmes individuais, cada um focado em um dos <strong>Beatles<\/strong>, com estreia prevista para abril de 2028. Os outros integrantes ser\u00e3o vividos por <strong>Barry Keoghan<\/strong> (<strong>Ringo Starr<\/strong>),<strong>Joseph Quinn<\/strong> (<strong>George Harrison<\/strong>) e <strong>Paul Mescal<\/strong> (<strong>Paul McCartney<\/strong>).<\/p>\n<p>Para<strong> Julia<\/strong>, no entanto, algo essencial ficou de fora da equa\u00e7\u00e3o: o sotaque. \u201c\u00c9 claro que deveria ser um <em>scouser<\/em>\u201d, afirmou, referindo-se ao termo usado para os nascidos em Liverpool. \u201cNingu\u00e9m consegue captar a entona\u00e7\u00e3o de Liverpool como quem nasceu l\u00e1. Ningu\u00e9m.\u201d<\/p>\n<p>Ao ser perguntada se foi consultada por <strong>Mendes<\/strong> sobre o projeto, <strong>Baird<\/strong> foi categ\u00f3rica: \u201cEle jamais me procuraria. Sou a \u00faltima pessoa com quem ele gostaria de conversar \u2014 porque, se o fizesse, n\u00e3o poderia inventar as coisas.\u201d<\/p>\n<p>Al\u00e9m das cr\u00edticas, a meia-irm\u00e3 do m\u00fasico revelou um sentimento mais profundo: a ambival\u00eancia entre o orgulho e a dor de ser parte da hist\u00f3ria de uma lenda. \u201cSer irm\u00e3 de <strong>John<\/strong> \u00e9 um privil\u00e9gio que nem consigo descrever. Mas, se pudesse escolher, gostaria que ele nunca tivesse visto uma guitarra.\u201d<\/p>\n<p>Segundo ela, a m\u00fasica o levou \u00e0 fama \u2014 e, consequentemente, \u00e0 morte tr\u00e1gica em 1980, quando foi assassinado por um f\u00e3 obcecado, <strong>Mark David Chapman<\/strong>. \u201cTalvez ele tivesse virado professor de arte. E ainda estaria aqui.\u201d<\/p>\n<p>Apesar da como\u00e7\u00e3o entre f\u00e3s e da expectativa pelos filmes, a rea\u00e7\u00e3o nas redes sociais j\u00e1 come\u00e7ou, e muitos se dividem entre empolga\u00e7\u00e3o e ceticismo. <strong>Mendes<\/strong>, por sua vez, promete transformar os quatro longas em um &#8220;momento maraton\u00e1vel do cinema&#8221; \u2014 uma proposta in\u00e9dita para contar a hist\u00f3ria de uma das maiores bandas de todos os tempos.<\/p>\n<p><strong>+++ LEIA MAIS: Quando estreia a cinebiografia dos Beatles? Projeto dividido em quatro partes j\u00e1 tem data<\/strong><\/p>\n<p><strong>+++ LEIA MAIS: Document\u00e1rio sobre vida de John Lennon p\u00f3s Beatles ganha trailer; assista<\/strong><\/p>\n<p><strong>+++ LEIA MAIS: O forte apelo de Sean Lennon relacionado aos Beatles e gera\u00e7\u00f5es futuras<\/strong><\/p>\n<p><strong>+++ LEIA MAIS: Por que compor m\u00fasicas era como estar possu\u00eddo para John Lennon<\/strong><\/p>\n<\/div>\n<p><br \/>\n<br \/>Fonte: <a href=\"https:\/\/rollingstone.com.br\/musica\/john-lennon-deveria-ser-interpratado-por-um-anonimo-nos-cinemas-diz-meia-irma\/\">rollingstone.com.br<\/a><\/p>\n","protected":false},"excerpt":{"rendered":"<p>A confirma\u00e7\u00e3o do elenco dos aguardados filmes sobre os Beatles, dirigidos por Sam Mendes, n\u00e3o agradou a todos \u2014 especialmente Julia Baird, meia-irm\u00e3 de John Lennon. Em entrevista recente ao The Telegraph, ela comentou com franqueza sua insatisfa\u00e7\u00e3o com a escolha de Harris Dickinson para viver o irm\u00e3o nas telonas. Dickinson, natural de Londres e [&hellip;]<\/p>\n","protected":false},"author":5,"featured_media":10926,"comment_status":"open","ping_status":"open","sticky":false,"template":"","format":"standard","meta":{"_seopress_robots_primary_cat":"","_seopress_titles_title":"","_seopress_titles_desc":"","_seopress_robots_index":"","footnotes":""},"categories":[51],"tags":[],"class_list":["post-10925","post","type-post","status-publish","format-standard","has-post-thumbnail","hentry","category-musica"],"_links":{"self":[{"href":"https:\/\/mussicom.com\/noticias\/wp-json\/wp\/v2\/posts\/10925","targetHints":{"allow":["GET"]}}],"collection":[{"href":"https:\/\/mussicom.com\/noticias\/wp-json\/wp\/v2\/posts"}],"about":[{"href":"https:\/\/mussicom.com\/noticias\/wp-json\/wp\/v2\/types\/post"}],"author":[{"embeddable":true,"href":"https:\/\/mussicom.com\/noticias\/wp-json\/wp\/v2\/users\/5"}],"replies":[{"embeddable":true,"href":"https:\/\/mussicom.com\/noticias\/wp-json\/wp\/v2\/comments?post=10925"}],"version-history":[{"count":0,"href":"https:\/\/mussicom.com\/noticias\/wp-json\/wp\/v2\/posts\/10925\/revisions"}],"wp:featuredmedia":[{"embeddable":true,"href":"https:\/\/mussicom.com\/noticias\/wp-json\/wp\/v2\/media\/10926"}],"wp:attachment":[{"href":"https:\/\/mussicom.com\/noticias\/wp-json\/wp\/v2\/media?parent=10925"}],"wp:term":[{"taxonomy":"category","embeddable":true,"href":"https:\/\/mussicom.com\/noticias\/wp-json\/wp\/v2\/categories?post=10925"},{"taxonomy":"post_tag","embeddable":true,"href":"https:\/\/mussicom.com\/noticias\/wp-json\/wp\/v2\/tags?post=10925"}],"curies":[{"name":"wp","href":"https:\/\/api.w.org\/{rel}","templated":true}]}}