{"id":10893,"date":"2025-04-07T14:36:03","date_gmt":"2025-04-07T17:36:03","guid":{"rendered":"https:\/\/www.mussicom.com\/1-3-das-exportacoes-brasileiras-aos-eua-esta-isento-de-tarifas\/"},"modified":"2025-04-07T14:36:03","modified_gmt":"2025-04-07T17:36:03","slug":"1-3-das-exportacoes-brasileiras-aos-eua-esta-isento-de-tarifas","status":"publish","type":"post","link":"https:\/\/mussicom.com\/noticias\/1-3-das-exportacoes-brasileiras-aos-eua-esta-isento-de-tarifas\/","title":{"rendered":"1\/3 das exporta\u00e7\u00f5es brasileiras aos EUA est\u00e1 isento de tarifas"},"content":{"rendered":"<p> <br \/>\n<\/p>\n<div id=\"hd80s9wa1h892edh8192\">\n<p>Um estudo da C\u00e2mara Americana de Com\u00e9rcio (Amcham) revelou que aproximadamente um ter\u00e7o das exporta\u00e7\u00f5es brasileiras para os <strong>Estados Unidos<\/strong> (EUA) est\u00e1 isento das tarifas recentemente impostas pelo presidente Donald Trump. A ordem executiva incluiu uma lista de bens que n\u00e3o s\u00e3o afetados pela medida tarif\u00e1ria.<\/p>\n<p><strong>+ Leia mais not\u00edcias de Economia em Oeste<\/strong><\/p>\n<p>No caso do Brasil, a lista de exce\u00e7\u00f5es representa US$ 11,4 bilh\u00f5es em importa\u00e7\u00f5es norte-americanas. Ao todo, 83,5% desse valor t\u00eam concentra\u00e7\u00e3o nos setores de combust\u00edveis minerais e madeira. <\/p>\n<p>A lista de exce\u00e7\u00f5es inclui, ainda, 47 produtos farmac\u00eauticos, 374 produtos qu\u00edmicos org\u00e2nicos, 16 tipos de m\u00e1quinas e materiais el\u00e9tricos, al\u00e9m de 12 categorias de pedras e metais preciosos.<\/p>\n<h2 class=\"wp-block-heading\">Isen\u00e7\u00f5es tarif\u00e1rias dos EUA e seu impacto<\/h2>\n<figure class=\"wp-block-image aligncenter size-full\"><picture><source data-srcset=\"https:\/\/medias.revistaoeste.com\/wp-content\/uploads\/2025\/03\/Trump-6-scaled.jpg.webp 2560w, https:\/\/medias.revistaoeste.com\/wp-content\/uploads\/2025\/03\/Trump-6-300x200.jpg.webp 300w, https:\/\/medias.revistaoeste.com\/wp-content\/uploads\/2025\/03\/Trump-6-150x100.jpg.webp 150w\" data-sizes=\"(max-width: 2560px) 100vw, 2560px\" type=\"image\/webp\"><img fetchpriority=\"high\" decoding=\"async\" width=\"2560\" height=\"1707\" src=\"https:\/\/medias.revistaoeste.com\/wp-content\/uploads\/2025\/03\/Trump-6-scaled.jpg\" alt=\"Trump tem reiteradamente afirmado que os EUA deveriam incorporar a Groenl\u00e2ndia | Foto: Reprodu\u00e7\u00e3o\/Flickr\" class=\"wp-image-1936083\" srcset=\"https:\/\/medias.revistaoeste.com\/wp-content\/uploads\/2025\/03\/Trump-6-scaled.jpg 2560w, https:\/\/medias.revistaoeste.com\/wp-content\/uploads\/2025\/03\/Trump-6-300x200.jpg 300w, https:\/\/medias.revistaoeste.com\/wp-content\/uploads\/2025\/03\/Trump-6-150x100.jpg 150w\" sizes=\"(max-width: 2560px) 100vw, 2560px\" data-eio=\"p\"\/><\/source><\/picture><figcaption class=\"wp-element-caption\">O presidente dos Estados Unidos (EUA), Donald Trump, assumiu seu segundo mandato no cargo neste ano | Foto: Reprodu\u00e7\u00e3o\/Flickr<\/figcaption><\/figure>\n<p>A Amcham afirma que esses produtos podem estar sujeitos a tarifas adicionais sob outras legisla\u00e7\u00f5es, de modo a necessitar an\u00e1lises caso a caso. No total, os 1.039 produtos isentos representam cerca de 20% das importa\u00e7\u00f5es totais dos Estados Unidos em 2024, estimadas em US$ 655,4 bilh\u00f5es. A maior concentra\u00e7\u00e3o est\u00e1 em combust\u00edveis minerais e produtos farmac\u00eauticos.<\/p>\n<figure class=\"wp-block-embed is-type-video is-provider-youtube wp-block-embed-youtube wp-embed-aspect-16-9 wp-has-aspect-ratio\">\n<div class=\"wp-block-embed__wrapper\">\n<div class=\"perfmatters-lazy-youtube\" data-src=\"https:\/\/www.youtube.com\/embed\/3QT0UWBh8h0\" data-id=\"3QT0UWBh8h0\" data-query=\"feature=oembed\" onclick=\"perfmattersLazyLoadYouTube(this);\">\n<div><img decoding=\"async\" alt=\"YouTube video\" width=\"480\" height=\"360\" data-pin-nopin=\"true\" nopin=\"nopin\" class=\"perfmatters-lazy\" src=\"https:\/\/i.ytimg.com\/vi\/3QT0UWBh8h0\/hqdefault.jpg\"\/><img decoding=\"async\" src=\"https:\/\/i.ytimg.com\/vi\/3QT0UWBh8h0\/hqdefault.jpg\" alt=\"YouTube video\" width=\"480\" height=\"360\" data-pin-nopin=\"true\" nopin=\"nopin\"\/><\/div>\n<\/div>\n<p><noscript><iframe title=\"No Jap\u00e3o, Lula volta a atacar Donald Trump: &#039;N\u00e3o \u00e9 xerife do mundo\" width=\"800\" height=\"450\" src=\"https:\/\/www.youtube.com\/embed\/3QT0UWBh8h0?feature=oembed\" frameborder=\"0\" allow=\"accelerometer; autoplay; clipboard-write; encrypted-media; gyroscope; picture-in-picture; web-share\" referrerpolicy=\"strict-origin-when-cross-origin\" allowfullscreen><\/iframe><\/noscript>\n<\/div>\n<\/figure>\n<p>A legisla\u00e7\u00e3o norte-americana mais recente desencoraja retalia\u00e7\u00f5es, ao prever o aumento das tarifas em caso de respostas de outros pa\u00edses. No entanto, tamb\u00e9m deixa em aberto a possibilidade de reduzir ou limitar o escopo das taxas, caso os pa\u00edses implementem medidas significativas para corrigir barreiras e alinhar-se em quest\u00f5es econ\u00f4micas e de seguran\u00e7a nacional com os EUA.<\/p>\n<p><strong>Leia tamb\u00e9m: \u201cAs tarifas de Trump\u201d, artigo de Rodrigo Constantino publicado na Edi\u00e7\u00e3o 263 da Revista Oeste<\/strong><\/p>\n<p>O Brasil possui mecanismos de di\u00e1logo j\u00e1 estabelecidos com os Estados Unidos que podem facilitar futuras negocia\u00e7\u00f5es. Um exemplo \u00e9 o Di\u00e1logo Comercial entre Minist\u00e9rios de Com\u00e9rcio e a Comiss\u00e3o do Acordo para Com\u00e9rcio e Coopera\u00e7\u00e3o Econ\u00f4mica (Atec).<\/p>\n<\/p><\/div>\n<p><br \/>\n<br \/>Fonte: <a href=\"https:\/\/revistaoeste.com\/economia\/um-terco-das-exportacoes-brasileiras-aos-eua-esta-isento-de-tarifas\/\">Revista oeste<\/a><\/p>\n","protected":false},"excerpt":{"rendered":"<p>Um estudo da C\u00e2mara Americana de Com\u00e9rcio (Amcham) revelou que aproximadamente um ter\u00e7o das exporta\u00e7\u00f5es brasileiras para os Estados Unidos (EUA) est\u00e1 isento das tarifas recentemente impostas pelo presidente Donald Trump. A ordem executiva incluiu uma lista de bens que n\u00e3o s\u00e3o afetados pela medida tarif\u00e1ria. + Leia mais not\u00edcias de Economia em Oeste No [&hellip;]<\/p>\n","protected":false},"author":5,"featured_media":10894,"comment_status":"open","ping_status":"open","sticky":false,"template":"","format":"standard","meta":{"_seopress_robots_primary_cat":"","_seopress_titles_title":"","_seopress_titles_desc":"","_seopress_robots_index":"","footnotes":""},"categories":[45],"tags":[],"class_list":["post-10893","post","type-post","status-publish","format-standard","has-post-thumbnail","hentry","category-economia"],"_links":{"self":[{"href":"https:\/\/mussicom.com\/noticias\/wp-json\/wp\/v2\/posts\/10893","targetHints":{"allow":["GET"]}}],"collection":[{"href":"https:\/\/mussicom.com\/noticias\/wp-json\/wp\/v2\/posts"}],"about":[{"href":"https:\/\/mussicom.com\/noticias\/wp-json\/wp\/v2\/types\/post"}],"author":[{"embeddable":true,"href":"https:\/\/mussicom.com\/noticias\/wp-json\/wp\/v2\/users\/5"}],"replies":[{"embeddable":true,"href":"https:\/\/mussicom.com\/noticias\/wp-json\/wp\/v2\/comments?post=10893"}],"version-history":[{"count":0,"href":"https:\/\/mussicom.com\/noticias\/wp-json\/wp\/v2\/posts\/10893\/revisions"}],"wp:featuredmedia":[{"embeddable":true,"href":"https:\/\/mussicom.com\/noticias\/wp-json\/wp\/v2\/media\/10894"}],"wp:attachment":[{"href":"https:\/\/mussicom.com\/noticias\/wp-json\/wp\/v2\/media?parent=10893"}],"wp:term":[{"taxonomy":"category","embeddable":true,"href":"https:\/\/mussicom.com\/noticias\/wp-json\/wp\/v2\/categories?post=10893"},{"taxonomy":"post_tag","embeddable":true,"href":"https:\/\/mussicom.com\/noticias\/wp-json\/wp\/v2\/tags?post=10893"}],"curies":[{"name":"wp","href":"https:\/\/api.w.org\/{rel}","templated":true}]}}