{"id":10889,"date":"2025-04-07T14:14:19","date_gmt":"2025-04-07T17:14:19","guid":{"rendered":"https:\/\/www.mussicom.com\/jogadores-do-real-valladolid-quase-se-agridem\/"},"modified":"2025-04-07T14:14:19","modified_gmt":"2025-04-07T17:14:19","slug":"jogadores-do-real-valladolid-quase-se-agridem","status":"publish","type":"post","link":"https:\/\/mussicom.com\/noticias\/jogadores-do-real-valladolid-quase-se-agridem\/","title":{"rendered":"jogadores do Real Valladolid quase se agridem"},"content":{"rendered":"<p> <br \/>\n<\/p>\n<div id=\"hd80s9wa1h892edh8192\">\n<p>O Real Valladolid, da La Liga, anunciou penalidades para dois jogadores depois de quase se agredirem no banco de reservas durante a derrota por 4 a 0 para o Getafe, no domingo 6. <\/p>\n<p>A equipe enfrenta amea\u00e7a de rebaixamento e viu os \u00e2nimos se exaltarem quando o zagueiro Luis Perez precisou ser contido por Eray Comert ao tentar agredir Juanmi Latasa.<\/p>\n<figure class=\"wp-block-embed is-type-rich is-provider-twitter wp-block-embed-twitter\"\/>\n<p>O incidente ocorreu no segundo tempo, com o Valladolid perdendo por 3 gols e atuando com 10 jogadores depois da expuls\u00e3o de Mario Martin nos acr\u00e9scimos do 1\u00ba tempo. <\/p>\n<p>Imagens da transmiss\u00e3o captaram a discuss\u00e3o entre Perez e Latasa por mais de um minuto, at\u00e9 Perez tentar golpear seu colega. Comert, posicionado entre eles, impediu a agress\u00e3o.<\/p>\n<h2 class=\"wp-block-heading\">Rea\u00e7\u00e3o do Valladolid e medidas disciplinares<\/h2>\n<p>Depois do tumulto, Perez foi visto se retirando para os vesti\u00e1rios. Em comunicado oficial, o Valladolid expressou sua forte condena\u00e7\u00e3o ao ocorrido.<\/p>\n<blockquote class=\"wp-block-quote is-layout-flow wp-block-quote-is-layout-flow\">\n<p>\u201cLamentamos profundamente a imagem oferecida por nossos jogadores\u201d, escreveu o clube. \u201cA frustra\u00e7\u00e3o deve ser transformada em mais comprometimento, melhor atitude e melhor desempenho, nunca em divis\u00e3o e confronto.\u201d<\/p>\n<\/blockquote>\n<p>O time refor\u00e7ou que aplicar\u00e1 seu Regulamento Disciplinar Geral, visando a defender a imagem do clube e o respeito aos torcedores. <\/p>\n<h2 class=\"wp-block-heading\">Desempenho na La Liga<\/h2>\n<figure class=\"wp-block-image aligncenter size-full\"><picture><source data-srcset=\"https:\/\/medias.revistaoeste.com\/wp-content\/uploads\/2024\/02\/Bola-de-futebol-scaled.jpg.webp 2560w, https:\/\/medias.revistaoeste.com\/wp-content\/uploads\/2024\/02\/Bola-de-futebol-300x169.jpg.webp 300w, https:\/\/medias.revistaoeste.com\/wp-content\/uploads\/2024\/02\/Bola-de-futebol-400x225.jpg.webp 400w, https:\/\/medias.revistaoeste.com\/wp-content\/uploads\/2024\/02\/Bola-de-futebol-216x121.jpg.webp 216w, https:\/\/medias.revistaoeste.com\/wp-content\/uploads\/2024\/02\/Bola-de-futebol-150x84.jpg.webp 150w\" data-sizes=\"(max-width: 2560px) 100vw, 2560px\" type=\"image\/webp\"><img fetchpriority=\"high\" decoding=\"async\" width=\"2560\" height=\"1440\" src=\"https:\/\/medias.revistaoeste.com\/wp-content\/uploads\/2024\/02\/Bola-de-futebol-scaled.jpg\" alt=\"Bola de futebol\" class=\"wp-image-1333005\" srcset=\"https:\/\/medias.revistaoeste.com\/wp-content\/uploads\/2024\/02\/Bola-de-futebol-scaled.jpg 2560w, https:\/\/medias.revistaoeste.com\/wp-content\/uploads\/2024\/02\/Bola-de-futebol-300x169.jpg 300w, https:\/\/medias.revistaoeste.com\/wp-content\/uploads\/2024\/02\/Bola-de-futebol-400x225.jpg 400w, https:\/\/medias.revistaoeste.com\/wp-content\/uploads\/2024\/02\/Bola-de-futebol-216x121.jpg 216w, https:\/\/medias.revistaoeste.com\/wp-content\/uploads\/2024\/02\/Bola-de-futebol-150x84.jpg 150w\" sizes=\"(max-width: 2560px) 100vw, 2560px\" data-eio=\"p\"\/><\/source><\/picture><figcaption class=\"wp-element-caption\">Envolvido na pol\u00eamica, o Valladolid j\u00e1 conseguiu alguns t\u00edtulos ao longo de sua hist\u00f3ria | Foto: Reprodu\u00e7\u00e3o\/Pexels<\/figcaption><\/figure>\n<p>Na ocasi\u00e3o, o jogador Domingos Duarte marcou o quarto gol para o Getafe, consolidando a vit\u00f3ria e deixando o Valladolid mais pr\u00f3ximo do rebaixamento. <\/p>\n<p>Faltando 8 jogos para o final da temporada, o Valladolid enfrenta uma tarefa dif\u00edcil para escapar do rebaixamento. A equipe ocupa a vig\u00e9sima posi\u00e7\u00e3o na tabela da LaLiga, com 16 pontos, estando 14 pontos atr\u00e1s do Alav\u00e9s, em d\u00e9cimo s\u00e9timo lugar.<\/p>\n<p>\u200bO Real Valladolid Club de F\u00fatbol \u00e9 um clube da cidade de Valladolid, localizada na regi\u00e3o de Castela e Le\u00e3o, no noroeste da Espanha. Fundado em 20 de junho de 1928, o clube surgiu da fus\u00e3o entre o Real Uni\u00f3n Deportiva e o Club Deportivo Espa\u00f1ol.<\/p>\n<p>O time conquistou alguns t\u00edtulos ao longo de sua hist\u00f3ria. O mais not\u00e1vel \u00e9 a Copa da Liga Espanhola na temporada 1983-1984, uma competi\u00e7\u00e3o nacional que j\u00e1 n\u00e3o existe mais.<\/p>\n<p> Al\u00e9m disso, o clube foi campe\u00e3o da Segunda Divis\u00e3o Espanhola (La Liga 2) tr\u00eas vezes: em 1947-1948, 1958-1959 e 2006-2007.<\/p>\n<p><strong>+ Leia mais not\u00edcias do Mundo em Oeste<\/strong><\/p>\n<\/p><\/div>\n<p><br \/>\n<br \/>Fonte: <a href=\"https:\/\/revistaoeste.com\/mundo\/la-liga-jogadores-do-real-valladolid-quase-se-agridem-e-time-promete-punicao\/\">Revista Oeste<\/a><\/p>\n","protected":false},"excerpt":{"rendered":"<p>O Real Valladolid, da La Liga, anunciou penalidades para dois jogadores depois de quase se agredirem no banco de reservas durante a derrota por 4 a 0 para o Getafe, no domingo 6. A equipe enfrenta amea\u00e7a de rebaixamento e viu os \u00e2nimos se exaltarem quando o zagueiro Luis Perez precisou ser contido por Eray [&hellip;]<\/p>\n","protected":false},"author":5,"featured_media":10890,"comment_status":"open","ping_status":"open","sticky":false,"template":"","format":"standard","meta":{"_seopress_robots_primary_cat":"","_seopress_titles_title":"","_seopress_titles_desc":"","_seopress_robots_index":"","footnotes":""},"categories":[48],"tags":[],"class_list":["post-10889","post","type-post","status-publish","format-standard","has-post-thumbnail","hentry","category-internacional"],"_links":{"self":[{"href":"https:\/\/mussicom.com\/noticias\/wp-json\/wp\/v2\/posts\/10889","targetHints":{"allow":["GET"]}}],"collection":[{"href":"https:\/\/mussicom.com\/noticias\/wp-json\/wp\/v2\/posts"}],"about":[{"href":"https:\/\/mussicom.com\/noticias\/wp-json\/wp\/v2\/types\/post"}],"author":[{"embeddable":true,"href":"https:\/\/mussicom.com\/noticias\/wp-json\/wp\/v2\/users\/5"}],"replies":[{"embeddable":true,"href":"https:\/\/mussicom.com\/noticias\/wp-json\/wp\/v2\/comments?post=10889"}],"version-history":[{"count":0,"href":"https:\/\/mussicom.com\/noticias\/wp-json\/wp\/v2\/posts\/10889\/revisions"}],"wp:featuredmedia":[{"embeddable":true,"href":"https:\/\/mussicom.com\/noticias\/wp-json\/wp\/v2\/media\/10890"}],"wp:attachment":[{"href":"https:\/\/mussicom.com\/noticias\/wp-json\/wp\/v2\/media?parent=10889"}],"wp:term":[{"taxonomy":"category","embeddable":true,"href":"https:\/\/mussicom.com\/noticias\/wp-json\/wp\/v2\/categories?post=10889"},{"taxonomy":"post_tag","embeddable":true,"href":"https:\/\/mussicom.com\/noticias\/wp-json\/wp\/v2\/tags?post=10889"}],"curies":[{"name":"wp","href":"https:\/\/api.w.org\/{rel}","templated":true}]}}