{"id":10885,"date":"2025-04-07T13:58:44","date_gmt":"2025-04-07T16:58:44","guid":{"rendered":"https:\/\/www.mussicom.com\/medo-de-recessao-global-aumenta-e-provoca-nova-onda-de-liquidacoes-nas-bolsas\/"},"modified":"2025-04-07T13:58:44","modified_gmt":"2025-04-07T16:58:44","slug":"medo-de-recessao-global-aumenta-e-provoca-nova-onda-de-liquidacoes-nas-bolsas","status":"publish","type":"post","link":"https:\/\/mussicom.com\/noticias\/medo-de-recessao-global-aumenta-e-provoca-nova-onda-de-liquidacoes-nas-bolsas\/","title":{"rendered":"Medo de recess\u00e3o global aumenta e provoca nova onda de liquida\u00e7\u00f5es nas bolsas"},"content":{"rendered":"<p> <br \/>\n<\/p>\n<div><\/p>\n<div>O temor de recess\u00e3o global desencadeou uma nova onda de perdas nas principais bolsas de valores do mundo. Leia na Gazeta do Povo!<\/div>\n<\/div>\n<p><br \/>\n<br \/>Fonte: <a href=\"https:\/\/www.gazetadopovo.com.br\/economia\/medo-de-recessao-global-dispara-nova-onda-de-perdas-nos-mercados\/\">Revista Oeste<\/a><\/p>\n","protected":false},"excerpt":{"rendered":"<p>O temor de recess\u00e3o global desencadeou uma nova onda de perdas nas principais bolsas de valores do mundo. Leia na Gazeta do Povo! Fonte: Revista Oeste<\/p>\n","protected":false},"author":5,"featured_media":10886,"comment_status":"open","ping_status":"open","sticky":false,"template":"","format":"standard","meta":{"_seopress_robots_primary_cat":"","_seopress_titles_title":"","_seopress_titles_desc":"","_seopress_robots_index":"","footnotes":""},"categories":[1],"tags":[],"class_list":["post-10885","post","type-post","status-publish","format-standard","has-post-thumbnail","hentry","category-ultimas-noticias"],"_links":{"self":[{"href":"https:\/\/mussicom.com\/noticias\/wp-json\/wp\/v2\/posts\/10885","targetHints":{"allow":["GET"]}}],"collection":[{"href":"https:\/\/mussicom.com\/noticias\/wp-json\/wp\/v2\/posts"}],"about":[{"href":"https:\/\/mussicom.com\/noticias\/wp-json\/wp\/v2\/types\/post"}],"author":[{"embeddable":true,"href":"https:\/\/mussicom.com\/noticias\/wp-json\/wp\/v2\/users\/5"}],"replies":[{"embeddable":true,"href":"https:\/\/mussicom.com\/noticias\/wp-json\/wp\/v2\/comments?post=10885"}],"version-history":[{"count":0,"href":"https:\/\/mussicom.com\/noticias\/wp-json\/wp\/v2\/posts\/10885\/revisions"}],"wp:featuredmedia":[{"embeddable":true,"href":"https:\/\/mussicom.com\/noticias\/wp-json\/wp\/v2\/media\/10886"}],"wp:attachment":[{"href":"https:\/\/mussicom.com\/noticias\/wp-json\/wp\/v2\/media?parent=10885"}],"wp:term":[{"taxonomy":"category","embeddable":true,"href":"https:\/\/mussicom.com\/noticias\/wp-json\/wp\/v2\/categories?post=10885"},{"taxonomy":"post_tag","embeddable":true,"href":"https:\/\/mussicom.com\/noticias\/wp-json\/wp\/v2\/tags?post=10885"}],"curies":[{"name":"wp","href":"https:\/\/api.w.org\/{rel}","templated":true}]}}