{"id":10876,"date":"2025-04-07T13:13:03","date_gmt":"2025-04-07T16:13:03","guid":{"rendered":"https:\/\/www.mussicom.com\/china-reage-com-forca-as-tarifas-dos-eua-e-fala-em-nova-ordem-comercial\/"},"modified":"2025-04-07T13:13:03","modified_gmt":"2025-04-07T16:13:03","slug":"china-reage-com-forca-as-tarifas-dos-eua-e-fala-em-nova-ordem-comercial","status":"publish","type":"post","link":"https:\/\/mussicom.com\/noticias\/china-reage-com-forca-as-tarifas-dos-eua-e-fala-em-nova-ordem-comercial\/","title":{"rendered":"China reage com for\u00e7a \u00e0s tarifas dos EUA e fala em nova ordem comercial"},"content":{"rendered":"<p> <br \/>\n<\/p>\n<div id=\"hd80s9wa1h892edh8192\">\n<p>Enquanto governos tentam conter os impactos da nova ofensiva tarif\u00e1ria dos <strong>Estados Unidos<\/strong>, a China adotou outro caminho. Em vez de negociar, o regime de Xi Jinping decidiu responder com for\u00e7a. A rea\u00e7\u00e3o foi direta: tarifas sobre produtos norte-americanos, bloqueios a empresas dos EUA e corte na exporta\u00e7\u00e3o de minerais estrat\u00e9gicos.<\/p>\n<h2 class=\"wp-block-heading\">Discurso interno e externo foca resist\u00eancia econ\u00f4mica<\/h2>\n<p>Desde o an\u00fancio das tarifas por <strong>Donald Trump<\/strong>, na \u00faltima quarta-feira, 2, jornais estatais e autoridades chinesas iniciaram uma ofensiva ret\u00f3rica. O <em><strong>People\u2019s Daily<\/strong><\/em>, porta-voz do Partido Comunista, afirmou que a China resistiu a san\u00e7\u00f5es desde 2017 e cresceu sob press\u00e3o. Segundo o jornal, quanto maior a tens\u00e3o, mais forte a economia se torna.<\/p>\n<p><strong>+ Leia mais not\u00edcias de Mundo em Oeste<\/strong><\/p>\n<p>Na edi\u00e7\u00e3o de domingo 6, o jornal reconheceu os efeitos negativos das tarifas, mas descartou qualquer risco de colapso. O editorial buscou refor\u00e7ar a confian\u00e7a interna e ressaltar que o pa\u00eds n\u00e3o recuar\u00e1 diante do que classifica como \u201c<em>bullying<\/em>\u201c.<\/p>\n<h2 class=\"wp-block-heading\">Rea\u00e7\u00e3o r\u00e1pida e estrat\u00e9gica de Pequim<\/h2>\n<p>A resposta chinesa veio na sexta-feira 4. Pequim imp\u00f4s tarifa de 34% sobre produtos norte-americanos, mesmo valor aplicado por Trump sobre mercadorias chinesas. Tamb\u00e9m limitou exporta\u00e7\u00f5es de minerais raros e anunciou restri\u00e7\u00f5es a empresas dos Estados Unidos que atuam no pa\u00eds.<\/p>\n<figure class=\"wp-block-embed is-type-video is-provider-youtube wp-block-embed-youtube wp-embed-aspect-16-9 wp-has-aspect-ratio\">\n<div class=\"wp-block-embed__wrapper\">\n<div class=\"perfmatters-lazy-youtube\" data-src=\"https:\/\/www.youtube.com\/embed\/pcTn10V46gg\" data-id=\"pcTn10V46gg\" data-query=\"feature=oembed\" onclick=\"perfmattersLazyLoadYouTube(this);\">\n<div><img fetchpriority=\"high\" decoding=\"async\" src=\"https:\/\/i.ytimg.com\/vi\/pcTn10V46gg\/hqdefault.jpg\" alt=\"YouTube video\" width=\"480\" height=\"360\" data-pin-nopin=\"true\" nopin=\"nopin\"\/><\/div>\n<\/div>\n<p><noscript><iframe title=\"Augusto: &#039;Lula acredita que o povo brasileiro pode ser tratado como um bando de trouxas&#039;\" width=\"800\" height=\"450\" src=\"https:\/\/www.youtube.com\/embed\/pcTn10V46gg?feature=oembed\" frameborder=\"0\" allow=\"accelerometer; autoplay; clipboard-write; encrypted-media; gyroscope; picture-in-picture; web-share\" referrerpolicy=\"strict-origin-when-cross-origin\" allowfullscreen><\/iframe><\/noscript>\n<\/div>\n<\/figure>\n<p>A velocidade da rea\u00e7\u00e3o surpreendeu analistas. Diferente de disputas anteriores, a China agiu sem hesita\u00e7\u00e3o. A decis\u00e3o amplia os riscos de uma nova rodada de retalia\u00e7\u00f5es bilaterais e acirra a guerra comercial entre as duas maiores economias do mundo.<\/p>\n<h2 class=\"wp-block-heading\">China busca aliados e articula nova ordem global<\/h2>\n<p>Na diplomacia, o regime chin\u00eas trabalha para atrair parceiros. Encontros recentes com Jap\u00e3o, Coreia do Sul e Uni\u00e3o Europeia indicam um esfor\u00e7o para formar um bloco contra as tarifas norte-americanas. Esses pa\u00edses tamb\u00e9m foram afetados por taxas de at\u00e9 25%.<\/p>\n<p>Governos do Sudeste Asi\u00e1tico, como Cingapura, veem o cen\u00e1rio com preocupa\u00e7\u00e3o. O primeiro-ministro Lawrence Wong afirmou que a era da globaliza\u00e7\u00e3o chegou ao fim. Segundo ele, o com\u00e9rcio internacional agora vive sob regras arbitr\u00e1rias e ambiente hostil.<\/p>\n<figure class=\"wp-block-embed is-type-video is-provider-youtube wp-block-embed-youtube wp-embed-aspect-16-9 wp-has-aspect-ratio\">\n<div class=\"wp-block-embed__wrapper\">\n<div class=\"perfmatters-lazy-youtube\" data-src=\"https:\/\/www.youtube.com\/embed\/kUpNpCNXgV4\" data-id=\"kUpNpCNXgV4\" data-query=\"feature=oembed\" onclick=\"perfmattersLazyLoadYouTube(this);\">\n<div><img decoding=\"async\" alt=\"YouTube video\" width=\"480\" height=\"360\" data-pin-nopin=\"true\" nopin=\"nopin\" class=\"perfmatters-lazy\" src=\"https:\/\/i.ytimg.com\/vi\/kUpNpCNXgV4\/hqdefault.jpg\"\/><img decoding=\"async\" src=\"https:\/\/i.ytimg.com\/vi\/kUpNpCNXgV4\/hqdefault.jpg\" alt=\"YouTube video\" width=\"480\" height=\"360\" data-pin-nopin=\"true\" nopin=\"nopin\"\/><\/div>\n<\/div>\n<p><noscript><iframe title=\"Hugo Motta vai pautar o PL da Anistia?\" width=\"800\" height=\"450\" src=\"https:\/\/www.youtube.com\/embed\/kUpNpCNXgV4?feature=oembed\" frameborder=\"0\" allow=\"accelerometer; autoplay; clipboard-write; encrypted-media; gyroscope; picture-in-picture; web-share\" referrerpolicy=\"strict-origin-when-cross-origin\" allowfullscreen><\/iframe><\/noscript>\n<\/div>\n<\/figure>\n<h2 class=\"wp-block-heading\">Est\u00edmulos internos tentam compensar impacto no PIB da China<\/h2>\n<p>Apesar da crise no setor imobili\u00e1rio e da alta d\u00edvida p\u00fablica, o governo chin\u00eas anunciou incentivos ao consumo e \u00e0 ind\u00fastria. A meta de crescimento de 5% para 2025 est\u00e1 mantida. O <em>People\u2019s Daily<\/em> refor\u00e7ou que medidas est\u00e3o em curso para proteger a economia.<\/p>\n<p>Economistas do Goldman Sachs estimam que a tarifa de 34% imposta pelos EUA pode cortar 0,7 ponto porcentual do PIB chin\u00eas. No entanto, esperam que o regime reforce os est\u00edmulos internos como contrapartida.<\/p>\n<\/p><\/div>\n<p><br \/>\n<br \/>Fonte: <a href=\"https:\/\/revistaoeste.com\/mundo\/china-reage-com-forca-as-tarifas-dos-eua-e-fala-em-nova-ordem-comercial\/\">Revista Oeste<\/a><\/p>\n","protected":false},"excerpt":{"rendered":"<p>Enquanto governos tentam conter os impactos da nova ofensiva tarif\u00e1ria dos Estados Unidos, a China adotou outro caminho. Em vez de negociar, o regime de Xi Jinping decidiu responder com for\u00e7a. A rea\u00e7\u00e3o foi direta: tarifas sobre produtos norte-americanos, bloqueios a empresas dos EUA e corte na exporta\u00e7\u00e3o de minerais estrat\u00e9gicos. Discurso interno e externo [&hellip;]<\/p>\n","protected":false},"author":5,"featured_media":10877,"comment_status":"open","ping_status":"open","sticky":false,"template":"","format":"standard","meta":{"_seopress_robots_primary_cat":"","_seopress_titles_title":"","_seopress_titles_desc":"","_seopress_robots_index":"","footnotes":""},"categories":[48],"tags":[],"class_list":["post-10876","post","type-post","status-publish","format-standard","has-post-thumbnail","hentry","category-internacional"],"_links":{"self":[{"href":"https:\/\/mussicom.com\/noticias\/wp-json\/wp\/v2\/posts\/10876","targetHints":{"allow":["GET"]}}],"collection":[{"href":"https:\/\/mussicom.com\/noticias\/wp-json\/wp\/v2\/posts"}],"about":[{"href":"https:\/\/mussicom.com\/noticias\/wp-json\/wp\/v2\/types\/post"}],"author":[{"embeddable":true,"href":"https:\/\/mussicom.com\/noticias\/wp-json\/wp\/v2\/users\/5"}],"replies":[{"embeddable":true,"href":"https:\/\/mussicom.com\/noticias\/wp-json\/wp\/v2\/comments?post=10876"}],"version-history":[{"count":0,"href":"https:\/\/mussicom.com\/noticias\/wp-json\/wp\/v2\/posts\/10876\/revisions"}],"wp:featuredmedia":[{"embeddable":true,"href":"https:\/\/mussicom.com\/noticias\/wp-json\/wp\/v2\/media\/10877"}],"wp:attachment":[{"href":"https:\/\/mussicom.com\/noticias\/wp-json\/wp\/v2\/media?parent=10876"}],"wp:term":[{"taxonomy":"category","embeddable":true,"href":"https:\/\/mussicom.com\/noticias\/wp-json\/wp\/v2\/categories?post=10876"},{"taxonomy":"post_tag","embeddable":true,"href":"https:\/\/mussicom.com\/noticias\/wp-json\/wp\/v2\/tags?post=10876"}],"curies":[{"name":"wp","href":"https:\/\/api.w.org\/{rel}","templated":true}]}}