{"id":10852,"date":"2025-04-07T11:44:41","date_gmt":"2025-04-07T14:44:41","guid":{"rendered":"https:\/\/www.mussicom.com\/a-dura-resposta-de-lobao-ao-grito-toca-raul-em-show-morreu-de-fome\/"},"modified":"2025-04-07T11:44:41","modified_gmt":"2025-04-07T14:44:41","slug":"a-dura-resposta-de-lobao-ao-grito-toca-raul-em-show-morreu-de-fome","status":"publish","type":"post","link":"https:\/\/mussicom.com\/noticias\/a-dura-resposta-de-lobao-ao-grito-toca-raul-em-show-morreu-de-fome\/","title":{"rendered":"A dura resposta de Lob\u00e3o ao grito \u201ctoca Raul\u201d em show: \u201cmorreu de fome\u201d"},"content":{"rendered":"<p> <br \/>\n<\/p>\n<div>\n<p>F\u00e3s de m\u00fasica sabem que gritos de \u201ctoca Raul\u201d, em refer\u00eancia a <strong>Raul Seixas<\/strong>, costumam incomodar os m\u00fasicos. Mesmo assim, alguns insistem. E um deles recebeu resposta de <strong>Lob\u00e3o<\/strong>.<\/p>\n<p>O cantor apresentava seu espet\u00e1culo \u201cLuau Indoor\u201d no Teatro Lauro Gomes, em S\u00e3o Bernardo do Campo (SP), no \u00faltimo dia 27 de mar\u00e7o, quando ouviu o famigerado \u201ctoca Raul\u201d entre duas can\u00e7\u00f5es. Irritado, o artista declarou (via <em>Estad\u00e3o<\/em>):<\/p>\n<blockquote class=\"citacao\"><p><em>\u201cA\u00ed n\u00e3o, cara. Eu detesto gente&#8230; eu acho assim at\u00e9 uma coisa anti-rock\u2019n\u2019roll&#8230; voc\u00eas sabem qual \u00e9 o subtexto para quem est\u00e1 no palco? \u2018Olha, teu show t\u00e1 uma merda, toca alguma coisa que seja mais interessante do que voc\u00ea est\u00e1 tocando\u2019.\u201d<\/em><\/p><\/blockquote>\n<p>Na opini\u00e3o do artista de nome Jo\u00e3o Luiz Woerdenbag Filho, este tipo de manifesta\u00e7\u00e3o \u00e9 \u201cum erro dentro da plateia do rock\u2019n\u2019roll brasileiro\u201d. Ele explica o motivo:<\/p>\n<blockquote class=\"citacao\"><p><em>\u201cPrimeiro porque o Raul morreu de fome, um mendigo, que na \u00e9poca que deveria receber o \u2018Toca Raul\u2019, ele n\u00e3o estava recebendo o \u2018Toca Raul\u2019. Agora \u00e9 tarde.\u201d<\/em><\/p><\/blockquote>\n<p><iframe title=\"Lob\u00e3o se irrita ao ouvir grito de &#039;toca Raul&#039; em show: &#039;Raul morreu de fome&#039;\" width=\"800\" height=\"450\" src=\"https:\/\/www.youtube.com\/embed\/_xV_4_RAz2w?feature=oembed\" frameborder=\"0\" allow=\"accelerometer; autoplay; clipboard-write; encrypted-media; gyroscope; picture-in-picture; web-share\" referrerpolicy=\"strict-origin-when-cross-origin\" allowfullscreen><\/iframe><\/p>\n<p>Embora n\u00e3o tenha \u201cmorrido de fome\u201d, Seixas enfrentou problemas em sua carreira antes de falecer em 1989, aos 44 anos. O m\u00fasico sofreu com o alcoolismo e mesmo quando emplacava algum hit, como <strong>\u201cCowboy Fora da Lei\u201d<\/strong>, n\u00e3o conseguia sair em turn\u00ea. Em seus \u00faltimos tempos de vida, havia voltado a excursionar e a estar em evid\u00eancia em uma parceria com <strong>Marcelo Nova<\/strong>.<\/p>\n<h3>Lob\u00e3o explica racioc\u00ednio<\/h3>\n<p>Em v\u00eddeo publicado \u2014 e removido \u2014 nas redes sociais, Lob\u00e3o explicou seu ponto de vista a respeito da situa\u00e7\u00e3o. Reconhecendo estar \u201cmais tranquilo\u201d e \u201cimune ao calor do palco\u201d, o m\u00fasico afirmou que o inc\u00f4modo n\u00e3o se deu especificamente com o grito \u201ctoca Raul\u201d, mas com a \u201cinterrup\u00e7\u00e3o abrupta e violenta\u201d da apresenta\u00e7\u00e3o, algo que afeta \u201cqualquer artista, seja de boate, de churrascaria, de show\u201d.<\/p>\n<blockquote class=\"citacao\"><p><em>\u201cPensa assim: uma doceira, um cozinheiro, que prepara meticulosamente um card\u00e1pio, o bolinho, a entrada, a sa\u00edda (&#8230;) e vem um cara e grita: \u2018Toca isso, toca aquilo\u2019. Se voc\u00ea chegar no meu show e disser: \u2018Toca Vida Bandida\u2019, eu vou dizer: \u2018Calma a\u00ed, eu vou tocar. Sem ejacula\u00e7\u00e3o precoce\u2019.\u201d<\/em><\/p><\/blockquote>\n<p>Sobre o que disse de Raul, Lob\u00e3o garantiu estar defendendo o \u00edcone do rock nacional. Ele afirmou:<\/p>\n<blockquote class=\"citacao\"><p><em>\u201cRaul n\u00e3o tem nenhum problema. Se \u00e9 o Raul, o Vinicius de Moraes, o Jimi Hendrix, o Lob\u00e3o&#8230;N\u00e3o me interessa. O problema \u00e9 a interven\u00e7\u00e3o, a interrup\u00e7\u00e3o. Pensa nisso! [&#8230;] Tem a falta de envolvimento com o show. Quem gosta de ouvir, quem gosta de show, n\u00e3o digo nem de rock, mas quem gosta de cultura em geral, tem que entender que interromper dessa forma \u00e9 uma forma de dizer que voc\u00ea n\u00e3o est\u00e1 entendendo nada.\u201d<\/em><\/p><\/blockquote>\n<p><strong>+++ LEIA MAIS: P.O.D.: Sonny Sandoval fala \u00e0 RS sobre single com argentino, Brasil e carreira<br \/>+++ LEIA MAIS: Beat no Brasil: Adrian Belew fala \u00e0 RS sobre show, supergrupo e King Crimson dos anos 80<br \/>+++ LEIA MAIS: Steven Wilson fala \u00e0 RS sobre The Overview, insignific\u00e2ncia humana, prog e Brasil<br \/>+++ Siga a Rolling Stone Brasil @rollingstonebrasil no Instagram<br \/>+++ Siga o jornalista Igor Miranda @igormirandasite no Instagram<\/strong><\/p>\n<\/div>\n<p><script async src=\"\/\/www.instagram.com\/embed.js\"><\/script><br \/>\n<br \/><br \/>\n<br \/>Fonte: <a href=\"https:\/\/rollingstone.com.br\/musica\/a-dura-resposta-de-lobao-ao-grito-toca-raul-em-show-morreu-de-fome\/\">rollingstone.com.br<\/a><\/p>\n","protected":false},"excerpt":{"rendered":"<p>F\u00e3s de m\u00fasica sabem que gritos de \u201ctoca Raul\u201d, em refer\u00eancia a Raul Seixas, costumam incomodar os m\u00fasicos. Mesmo assim, alguns insistem. E um deles recebeu resposta de Lob\u00e3o. O cantor apresentava seu espet\u00e1culo \u201cLuau Indoor\u201d no Teatro Lauro Gomes, em S\u00e3o Bernardo do Campo (SP), no \u00faltimo dia 27 de mar\u00e7o, quando ouviu o [&hellip;]<\/p>\n","protected":false},"author":5,"featured_media":10853,"comment_status":"open","ping_status":"open","sticky":false,"template":"","format":"standard","meta":{"_seopress_robots_primary_cat":"","_seopress_titles_title":"","_seopress_titles_desc":"","_seopress_robots_index":"","footnotes":""},"categories":[51],"tags":[],"class_list":["post-10852","post","type-post","status-publish","format-standard","has-post-thumbnail","hentry","category-musica"],"_links":{"self":[{"href":"https:\/\/mussicom.com\/noticias\/wp-json\/wp\/v2\/posts\/10852","targetHints":{"allow":["GET"]}}],"collection":[{"href":"https:\/\/mussicom.com\/noticias\/wp-json\/wp\/v2\/posts"}],"about":[{"href":"https:\/\/mussicom.com\/noticias\/wp-json\/wp\/v2\/types\/post"}],"author":[{"embeddable":true,"href":"https:\/\/mussicom.com\/noticias\/wp-json\/wp\/v2\/users\/5"}],"replies":[{"embeddable":true,"href":"https:\/\/mussicom.com\/noticias\/wp-json\/wp\/v2\/comments?post=10852"}],"version-history":[{"count":0,"href":"https:\/\/mussicom.com\/noticias\/wp-json\/wp\/v2\/posts\/10852\/revisions"}],"wp:featuredmedia":[{"embeddable":true,"href":"https:\/\/mussicom.com\/noticias\/wp-json\/wp\/v2\/media\/10853"}],"wp:attachment":[{"href":"https:\/\/mussicom.com\/noticias\/wp-json\/wp\/v2\/media?parent=10852"}],"wp:term":[{"taxonomy":"category","embeddable":true,"href":"https:\/\/mussicom.com\/noticias\/wp-json\/wp\/v2\/categories?post=10852"},{"taxonomy":"post_tag","embeddable":true,"href":"https:\/\/mussicom.com\/noticias\/wp-json\/wp\/v2\/tags?post=10852"}],"curies":[{"name":"wp","href":"https:\/\/api.w.org\/{rel}","templated":true}]}}