{"id":10712,"date":"2025-04-06T18:54:18","date_gmt":"2025-04-06T21:54:18","guid":{"rendered":"https:\/\/mussicom.com\/so-um-psicopata-para-dizer-que-houve-uma-tentativa-armada-de-golpe-diz-bolsonaro\/"},"modified":"2025-04-06T18:54:18","modified_gmt":"2025-04-06T21:54:18","slug":"so-um-psicopata-para-dizer-que-houve-uma-tentativa-armada-de-golpe-diz-bolsonaro","status":"publish","type":"post","link":"https:\/\/mussicom.com\/noticias\/so-um-psicopata-para-dizer-que-houve-uma-tentativa-armada-de-golpe-diz-bolsonaro\/","title":{"rendered":"&#8216;S\u00f3 um psicopata para dizer que houve uma tentativa armada de golpe&#8217;, diz Bolsonaro"},"content":{"rendered":"<p> <br \/>\n<\/p>\n<div id=\"hd80s9wa1h892edh8192\">\n<p>O ex-presidente Jair Bolsonaro disse que apenas um \u201cpsicopata\u201d poderia chamar o que aconteceu em 8 de janeiro de 2023 de \u201ctentativa armada de golpe militar\u201d. O pol\u00edtico deu a declara\u00e7\u00e3o durante discurso neste domingo, 6, na Avenida Paulista, em S\u00e3o Paulo, onde participou de manifesta\u00e7\u00e3o pela anistia dos presos pelos atos na Pra\u00e7a dos Tr\u00eas Poderes.<\/p>\n<p>\u201cS\u00f3 um psicopata para falar que aquilo que aconteceu em 8 de janeiro foi uma tentativa armada de golpe militar e para condenar essas pessoas\u201d, afirmou Bolsonaro. \u201cOlha s\u00f3 o que est\u00e1 acontecendo no Supremo no dia de hoje, apesar de domingo. Eles j\u00e1 formaram maioria para condenar um pipoqueiro e um sorveteiro por golpe de Estado.\u201d<\/p>\n<p><strong>+ Leia mais not\u00edcias de Pol\u00edtica em Oeste<\/strong><\/p>\n<p>O ex-presidente se referiu ao caso do vendedor de pipocas <em>gourmet <\/em>Carlos Eifler, de 54 anos, e do vendedor de picol\u00e9 Otoniel Cruz, de 45 anos. O <strong>Supremo Tribunal Federal<\/strong> (STF) formou maioria para condenar os ambulantes.<\/p>\n<p>Organizado pelo pastor Silas Malafaia, milhares de manifestantes estiveram na Avenida Paulista para defender o Projeto de Lei da Anistia, que tramita na C\u00e2mara dos Deputados. A proposta concede um indulto aos presos pelos atos de 8 de janeiro de 2023.<\/p>\n<h2 class=\"wp-block-heading\">Bolsonaro lembra do caso de D\u00e9bora dos Santos<\/h2>\n<figure class=\"wp-block-image aligncenter size-full\"><picture><source data-srcset=\"https:\/\/medias.revistaoeste.com\/wp-content\/uploads\/2025\/04\/anistia-de-batom-thiago-vieira-scaled.jpg.webp 2560w, https:\/\/medias.revistaoeste.com\/wp-content\/uploads\/2025\/04\/anistia-de-batom-thiago-vieira-300x225.jpg.webp 300w, https:\/\/medias.revistaoeste.com\/wp-content\/uploads\/2025\/04\/anistia-de-batom-thiago-vieira-150x113.jpg.webp 150w\" data-sizes=\"(max-width: 2560px) 100vw, 2560px\" type=\"image\/webp\"><img fetchpriority=\"high\" decoding=\"async\" width=\"2560\" height=\"1920\" src=\"https:\/\/medias.revistaoeste.com\/wp-content\/uploads\/2025\/04\/anistia-de-batom-thiago-vieira-scaled.jpg\" alt=\"anistia de batom - thiago vieira\" class=\"wp-image-1949503\" srcset=\"https:\/\/medias.revistaoeste.com\/wp-content\/uploads\/2025\/04\/anistia-de-batom-thiago-vieira-scaled.jpg 2560w, https:\/\/medias.revistaoeste.com\/wp-content\/uploads\/2025\/04\/anistia-de-batom-thiago-vieira-300x225.jpg 300w, https:\/\/medias.revistaoeste.com\/wp-content\/uploads\/2025\/04\/anistia-de-batom-thiago-vieira-150x113.jpg 150w\" sizes=\"(max-width: 2560px) 100vw, 2560px\" data-eio=\"p\"\/><\/source><\/picture><figcaption class=\"wp-element-caption\">Na manifestante Simone Vieira, de 62 anos, batom serviu para escrever numa camiseta: \u2018Anistia j\u00e1\u2019 | Foto: Thiago Vieira\/Revista <b>Oeste<\/b><\/figcaption><\/figure>\n<p>Entre os condenados, est\u00e1 a <strong>cabeleireira D\u00e9bora dos Santos, conhecida por escrever, com batom, \u201cPerdeu, man\u00e9\u201d, na Estatua da Justi\u00e7a, em Bras\u00edlia.<\/strong> Durante discurso, Bolsonaro citou o caso da moradora de Paul\u00ednia (SP), que ficou dois anos presa no Centro de Ressocializa\u00e7\u00e3o Feminino de Rio Claro (SP) e, agora, cumpre pris\u00e3o domiciliar.<\/p>\n<p>\u201cEstamos aqui impulsionados pelo epis\u00f3dio da D\u00e9bora\u201d, disse o ex-presidente, ao convidar a m\u00e3e e a irm\u00e3 da cabeleireira. \u201cSe a mission\u00e1ria [<em>m\u00e3e de D\u00e9bora<\/em>] chora pela aus\u00eancia da filha de 39 anos, imagine o qu\u00e3o chora a D\u00e9bora pelos seus filhos de 10 e 7 anos de idade. Voc\u00ea, m\u00e3e, imagine, por dois anos, dormir e acordar sem o calor dos seus filhos ao seu lado. N\u00e3o tenho adjetivo para qualificar quem condena uma m\u00e3e de dois filhos a uma pena t\u00e3o absurda, por um crime que ela n\u00e3o cometeu.\u201d<\/p>\n<h2 class=\"wp-block-heading\">Ex-presidente comenta acusa\u00e7\u00f5es<\/h2>\n<p>Bolsonaro aproveitou o ato para se defender das acusa\u00e7\u00f5es de ter tentado um suposto golpe de Estado. \u201cQuando falam do \u2018s\u00edtio defesa\u2019, que eu queria dar o golpe em cima disso, o primeiro movimento para o \u2018s\u00edtio defesa\u2019 \u00e9 convocar conselhos, nem isso foi convocado, nem ato preparat\u00f3rio houve\u201d, afirmou.<\/p>\n<p>Ele ainda citou a dura\u00e7\u00e3o das penas dos condenados pelo 8 de janeiro. Bolsonaro comparou as condena\u00e7\u00f5es com as de criminosos. \u201cA luta \u00e9 pela liberdade dessas pobres pessoas, que est\u00e3o condenadas a penas de at\u00e9 17 anos de cadeira\u201d, disse. \u201cAqui tem um mont\u00e3o de policial militar que j\u00e1 prendeu muito vagabundo, duvido que a maioria desses criminosos puxaram uma cana de 17 anos. Isso \u00e9 maldade, uma desumanidade.\u201d<\/p>\n<p>O ex-presidente tamb\u00e9m criticou os ministros do STF e afirmou que o \u201cgolpe foi dado\u201d nas elei\u00e7\u00f5es de 2022. \u201cO candidato deles est\u00e1 l\u00e1\u201d, disse, ao se referir ao presidente Luiz In\u00e1cio Lula da Silva.<\/p>\n<figure class=\"wp-block-embed is-type-video is-provider-youtube wp-block-embed-youtube wp-embed-aspect-16-9 wp-has-aspect-ratio\">\n<div class=\"wp-block-embed__wrapper\">\n<div class=\"perfmatters-lazy-youtube\" data-src=\"https:\/\/www.youtube.com\/embed\/_iEIqxVHsgE\" data-id=\"_iEIqxVHsgE\" data-query=\"feature=oembed\" onclick=\"perfmattersLazyLoadYouTube(this);\">\n<div><img decoding=\"async\" alt=\"YouTube video\" width=\"480\" height=\"360\" data-pin-nopin=\"true\" nopin=\"nopin\" class=\"perfmatters-lazy\" src=\"https:\/\/i.ytimg.com\/vi\/_iEIqxVHsgE\/hqdefault.jpg\"\/><img decoding=\"async\" src=\"https:\/\/i.ytimg.com\/vi\/_iEIqxVHsgE\/hqdefault.jpg\" alt=\"YouTube video\" width=\"480\" height=\"360\" data-pin-nopin=\"true\" nopin=\"nopin\"\/><\/div>\n<\/div>\n<p><noscript><iframe title=\"POVO NA RUA POR ANISTIA J\u00c1 - MANIFESTA\u00c7\u00c3O NA AV. PAULISTA - COBERTURA ESPECIAL DA OESTE, \u00c0S 13H\" width=\"800\" height=\"450\" src=\"https:\/\/www.youtube.com\/embed\/_iEIqxVHsgE?feature=oembed\" frameborder=\"0\" allow=\"accelerometer; autoplay; clipboard-write; encrypted-media; gyroscope; picture-in-picture; web-share\" referrerpolicy=\"strict-origin-when-cross-origin\" allowfullscreen><\/iframe><\/noscript>\n<\/div>\n<\/figure>\n<p><related-posts class=\"border-y border-gray-300 py-5\"><\/p>\n<h2 class=\"!text-2xl text-black font-primary font-semibold leading-none mb-3\">\n    Leia tamb\u00e9m:<br \/>\n  <\/h2>\n<p><\/related-posts><\/p><\/div>\n<p><br \/>\n<br \/>Fonte: <a href=\"https:\/\/revistaoeste.com\/politica\/so-um-psicopata-para-dizer-que-houve-uma-tentativa-armada-de-golpe-diz-bolsonaro\/\">Ag\u00eancia Brasil<\/a><\/p>\n","protected":false},"excerpt":{"rendered":"<p>O ex-presidente Jair Bolsonaro disse que apenas um \u201cpsicopata\u201d poderia chamar o que aconteceu em 8 de janeiro de 2023 de \u201ctentativa armada de golpe militar\u201d. O pol\u00edtico deu a declara\u00e7\u00e3o durante discurso neste domingo, 6, na Avenida Paulista, em S\u00e3o Paulo, onde participou de manifesta\u00e7\u00e3o pela anistia dos presos pelos atos na Pra\u00e7a dos [&hellip;]<\/p>\n","protected":false},"author":5,"featured_media":10713,"comment_status":"open","ping_status":"open","sticky":false,"template":"","format":"standard","meta":{"_seopress_robots_primary_cat":"","_seopress_titles_title":"","_seopress_titles_desc":"","_seopress_robots_index":"","footnotes":""},"categories":[47,1],"tags":[],"class_list":["post-10712","post","type-post","status-publish","format-standard","has-post-thumbnail","hentry","category-politica","category-ultimas-noticias"],"_links":{"self":[{"href":"https:\/\/mussicom.com\/noticias\/wp-json\/wp\/v2\/posts\/10712","targetHints":{"allow":["GET"]}}],"collection":[{"href":"https:\/\/mussicom.com\/noticias\/wp-json\/wp\/v2\/posts"}],"about":[{"href":"https:\/\/mussicom.com\/noticias\/wp-json\/wp\/v2\/types\/post"}],"author":[{"embeddable":true,"href":"https:\/\/mussicom.com\/noticias\/wp-json\/wp\/v2\/users\/5"}],"replies":[{"embeddable":true,"href":"https:\/\/mussicom.com\/noticias\/wp-json\/wp\/v2\/comments?post=10712"}],"version-history":[{"count":0,"href":"https:\/\/mussicom.com\/noticias\/wp-json\/wp\/v2\/posts\/10712\/revisions"}],"wp:featuredmedia":[{"embeddable":true,"href":"https:\/\/mussicom.com\/noticias\/wp-json\/wp\/v2\/media\/10713"}],"wp:attachment":[{"href":"https:\/\/mussicom.com\/noticias\/wp-json\/wp\/v2\/media?parent=10712"}],"wp:term":[{"taxonomy":"category","embeddable":true,"href":"https:\/\/mussicom.com\/noticias\/wp-json\/wp\/v2\/categories?post=10712"},{"taxonomy":"post_tag","embeddable":true,"href":"https:\/\/mussicom.com\/noticias\/wp-json\/wp\/v2\/tags?post=10712"}],"curies":[{"name":"wp","href":"https:\/\/api.w.org\/{rel}","templated":true}]}}