{"id":10656,"date":"2025-04-06T12:45:21","date_gmt":"2025-04-06T15:45:21","guid":{"rendered":"https:\/\/www.mussicom.com\/bolsonaro-se-reune-com-aliados-no-palacio-dos-bandeirantes\/"},"modified":"2025-04-06T12:45:21","modified_gmt":"2025-04-06T15:45:21","slug":"bolsonaro-se-reune-com-aliados-no-palacio-dos-bandeirantes","status":"publish","type":"post","link":"https:\/\/mussicom.com\/noticias\/bolsonaro-se-reune-com-aliados-no-palacio-dos-bandeirantes\/","title":{"rendered":"Bolsonaro se re\u00fane com aliados no Pal\u00e1cio dos Bandeirantes"},"content":{"rendered":"<p> <br \/>\n<\/p>\n<div id=\"hd80s9wa1h892edh8192\">\n<p>O ex-presidente Jair Bolsonaro passou a manh\u00e3 deste domingo, 6, no Pal\u00e1cio dos Bandeirantes. Na sede do governo paulista, ele se reuniu com o govenador Tarc\u00edsio de Freitas. Outros pol\u00edticos, incluindo parlamentares da oposi\u00e7\u00e3o ao presidente Luiz In\u00e1cio Lula da Silva e governadores, participaram da reuni\u00e3o. Depois, esse grupo pol\u00edtico vai se dirigir \u00e0 Avenida Paulista, um dos principais cart\u00f5es postais da cidade de S\u00e3o Paulo, onde vai ocorrer, a partir das 14h, ato em prol da anistia aos presos e condenados pelas manifesta\u00e7\u00f5es ocorridas em 8 de janeiro de 2023.<\/p>\n<p><strong>Oeste<\/strong> realiza cobertura especial \u2014 e ao vivo \u2014 do ato na Paulista a partir das 13h.<\/p>\n<figure class=\"wp-block-embed is-type-video is-provider-youtube wp-block-embed-youtube wp-embed-aspect-4-3 wp-has-aspect-ratio\">\n<div class=\"wp-block-embed__wrapper\">\n<div class=\"perfmatters-lazy-youtube\" data-src=\"https:\/\/www.youtube.com\/embed\/_iEIqxVHsgE\" data-id=\"_iEIqxVHsgE\" data-query=\"feature=oembed\" onclick=\"perfmattersLazyLoadYouTube(this);\">\n<div><img fetchpriority=\"high\" decoding=\"async\" src=\"https:\/\/i.ytimg.com\/vi\/_iEIqxVHsgE\/hqdefault.jpg\" alt=\"YouTube video\" width=\"480\" height=\"360\" data-pin-nopin=\"true\" nopin=\"nopin\"\/><\/div>\n<\/div>\n<p><noscript><iframe title=\"POVO NA RUA POR ANISTIA J\u00c1 - MANIFESTA\u00c7\u00c3O NA AV. PAULISTA - COBERTURA ESPECIAL DA OESTE, \u00c0S 13H\" width=\"800\" height=\"600\" src=\"https:\/\/www.youtube.com\/embed\/_iEIqxVHsgE?feature=oembed\" frameborder=\"0\" allow=\"accelerometer; autoplay; clipboard-write; encrypted-media; gyroscope; picture-in-picture; web-share\" referrerpolicy=\"strict-origin-when-cross-origin\" allowfullscreen><\/iframe><\/noscript>\n<\/div>\n<\/figure><\/div>\n<p><br \/>\n<br \/>Fonte: <a href=\"https:\/\/revistaoeste.com\/politica\/bolsonaro-se-reune-com-aliados-no-palacio-dos-bandeirantes\/\">Ag\u00eancia Brasil<\/a><\/p>\n","protected":false},"excerpt":{"rendered":"<p>O ex-presidente Jair Bolsonaro passou a manh\u00e3 deste domingo, 6, no Pal\u00e1cio dos Bandeirantes. Na sede do governo paulista, ele se reuniu com o govenador Tarc\u00edsio de Freitas. Outros pol\u00edticos, incluindo parlamentares da oposi\u00e7\u00e3o ao presidente Luiz In\u00e1cio Lula da Silva e governadores, participaram da reuni\u00e3o. Depois, esse grupo pol\u00edtico vai se dirigir \u00e0 Avenida [&hellip;]<\/p>\n","protected":false},"author":5,"featured_media":10657,"comment_status":"open","ping_status":"open","sticky":false,"template":"","format":"standard","meta":{"_seopress_robots_primary_cat":"","_seopress_titles_title":"","_seopress_titles_desc":"","_seopress_robots_index":"","footnotes":""},"categories":[47,1],"tags":[],"class_list":["post-10656","post","type-post","status-publish","format-standard","has-post-thumbnail","hentry","category-politica","category-ultimas-noticias"],"_links":{"self":[{"href":"https:\/\/mussicom.com\/noticias\/wp-json\/wp\/v2\/posts\/10656","targetHints":{"allow":["GET"]}}],"collection":[{"href":"https:\/\/mussicom.com\/noticias\/wp-json\/wp\/v2\/posts"}],"about":[{"href":"https:\/\/mussicom.com\/noticias\/wp-json\/wp\/v2\/types\/post"}],"author":[{"embeddable":true,"href":"https:\/\/mussicom.com\/noticias\/wp-json\/wp\/v2\/users\/5"}],"replies":[{"embeddable":true,"href":"https:\/\/mussicom.com\/noticias\/wp-json\/wp\/v2\/comments?post=10656"}],"version-history":[{"count":0,"href":"https:\/\/mussicom.com\/noticias\/wp-json\/wp\/v2\/posts\/10656\/revisions"}],"wp:featuredmedia":[{"embeddable":true,"href":"https:\/\/mussicom.com\/noticias\/wp-json\/wp\/v2\/media\/10657"}],"wp:attachment":[{"href":"https:\/\/mussicom.com\/noticias\/wp-json\/wp\/v2\/media?parent=10656"}],"wp:term":[{"taxonomy":"category","embeddable":true,"href":"https:\/\/mussicom.com\/noticias\/wp-json\/wp\/v2\/categories?post=10656"},{"taxonomy":"post_tag","embeddable":true,"href":"https:\/\/mussicom.com\/noticias\/wp-json\/wp\/v2\/tags?post=10656"}],"curies":[{"name":"wp","href":"https:\/\/api.w.org\/{rel}","templated":true}]}}