{"id":10557,"date":"2025-04-05T23:15:40","date_gmt":"2025-04-06T02:15:40","guid":{"rendered":"https:\/\/www.mussicom.com\/netanyahu-sera-primeiro-lider-estrangeiro-a-se-encontrar-com-trump-apos-tarifaco\/"},"modified":"2025-04-05T23:15:40","modified_gmt":"2025-04-06T02:15:40","slug":"netanyahu-sera-primeiro-lider-estrangeiro-a-se-encontrar-com-trump-apos-tarifaco","status":"publish","type":"post","link":"https:\/\/mussicom.com\/noticias\/netanyahu-sera-primeiro-lider-estrangeiro-a-se-encontrar-com-trump-apos-tarifaco\/","title":{"rendered":"Netanyahu ser\u00e1 primeiro l\u00edder estrangeiro a se encontrar com Trump ap\u00f3s tarifa\u00e7o"},"content":{"rendered":"<p> <br \/>\n<\/p>\n<div><\/p>\n<div>Encontro entre Trump e Netanyahu na Casa Branca ter\u00e1 como um dos principais assuntos a tarifa americana de 17% sobre importa\u00e7\u00f5es de Israel<\/div>\n<\/div>\n<p><br \/>\n<br \/>Fonte: <a href=\"https:\/\/www.gazetadopovo.com.br\/mundo\/netanyahu-sera-primeiro-lider-estrangeiro-encontrar-trump-apos-tarifaco\/\">Revista Oeste<\/a><\/p>\n","protected":false},"excerpt":{"rendered":"<p>Encontro entre Trump e Netanyahu na Casa Branca ter\u00e1 como um dos principais assuntos a tarifa americana de 17% sobre importa\u00e7\u00f5es de Israel Fonte: Revista Oeste<\/p>\n","protected":false},"author":5,"featured_media":10558,"comment_status":"open","ping_status":"open","sticky":false,"template":"","format":"standard","meta":{"_seopress_robots_primary_cat":"","_seopress_titles_title":"","_seopress_titles_desc":"","_seopress_robots_index":"","footnotes":""},"categories":[1],"tags":[],"class_list":["post-10557","post","type-post","status-publish","format-standard","has-post-thumbnail","hentry","category-ultimas-noticias"],"_links":{"self":[{"href":"https:\/\/mussicom.com\/noticias\/wp-json\/wp\/v2\/posts\/10557","targetHints":{"allow":["GET"]}}],"collection":[{"href":"https:\/\/mussicom.com\/noticias\/wp-json\/wp\/v2\/posts"}],"about":[{"href":"https:\/\/mussicom.com\/noticias\/wp-json\/wp\/v2\/types\/post"}],"author":[{"embeddable":true,"href":"https:\/\/mussicom.com\/noticias\/wp-json\/wp\/v2\/users\/5"}],"replies":[{"embeddable":true,"href":"https:\/\/mussicom.com\/noticias\/wp-json\/wp\/v2\/comments?post=10557"}],"version-history":[{"count":0,"href":"https:\/\/mussicom.com\/noticias\/wp-json\/wp\/v2\/posts\/10557\/revisions"}],"wp:featuredmedia":[{"embeddable":true,"href":"https:\/\/mussicom.com\/noticias\/wp-json\/wp\/v2\/media\/10558"}],"wp:attachment":[{"href":"https:\/\/mussicom.com\/noticias\/wp-json\/wp\/v2\/media?parent=10557"}],"wp:term":[{"taxonomy":"category","embeddable":true,"href":"https:\/\/mussicom.com\/noticias\/wp-json\/wp\/v2\/categories?post=10557"},{"taxonomy":"post_tag","embeddable":true,"href":"https:\/\/mussicom.com\/noticias\/wp-json\/wp\/v2\/tags?post=10557"}],"curies":[{"name":"wp","href":"https:\/\/api.w.org\/{rel}","templated":true}]}}