{"id":10492,"date":"2025-04-05T16:16:53","date_gmt":"2025-04-05T19:16:53","guid":{"rendered":"https:\/\/mussicom.com\/hamas-removeu-milhares-de-nomes-de-lista-de-mortes-em-gaza\/"},"modified":"2025-04-05T16:16:53","modified_gmt":"2025-04-05T19:16:53","slug":"hamas-removeu-milhares-de-nomes-de-lista-de-mortes-em-gaza","status":"publish","type":"post","link":"https:\/\/mussicom.com\/noticias\/hamas-removeu-milhares-de-nomes-de-lista-de-mortes-em-gaza\/","title":{"rendered":"Hamas removeu milhares de nomes de lista de mortes em Gaza"},"content":{"rendered":"<p> <br \/>\n<\/p>\n<div id=\"hd80s9wa1h892edh8192\">\n<p>Um relat\u00f3rio recente revelou que o grupo terrorista Hamas alterou silenciosamente os n\u00fameros de mortes no conflito em Gaza. A organiza\u00e7\u00e3o <strong>Honest Reporting<\/strong>, dos Estados Unidos, destacou a remo\u00e7\u00e3o de milhares de mortes anteriormente listadas. O jornal brit\u00e2nico <em>The Daily Telegraph<\/em> divulgou a informa\u00e7\u00e3o na \u00faltima quinta-feira, 3.<\/p>\n<p>Salo Aizenberg, da Honest Reporting, afirmou que, em mar\u00e7o de 2025, o Hamas retirou dos relat\u00f3rios 3,4 mil mortes de pessoas j\u00e1 identificadas, o que inclui 1 mil mortes de crian\u00e7as. Segundo ele, essas fatalidades, que nunca ocorreram, foram manipuladas.<\/p>\n<p><strong>+ Leia mais not\u00edcias de Mundo em Oeste<\/strong><\/p>\n<p>Andrew Fox, autor do relat\u00f3rio, sugere que as exclus\u00f5es visam a manter a credibilidade do Hamas, apesar de seus sistemas terem ca\u00eddo em novembro de 2023, o que dificultaria a precis\u00e3o dos relat\u00f3rios.<\/p>\n<p>Fox explicou que os dados do grupo terrorista s\u00e3o pouco confi\u00e1veis, e a m\u00eddia n\u00e3o deveria cit\u00e1-los. \u201cO Hamas divulga listas como PDFs, dificultando compara\u00e7\u00f5es, mas transferimos nomes para Excel para an\u00e1lise em massa\u201d, afirmou.<\/p>\n<h2 class=\"wp-block-heading\">Hamas mente ao dizer que a maioria das mortes s\u00e3o de civis, diz organiza\u00e7\u00e3o<\/h2>\n<figure class=\"wp-block-embed is-type-video is-provider-youtube wp-block-embed-youtube wp-embed-aspect-16-9 wp-has-aspect-ratio\">\n<div class=\"wp-block-embed__wrapper\">\n<div class=\"perfmatters-lazy-youtube\" data-src=\"https:\/\/www.youtube.com\/embed\/pxmllQe5asQ\" data-id=\"pxmllQe5asQ\" data-query=\"feature=oembed\" onclick=\"perfmattersLazyLoadYouTube(this);\">\n<div><img fetchpriority=\"high\" decoding=\"async\" src=\"https:\/\/i.ytimg.com\/vi\/pxmllQe5asQ\/hqdefault.jpg\" alt=\"YouTube video\" width=\"480\" height=\"360\" data-pin-nopin=\"true\" nopin=\"nopin\"\/><\/div>\n<\/div>\n<p><noscript><iframe title=\"Major Rafael Rozenszajn se revolta com apoio de esquerdistas ao Hamas: &#039;Querem aniquilar Israel&#039;\" width=\"800\" height=\"450\" src=\"https:\/\/www.youtube.com\/embed\/pxmllQe5asQ?feature=oembed\" frameborder=\"0\" allow=\"accelerometer; autoplay; clipboard-write; encrypted-media; gyroscope; picture-in-picture; web-share\" referrerpolicy=\"strict-origin-when-cross-origin\" allowfullscreen><\/iframe><\/noscript>\n<\/div>\n<\/figure>\n<p>Ele destacou que a demografia das v\u00edtimas enfraquece a alega\u00e7\u00e3o de que a maioria s\u00e3o civis. \u201cCerca de 72% das fatalidades s\u00e3o homens entre 13 e 55 anos, faixa dos combatentes do Hamas\u201d, observou.<\/p>\n<p>O Minist\u00e9rio da Sa\u00fade, operado pelo Hamas, inflou n\u00fameros ao n\u00e3o distinguir civis de combatentes e supernotificar mulheres e crian\u00e7as, ao incluir at\u00e9 mortos antes do conflito.<\/p>\n<p>O Hamas alega que as mortes em Gaza passam de 50 mil, enquanto as For\u00e7as de Defesa de Israel (FDI) dizem que 20 mil combatentes morreram. As FDI afirmam mitigar baixas civis.<\/p>\n<p>\u201cAs FDI nunca teve, e nunca ter\u00e1, crian\u00e7as como alvos deliberados\u201d, afirmaram.<\/p>\n<p><related-posts class=\"border-y border-gray-300 py-5\"><\/p>\n<h2 class=\"!text-2xl text-black font-primary font-semibold leading-none mb-3\">\n    Leia tamb\u00e9m:<br \/>\n  <\/h2>\n<p><\/related-posts><\/p><\/div>\n<p><br \/>\n<br \/>Fonte: <a href=\"https:\/\/revistaoeste.com\/mundo\/hamas-removeu-milhares-de-nomes-de-lista-de-mortes-em-gaza-mostra-relatorio\/\">Revista Oeste<\/a><\/p>\n","protected":false},"excerpt":{"rendered":"<p>Um relat\u00f3rio recente revelou que o grupo terrorista Hamas alterou silenciosamente os n\u00fameros de mortes no conflito em Gaza. A organiza\u00e7\u00e3o Honest Reporting, dos Estados Unidos, destacou a remo\u00e7\u00e3o de milhares de mortes anteriormente listadas. O jornal brit\u00e2nico The Daily Telegraph divulgou a informa\u00e7\u00e3o na \u00faltima quinta-feira, 3. Salo Aizenberg, da Honest Reporting, afirmou que, [&hellip;]<\/p>\n","protected":false},"author":5,"featured_media":10493,"comment_status":"open","ping_status":"open","sticky":false,"template":"","format":"standard","meta":{"_seopress_robots_primary_cat":"","_seopress_titles_title":"","_seopress_titles_desc":"","_seopress_robots_index":"","footnotes":""},"categories":[48],"tags":[],"class_list":["post-10492","post","type-post","status-publish","format-standard","has-post-thumbnail","hentry","category-internacional"],"_links":{"self":[{"href":"https:\/\/mussicom.com\/noticias\/wp-json\/wp\/v2\/posts\/10492","targetHints":{"allow":["GET"]}}],"collection":[{"href":"https:\/\/mussicom.com\/noticias\/wp-json\/wp\/v2\/posts"}],"about":[{"href":"https:\/\/mussicom.com\/noticias\/wp-json\/wp\/v2\/types\/post"}],"author":[{"embeddable":true,"href":"https:\/\/mussicom.com\/noticias\/wp-json\/wp\/v2\/users\/5"}],"replies":[{"embeddable":true,"href":"https:\/\/mussicom.com\/noticias\/wp-json\/wp\/v2\/comments?post=10492"}],"version-history":[{"count":0,"href":"https:\/\/mussicom.com\/noticias\/wp-json\/wp\/v2\/posts\/10492\/revisions"}],"wp:featuredmedia":[{"embeddable":true,"href":"https:\/\/mussicom.com\/noticias\/wp-json\/wp\/v2\/media\/10493"}],"wp:attachment":[{"href":"https:\/\/mussicom.com\/noticias\/wp-json\/wp\/v2\/media?parent=10492"}],"wp:term":[{"taxonomy":"category","embeddable":true,"href":"https:\/\/mussicom.com\/noticias\/wp-json\/wp\/v2\/categories?post=10492"},{"taxonomy":"post_tag","embeddable":true,"href":"https:\/\/mussicom.com\/noticias\/wp-json\/wp\/v2\/tags?post=10492"}],"curies":[{"name":"wp","href":"https:\/\/api.w.org\/{rel}","templated":true}]}}