{"id":10488,"date":"2025-04-05T16:12:20","date_gmt":"2025-04-05T19:12:20","guid":{"rendered":"https:\/\/mussicom.com\/antony-starr-o-homelander-diz-que-esta-feliz-com-o-fim-de-the-boys-entenda\/"},"modified":"2025-04-05T16:12:20","modified_gmt":"2025-04-05T19:12:20","slug":"antony-starr-o-homelander-diz-que-esta-feliz-com-o-fim-de-the-boys-entenda","status":"publish","type":"post","link":"https:\/\/mussicom.com\/noticias\/antony-starr-o-homelander-diz-que-esta-feliz-com-o-fim-de-the-boys-entenda\/","title":{"rendered":"Antony Starr, o Homelander, diz que est\u00e1 feliz com o fim de The Boys; entenda"},"content":{"rendered":"<p> <br \/>\n<\/p>\n<div>\n<p>Conhecido por interpretar <strong>Capit\u00e3o P\u00e1tria<\/strong> nas quatro temporadas de <em><strong>The Boys<\/strong><\/em> dispon\u00edveis no cat\u00e1logo do <strong>Prime Video<\/strong>, <strong>Antony Starr<\/strong> revelou que est\u00e1 feliz com o fim da s\u00e9rie no quinto ano, que deve chegar ao streaming em meados de 2026.<\/p>\n<p>Vale lembrar como o artista reprisou o papel em dois derivados do seriado: <em><strong>The Boys Apresenta &#8211; Diab\u00f3licos<\/strong><\/em> e <em><strong>Gen V<\/strong><\/em>. Curiosamente, ele n\u00e3o interpretou <strong>Capit\u00e3o P\u00e1tria<\/strong> em <em><strong>Mortal Kombat 1<\/strong><\/em>, no qual se tornou personagem jog\u00e1vel por meio de conte\u00fado adicional e pago do game.<\/p>\n<p>Em entrevista ao <em>Collider<\/em>, <strong>Starr<\/strong> foi questionado sobre o que ele sente sobre a temporada final e o que os f\u00e3s podem esperar. &#8220;\u00c9 estranho porque, por mais que eu ame o show, n\u00e3o gosto de ver as coisas se prolongando al\u00e9m do tempo, ent\u00e3o estou meio feliz que estamos terminando em cinco&#8221;, afirmou.<\/p>\n<blockquote class=\"citacao\"><p>Dito isso, eu amo o seriado e os personagens, ent\u00e3o \u00e9 um momento agridoce.<\/p><\/blockquote>\n<p>Em seguida, <strong>Antony Starr<\/strong> aproveitou para falar sobre as primeiras impress\u00f5es que teve sobre o roteiro da quinta temporada: &#8220;O roteiro, eu tenho que dizer, no estilo t\u00edpico de <em><strong>Boys<\/strong><\/em>\u2026 eu nunca prevejo nada com essa s\u00e9rie! Toda vez que eu acho que sei o que vai acontecer, algo mais acontece&#8221;.<\/p>\n<p>&#8220;Isso n\u00e3o foi exce\u00e7\u00e3o, estou muito envolvido e n\u00e3o vi o final&#8230; mas sei o que acontece, e acho que os f\u00e3s ficar\u00e3o surpresos ou chocados, dependendo do seu sistema nervoso, mas muito, muito entretidos&#8221;, concluiu.<\/p>\n<p><iframe title=\"Antony Starr Teases The Boys Series Finale:  &quot;Fans Are Going To Be Either Surprised or Shocked&quot;\" width=\"800\" height=\"450\" src=\"https:\/\/www.youtube.com\/embed\/_FaOVSMRDOk?feature=oembed\" frameborder=\"0\" allow=\"accelerometer; autoplay; clipboard-write; encrypted-media; gyroscope; picture-in-picture; web-share\" referrerpolicy=\"strict-origin-when-cross-origin\" allowfullscreen><\/iframe><\/p>\n<p><strong>+++LEIA MAIS: O diferente formato que The Boys teria antes de se tornar s\u00e9rie<\/strong><\/p>\n<p><strong>+++LEIA MAIS: Atriz de The Boys pede para f\u00e3s &#8216;respeitarem os limites&#8217; ap\u00f3s incidente<\/strong><\/p>\n<p><strong>+++LEIA MAIS: The Boys: atriz de Starlight tem UMA demanda para quinta temporada da s\u00e9rie<\/strong><\/p>\n<p><strong>+++LEIA MAIS: Gen V, derivada de The Boys, adiciona novos nomes ao elenco de sua 2\u00aa temporada<\/strong><\/p>\n<p><strong>+++LEIA MAIS: Jared Padalecki fala sobre participa\u00e7\u00e3o em The Boys e reencontro com Jensen Ackles: \u2018\u00c9 assustador pra c***\u2019<\/strong><\/p>\n<\/div>\n<p><br \/>\n<br \/>Fonte: <a href=\"https:\/\/rollingstone.com.br\/entretenimento\/antony-starr-o-homelander-diz-que-esta-feliz-com-o-fim-de-the-boys-entenda\/\">rollingstone.com.br<\/a><\/p>\n","protected":false},"excerpt":{"rendered":"<p>Conhecido por interpretar Capit\u00e3o P\u00e1tria nas quatro temporadas de The Boys dispon\u00edveis no cat\u00e1logo do Prime Video, Antony Starr revelou que est\u00e1 feliz com o fim da s\u00e9rie no quinto ano, que deve chegar ao streaming em meados de 2026. Vale lembrar como o artista reprisou o papel em dois derivados do seriado: The Boys [&hellip;]<\/p>\n","protected":false},"author":5,"featured_media":10489,"comment_status":"open","ping_status":"open","sticky":false,"template":"","format":"standard","meta":{"_seopress_robots_primary_cat":"","_seopress_titles_title":"","_seopress_titles_desc":"","_seopress_robots_index":"","footnotes":""},"categories":[51],"tags":[],"class_list":["post-10488","post","type-post","status-publish","format-standard","has-post-thumbnail","hentry","category-musica"],"_links":{"self":[{"href":"https:\/\/mussicom.com\/noticias\/wp-json\/wp\/v2\/posts\/10488","targetHints":{"allow":["GET"]}}],"collection":[{"href":"https:\/\/mussicom.com\/noticias\/wp-json\/wp\/v2\/posts"}],"about":[{"href":"https:\/\/mussicom.com\/noticias\/wp-json\/wp\/v2\/types\/post"}],"author":[{"embeddable":true,"href":"https:\/\/mussicom.com\/noticias\/wp-json\/wp\/v2\/users\/5"}],"replies":[{"embeddable":true,"href":"https:\/\/mussicom.com\/noticias\/wp-json\/wp\/v2\/comments?post=10488"}],"version-history":[{"count":0,"href":"https:\/\/mussicom.com\/noticias\/wp-json\/wp\/v2\/posts\/10488\/revisions"}],"wp:featuredmedia":[{"embeddable":true,"href":"https:\/\/mussicom.com\/noticias\/wp-json\/wp\/v2\/media\/10489"}],"wp:attachment":[{"href":"https:\/\/mussicom.com\/noticias\/wp-json\/wp\/v2\/media?parent=10488"}],"wp:term":[{"taxonomy":"category","embeddable":true,"href":"https:\/\/mussicom.com\/noticias\/wp-json\/wp\/v2\/categories?post=10488"},{"taxonomy":"post_tag","embeddable":true,"href":"https:\/\/mussicom.com\/noticias\/wp-json\/wp\/v2\/tags?post=10488"}],"curies":[{"name":"wp","href":"https:\/\/api.w.org\/{rel}","templated":true}]}}