{"id":10473,"date":"2025-04-05T14:36:04","date_gmt":"2025-04-05T17:36:04","guid":{"rendered":"https:\/\/www.mussicom.com\/cnu-representa-maior-contratacao-de-servidor-publico-da-ultima-decada\/"},"modified":"2025-04-05T14:36:04","modified_gmt":"2025-04-05T17:36:04","slug":"cnu-representa-maior-contratacao-de-servidor-publico-da-ultima-decada","status":"publish","type":"post","link":"https:\/\/mussicom.com\/noticias\/cnu-representa-maior-contratacao-de-servidor-publico-da-ultima-decada\/","title":{"rendered":"CNU representa maior contrata\u00e7\u00e3o de servidor p\u00fablico da \u00faltima d\u00e9cada"},"content":{"rendered":"<p> <br \/>\n<\/p>\n<div>\n<p>A primeira edi\u00e7\u00e3o do Concurso P\u00fablico Nacional Unificado (CPNU) representar\u00e1 sozinha a maior contrata\u00e7\u00e3o de servidores federais efetivos dos \u00faltimos dez anos, com 6.640 vagas, quando os aprovados tomarem posse em 21 \u00f3rg\u00e3os p\u00fablicos federais.<img decoding=\"async\" src=\"https:\/\/agenciabrasil.ebc.com.br\/ebc.gif?id=1637661&amp;o=node\" style=\"width:1px; height:1px; display:inline;\"\/><\/p>\n<p>Os dados s\u00e3o do Painel Estat\u00edstico de Pessoal (PEP) do Portal do Servidor, que concentra informa\u00e7\u00f5es de pessoal do poder Executivo federal. Os n\u00fameros excluem as contrata\u00e7\u00f5es realizadas por universidades federais p\u00fablicas e institutos federais, que t\u00eam lei pr\u00f3pria devido aos crit\u00e9rios de autonomia das institui\u00e7\u00f5es de ensino.<\/p>\n<p>Al\u00e9m das vagas do concurso unificado, o Minist\u00e9rio da Gest\u00e3o e da Inova\u00e7\u00e3o em Servi\u00e7os P\u00fablicos (MGI) autorizou, em 2023, a realiza\u00e7\u00e3o de concurso p\u00fablico para outros 2.426 cargos efetivos. <strong>Ao todo, 2023 teve no total, somando o CPNU e outros certames.\u00a0<\/strong><\/p>\n<p>Em 2024, foram autorizadas mais 2.282 vagas de concursos. Para o segundo semestre deste ano, o MGI planeja realizar a segunda edi\u00e7\u00e3o do chamado Enem dos Concursos ainda sem edital publicado.<\/p>\n<h2>Contrata\u00e7\u00f5es<\/h2>\n<p>As novas contrata\u00e7\u00f5es visam reverter duas tend\u00eancias: a de queda na contrata\u00e7\u00e3o de efetivos e a de aumento de servidores tempor\u00e1rios na administra\u00e7\u00e3o p\u00fablica federal.<\/p>\n<p>O MGI disponibilizou os n\u00fameros anuais de contrata\u00e7\u00f5es estatut\u00e1rias e tempor\u00e1rias de servidores da administra\u00e7\u00e3o direta, autarquias e funda\u00e7\u00f5es, com exce\u00e7\u00e3o dos institutos federais de ensino superior (Ifes) e dos institutos federais de educa\u00e7\u00e3o, ci\u00eancia e tecnologia (Ifets):<\/p>\n<ul>\n<li><strong>2014<\/strong>:\u00a013.659 contrata\u00e7\u00f5es estatut\u00e1rias e 2.691 contrata\u00e7\u00f5es tempor\u00e1rias, com total de 16.350 contrata\u00e7\u00f5es;<\/li>\n<li><strong>2015<\/strong>:\u00a06.214 contrata\u00e7\u00f5es estatut\u00e1rias e 2.594 contrata\u00e7\u00f5es tempor\u00e1rias, com total de 8.808 contrata\u00e7\u00f5es;<\/li>\n<li><strong>2016<\/strong>:\u00a04.647 contrata\u00e7\u00f5es estatut\u00e1rias e 2.196 contrata\u00e7\u00f5es tempor\u00e1rias, com total de 6.843 contrata\u00e7\u00f5es;<\/li>\n<li><strong>2017<\/strong>:\u00a03.744 contrata\u00e7\u00f5es estatut\u00e1rias e 4.425 contrata\u00e7\u00f5es tempor\u00e1rias, com total de 8.169 contrata\u00e7\u00f5es;<\/li>\n<li><strong>2018<\/strong>:\u00a02.283 contrata\u00e7\u00f5es estatut\u00e1rias e 1.616 contrata\u00e7\u00f5es tempor\u00e1rias, com total de 3.899 contrata\u00e7\u00f5es;<\/li>\n<li><strong>2019<\/strong>:\u00a04.311 contrata\u00e7\u00f5es estatut\u00e1rias e 3.000 contrata\u00e7\u00f5es tempor\u00e1rias, com total de 7.311 contrata\u00e7\u00f5es;<\/li>\n<li><strong>2020<\/strong>:\u00a03.197 contrata\u00e7\u00f5es estatut\u00e1rias e 1.810 contrata\u00e7\u00f5es tempor\u00e1rias, com total de 5.007 contrata\u00e7\u00f5es;<\/li>\n<li><strong>2021<\/strong>:\u00a01.434 contrata\u00e7\u00f5es estatut\u00e1rias e 908 contrata\u00e7\u00f5es tempor\u00e1rias, com total de 2.342 contrata\u00e7\u00f5es;<\/li>\n<li><strong>2022<\/strong>:\u00a07.371 contrata\u00e7\u00f5es estatut\u00e1rias e 5.683 contrata\u00e7\u00f5es tempor\u00e1rias, com total de 13.054 contrata\u00e7\u00f5es;<\/li>\n<li><strong>2023<\/strong>:\u00a04.996 contrata\u00e7\u00f5es estatut\u00e1rias e 4.908 contrata\u00e7\u00f5es tempor\u00e1rias, com total de 9.904 contrata\u00e7\u00f5es;<\/li>\n<li><strong>2024<\/strong>:\u00a03.575 contrata\u00e7\u00f5es estatut\u00e1rias e 4.155 contrata\u00e7\u00f5es tempor\u00e1rias, com total de 7.730 contrata\u00e7\u00f5es.<\/li>\n<\/ul>\n<p>Em nota, o secret\u00e1rio de Gest\u00e3o de Pessoas do MGI, Jos\u00e9 Celso Cardoso, rebateu cr\u00edticas de que o setor p\u00fablico possui um n\u00famero excessivo de funcion\u00e1rios e refor\u00e7ou a necessidade de recomposi\u00e7\u00e3o da for\u00e7a de trabalho\u00a0da administra\u00e7\u00e3o p\u00fablica para continuidade dos servi\u00e7os p\u00fablicos.\u00a0<\/p>\n<blockquote>\n<p>\u201cO que est\u00e1 em jogo \u00e9 a pr\u00f3pria continuidade da m\u00e1quina [p\u00fablica] e do rol de pol\u00edticas p\u00fablicas que dela dependem para serem implementadas, a servi\u00e7o da popula\u00e7\u00e3o, territ\u00f3rios e mercados\u201d.<\/p>\n<\/blockquote>\n<h2>Aposentadorias<\/h2>\n<p>Entre 2010 e 2023, quase 246 mil servidores do Executivo federal se aposentaram. Al\u00e9m disso, o Minist\u00e9rio da Gest\u00e3o projeta que aproximadamente 57 mil servidores do Executivo Federal se aposentar\u00e3o entre 2024 e 2026.<\/p>\n<p>De acordo com o Painel Estat\u00edstico de Pessoal (PEP), atualmente, cerca de 66,3 mil servidores federais continuam trabalhando, mesmo tendo condi\u00e7\u00f5es para se aposentar.<\/p>\n<p>A situa\u00e7\u00e3o \u00e9 chamada de abono de perman\u00eancia, que equivale \u00e0 contribui\u00e7\u00e3o previdenci\u00e1ria ao Regime Pr\u00f3prio de Previd\u00eancia Social (RPPS) da Uni\u00e3o. O valor \u00e9 pago at\u00e9 que o servidor complete 75 anos, idade da aposentadoria compuls\u00f3ria no servi\u00e7o p\u00fablico, ou quando solicitar o benef\u00edcio previdenci\u00e1rio.<\/p>\n<p>\u00a0<\/p>\n<p>      <!-- Relacionada --><\/p>\n<p>            <!-- Relacionada -->\n    <\/div>\n<p><br \/>\n<br \/>Fonte: <a href=\"https:\/\/agenciabrasil.ebc.com.br\/educacao\/noticia\/2025-04\/cnu-representa-maior-contratacao-de-servidor-publico-da-ultima-decada\">Ag\u00eancia Brasil<\/a><\/p>\n","protected":false},"excerpt":{"rendered":"<p>A primeira edi\u00e7\u00e3o do Concurso P\u00fablico Nacional Unificado (CPNU) representar\u00e1 sozinha a maior contrata\u00e7\u00e3o de servidores federais efetivos dos \u00faltimos dez anos, com 6.640 vagas, quando os aprovados tomarem posse em 21 \u00f3rg\u00e3os p\u00fablicos federais. Os dados s\u00e3o do Painel Estat\u00edstico de Pessoal (PEP) do Portal do Servidor, que concentra informa\u00e7\u00f5es de pessoal do poder [&hellip;]<\/p>\n","protected":false},"author":5,"featured_media":4889,"comment_status":"open","ping_status":"open","sticky":false,"template":"","format":"standard","meta":{"_seopress_robots_primary_cat":"","_seopress_titles_title":"","_seopress_titles_desc":"","_seopress_robots_index":"","footnotes":""},"categories":[44],"tags":[],"class_list":["post-10473","post","type-post","status-publish","format-standard","has-post-thumbnail","hentry","category-educacao"],"_links":{"self":[{"href":"https:\/\/mussicom.com\/noticias\/wp-json\/wp\/v2\/posts\/10473","targetHints":{"allow":["GET"]}}],"collection":[{"href":"https:\/\/mussicom.com\/noticias\/wp-json\/wp\/v2\/posts"}],"about":[{"href":"https:\/\/mussicom.com\/noticias\/wp-json\/wp\/v2\/types\/post"}],"author":[{"embeddable":true,"href":"https:\/\/mussicom.com\/noticias\/wp-json\/wp\/v2\/users\/5"}],"replies":[{"embeddable":true,"href":"https:\/\/mussicom.com\/noticias\/wp-json\/wp\/v2\/comments?post=10473"}],"version-history":[{"count":0,"href":"https:\/\/mussicom.com\/noticias\/wp-json\/wp\/v2\/posts\/10473\/revisions"}],"wp:featuredmedia":[{"embeddable":true,"href":"https:\/\/mussicom.com\/noticias\/wp-json\/wp\/v2\/media\/4889"}],"wp:attachment":[{"href":"https:\/\/mussicom.com\/noticias\/wp-json\/wp\/v2\/media?parent=10473"}],"wp:term":[{"taxonomy":"category","embeddable":true,"href":"https:\/\/mussicom.com\/noticias\/wp-json\/wp\/v2\/categories?post=10473"},{"taxonomy":"post_tag","embeddable":true,"href":"https:\/\/mussicom.com\/noticias\/wp-json\/wp\/v2\/tags?post=10473"}],"curies":[{"name":"wp","href":"https:\/\/api.w.org\/{rel}","templated":true}]}}