{"id":10442,"date":"2025-04-05T11:07:09","date_gmt":"2025-04-05T14:07:09","guid":{"rendered":"https:\/\/mussicom.com\/richie-faulkner-revela-dificuldades-para-tocar-musicas-apos-avc\/"},"modified":"2025-04-05T11:07:09","modified_gmt":"2025-04-05T14:07:09","slug":"richie-faulkner-revela-dificuldades-para-tocar-musicas-apos-avc","status":"publish","type":"post","link":"https:\/\/mussicom.com\/noticias\/richie-faulkner-revela-dificuldades-para-tocar-musicas-apos-avc\/","title":{"rendered":"Richie Faulkner revela dificuldades para tocar m\u00fasicas ap\u00f3s AVC"},"content":{"rendered":"<p> <br \/>\n<\/p>\n<div>\n<p><em>Artigo publicado em 4 de abril de 2025 na Rolling Stone. Para ler o original em ingl\u00eas, clique aqui.<\/em><\/p>\n<p>O guitarrista <strong>Richie Faulkner<\/strong>, do <strong>Judas Priest<\/strong>, est\u00e1 compartilhando mais detalhes sobre suas dificuldades de sa\u00fade nos \u00faltimos anos. Em uma entrevista ao <em>PremierGuitar<\/em>, o m\u00fasico revelou que sofreu um acidente vascular cerebral (AVC) que deixou danos permanentes em seu c\u00e9rebro, afetando sua maneira de tocar o instrumento.<\/p>\n<p><strong>Faulkner<\/strong>, que j\u00e1 havia sofrido um aneurisma da aorta durante um show em 2021, explicou que em 2022 notou que &#8220;algo estava diferente&#8221; na forma como usava a m\u00e3o direita para tocar guitarra e escovar os dentes. Ele decidiu consultar um m\u00e9dico e rapidamente descobriu que tinha danos no c\u00e9rebro ap\u00f3s ter sofrido um AVC, e n\u00e3o um Ataque Isqu\u00eamico Transit\u00f3rio (AIT), como havia acreditado anteriormente.<\/p>\n<p>&#8220;Eles encontraram alguns danos no lado esquerdo do c\u00e9rebro, o que afeta o lado direito [do meu corpo]. Agora, felizmente, eu n\u00e3o toco guitarra com o p\u00e9, ent\u00e3o isso est\u00e1 ok. Eu consigo lidar com isso. Mas minha m\u00e3o, obviamente, \u00e9 meu motor&#8221;, disse ele.<\/p>\n<p>O m\u00fasico explicou que, ap\u00f3s investiga\u00e7\u00f5es, os m\u00e9dicos constataram que os danos s\u00e3o permanentes e causados pelo AVC. Antes, a expectativa era de que fossem provis\u00f3rios e pudessem desaparecer.<\/p>\n<p>Na entrevista, <strong>Faulkner<\/strong> disse que se preocupava que as pessoas percebessem rapidamente que ele n\u00e3o estava tocando as m\u00fasicas da banda corretamente e sentia muito &#8220;medo&#8221; e &#8220;a sensa\u00e7\u00e3o de ser um impostor&#8221; sobre como a condi\u00e7\u00e3o o afetaria.<\/p>\n<blockquote class=\"citacao\"><p>Eu s\u00f3 pensei que se eu comunicasse isso, se tornasse esse fato acess\u00edvel, ent\u00e3o estaria falando a verdade. Voc\u00ea n\u00e3o pode discutir a verdade. \u00c9 assim que \u00e9. Eu ainda toco, ainda estamos escrevendo discos, ainda estamos tocando o mais forte que podemos, nada afeta isso. Mas h\u00e1 apenas pequenas coisas que eu tenho que fazer.&#8221;<\/p><\/blockquote>\n<p>&#8220;Eu saio todas as noites pensando&#8230; \u00c0s vezes eu saio do palco e ligo para casa e digo: &#8216;Eu n\u00e3o consigo fazer isso. N\u00e3o consigo.&#8217; H\u00e1 coisas que eu costumava tocar: eu costumava pensar em algo e isso sa\u00eda. E agora estou l\u00e1 lutando para tocar com um padr\u00e3o r\u00edtmico. Quem quer isso? Mas \u00e9 assim que \u00e9. Essa \u00e9 a verdade. Ent\u00e3o \u00e9 com isso que eu luto. Esse \u00e9 o dano colateral.&#8221;<\/p>\n<p>Pouco depois da emerg\u00eancia card\u00edaca no palco em 2021, o m\u00e9dico de <strong>Faulkner<\/strong>, <strong>Siddharth Pahwa<\/strong>, disse que o m\u00fasico ainda estava vivo &#8220;porque as estrelas se alinharam.&#8221; <strong>Pahwa<\/strong> comentou na \u00e9poca: &#8220;Ele teve uma equipe de atendimento de emerg\u00eancia excepcional, estava perto de um centro card\u00edaco de classe mundial e foi r\u00e1pido em reconhecer que precisava de ajuda.&#8221;<\/p>\n<p><strong>+++LEIA MAIS: Quem fecha o Monsters of Rock, Scorpions ou Judas Priest? Descubra<\/strong><\/p>\n<p><strong>+++LEIA MAIS: Judas Priest: Richie Faulkner sofreu aneurisma da aorta durante show<\/strong><\/p>\n<p><strong>+++LEIA MAIS: Rob Halford, do Judas Priest, revela 5 \u00e1lbuns que traria para ilha deserta<\/strong><\/p>\n<\/div>\n<p><br \/>\n<br \/>Fonte: <a href=\"https:\/\/rollingstone.com.br\/musica\/judas-priest-richie-faulkner-revela-dificuldades-para-tocar-musicas-apos-avc\/\">rollingstone.com.br<\/a><\/p>\n","protected":false},"excerpt":{"rendered":"<p>Artigo publicado em 4 de abril de 2025 na Rolling Stone. Para ler o original em ingl\u00eas, clique aqui. O guitarrista Richie Faulkner, do Judas Priest, est\u00e1 compartilhando mais detalhes sobre suas dificuldades de sa\u00fade nos \u00faltimos anos. Em uma entrevista ao PremierGuitar, o m\u00fasico revelou que sofreu um acidente vascular cerebral (AVC) que deixou [&hellip;]<\/p>\n","protected":false},"author":5,"featured_media":10443,"comment_status":"open","ping_status":"open","sticky":false,"template":"","format":"standard","meta":{"_seopress_robots_primary_cat":"","_seopress_titles_title":"","_seopress_titles_desc":"","_seopress_robots_index":"","footnotes":""},"categories":[51],"tags":[],"class_list":["post-10442","post","type-post","status-publish","format-standard","has-post-thumbnail","hentry","category-musica"],"_links":{"self":[{"href":"https:\/\/mussicom.com\/noticias\/wp-json\/wp\/v2\/posts\/10442","targetHints":{"allow":["GET"]}}],"collection":[{"href":"https:\/\/mussicom.com\/noticias\/wp-json\/wp\/v2\/posts"}],"about":[{"href":"https:\/\/mussicom.com\/noticias\/wp-json\/wp\/v2\/types\/post"}],"author":[{"embeddable":true,"href":"https:\/\/mussicom.com\/noticias\/wp-json\/wp\/v2\/users\/5"}],"replies":[{"embeddable":true,"href":"https:\/\/mussicom.com\/noticias\/wp-json\/wp\/v2\/comments?post=10442"}],"version-history":[{"count":0,"href":"https:\/\/mussicom.com\/noticias\/wp-json\/wp\/v2\/posts\/10442\/revisions"}],"wp:featuredmedia":[{"embeddable":true,"href":"https:\/\/mussicom.com\/noticias\/wp-json\/wp\/v2\/media\/10443"}],"wp:attachment":[{"href":"https:\/\/mussicom.com\/noticias\/wp-json\/wp\/v2\/media?parent=10442"}],"wp:term":[{"taxonomy":"category","embeddable":true,"href":"https:\/\/mussicom.com\/noticias\/wp-json\/wp\/v2\/categories?post=10442"},{"taxonomy":"post_tag","embeddable":true,"href":"https:\/\/mussicom.com\/noticias\/wp-json\/wp\/v2\/tags?post=10442"}],"curies":[{"name":"wp","href":"https:\/\/api.w.org\/{rel}","templated":true}]}}