{"id":10403,"date":"2025-04-05T07:58:03","date_gmt":"2025-04-05T10:58:03","guid":{"rendered":"https:\/\/www.mussicom.com\/mp-do-paraguai-abre-investigacao-apos-espionagem-da-abin-caso-gera-incomodo-no-governo\/"},"modified":"2025-04-05T07:58:03","modified_gmt":"2025-04-05T10:58:03","slug":"mp-do-paraguai-abre-investigacao-apos-espionagem-da-abin-caso-gera-incomodo-no-governo","status":"publish","type":"post","link":"https:\/\/mussicom.com\/noticias\/mp-do-paraguai-abre-investigacao-apos-espionagem-da-abin-caso-gera-incomodo-no-governo\/","title":{"rendered":"MP do Paraguai abre investiga\u00e7\u00e3o ap\u00f3s espionagem da Abin; caso gera inc\u00f4modo no governo"},"content":{"rendered":"<p> <br \/>\n<\/p>\n<div><\/p>\n<div>O Minist\u00e9rio P\u00fablico do Paraguai abriu uma investiga\u00e7\u00e3o ap\u00f3s o caso de espionagem da Abin contra o pa\u00eds; impasse gera inc\u00f4modo no governo<\/div>\n<\/div>\n<p><br \/>\n<br \/>Fonte: <a href=\"https:\/\/www.gazetadopovo.com.br\/republica\/mp-do-paraguai-abre-investigacao-apos-espionagem-da-abin-caso-gera-incomodo-no-governo\/\">Revista Oeste<\/a><\/p>\n","protected":false},"excerpt":{"rendered":"<p>O Minist\u00e9rio P\u00fablico do Paraguai abriu uma investiga\u00e7\u00e3o ap\u00f3s o caso de espionagem da Abin contra o pa\u00eds; impasse gera inc\u00f4modo no governo Fonte: Revista Oeste<\/p>\n","protected":false},"author":5,"featured_media":9336,"comment_status":"open","ping_status":"open","sticky":false,"template":"","format":"standard","meta":{"_seopress_robots_primary_cat":"","_seopress_titles_title":"","_seopress_titles_desc":"","_seopress_robots_index":"","footnotes":""},"categories":[1],"tags":[],"class_list":["post-10403","post","type-post","status-publish","format-standard","has-post-thumbnail","hentry","category-ultimas-noticias"],"_links":{"self":[{"href":"https:\/\/mussicom.com\/noticias\/wp-json\/wp\/v2\/posts\/10403","targetHints":{"allow":["GET"]}}],"collection":[{"href":"https:\/\/mussicom.com\/noticias\/wp-json\/wp\/v2\/posts"}],"about":[{"href":"https:\/\/mussicom.com\/noticias\/wp-json\/wp\/v2\/types\/post"}],"author":[{"embeddable":true,"href":"https:\/\/mussicom.com\/noticias\/wp-json\/wp\/v2\/users\/5"}],"replies":[{"embeddable":true,"href":"https:\/\/mussicom.com\/noticias\/wp-json\/wp\/v2\/comments?post=10403"}],"version-history":[{"count":0,"href":"https:\/\/mussicom.com\/noticias\/wp-json\/wp\/v2\/posts\/10403\/revisions"}],"wp:featuredmedia":[{"embeddable":true,"href":"https:\/\/mussicom.com\/noticias\/wp-json\/wp\/v2\/media\/9336"}],"wp:attachment":[{"href":"https:\/\/mussicom.com\/noticias\/wp-json\/wp\/v2\/media?parent=10403"}],"wp:term":[{"taxonomy":"category","embeddable":true,"href":"https:\/\/mussicom.com\/noticias\/wp-json\/wp\/v2\/categories?post=10403"},{"taxonomy":"post_tag","embeddable":true,"href":"https:\/\/mussicom.com\/noticias\/wp-json\/wp\/v2\/tags?post=10403"}],"curies":[{"name":"wp","href":"https:\/\/api.w.org\/{rel}","templated":true}]}}