{"id":10385,"date":"2025-04-05T05:56:02","date_gmt":"2025-04-05T08:56:02","guid":{"rendered":"https:\/\/www.mussicom.com\/pgr-manifesta-por-arquivamento-de-investigacao-sobre-imoveis-da-familia-bolsonaro\/"},"modified":"2025-04-05T05:56:02","modified_gmt":"2025-04-05T08:56:02","slug":"pgr-manifesta-por-arquivamento-de-investigacao-sobre-imoveis-da-familia-bolsonaro","status":"publish","type":"post","link":"https:\/\/mussicom.com\/noticias\/pgr-manifesta-por-arquivamento-de-investigacao-sobre-imoveis-da-familia-bolsonaro\/","title":{"rendered":"PGR manifesta por arquivamento de investiga\u00e7\u00e3o sobre im\u00f3veis da fam\u00edlia Bolsonaro"},"content":{"rendered":"<p> <br \/>\n<\/p>\n<div><\/p>\n<div>PGR manifestou contra pedido para investigar Bolsonaro e fam\u00edlia por suposta lavagem de dinheiro em compra de im\u00f3veis. Leia na Gazeta do Povo.<\/div>\n<\/div>\n<p><br \/>\n<br \/>Fonte: <a href=\"https:\/\/www.gazetadopovo.com.br\/republica\/pgr-manifesta-arquivamento-investigacao-imoveis-familia-bolsonaro\/\">Revista Oeste<\/a><\/p>\n","protected":false},"excerpt":{"rendered":"<p>PGR manifestou contra pedido para investigar Bolsonaro e fam\u00edlia por suposta lavagem de dinheiro em compra de im\u00f3veis. Leia na Gazeta do Povo. Fonte: Revista Oeste<\/p>\n","protected":false},"author":5,"featured_media":10386,"comment_status":"open","ping_status":"open","sticky":false,"template":"","format":"standard","meta":{"_seopress_robots_primary_cat":"","_seopress_titles_title":"","_seopress_titles_desc":"","_seopress_robots_index":"","footnotes":""},"categories":[1],"tags":[],"class_list":["post-10385","post","type-post","status-publish","format-standard","has-post-thumbnail","hentry","category-ultimas-noticias"],"_links":{"self":[{"href":"https:\/\/mussicom.com\/noticias\/wp-json\/wp\/v2\/posts\/10385","targetHints":{"allow":["GET"]}}],"collection":[{"href":"https:\/\/mussicom.com\/noticias\/wp-json\/wp\/v2\/posts"}],"about":[{"href":"https:\/\/mussicom.com\/noticias\/wp-json\/wp\/v2\/types\/post"}],"author":[{"embeddable":true,"href":"https:\/\/mussicom.com\/noticias\/wp-json\/wp\/v2\/users\/5"}],"replies":[{"embeddable":true,"href":"https:\/\/mussicom.com\/noticias\/wp-json\/wp\/v2\/comments?post=10385"}],"version-history":[{"count":0,"href":"https:\/\/mussicom.com\/noticias\/wp-json\/wp\/v2\/posts\/10385\/revisions"}],"wp:featuredmedia":[{"embeddable":true,"href":"https:\/\/mussicom.com\/noticias\/wp-json\/wp\/v2\/media\/10386"}],"wp:attachment":[{"href":"https:\/\/mussicom.com\/noticias\/wp-json\/wp\/v2\/media?parent=10385"}],"wp:term":[{"taxonomy":"category","embeddable":true,"href":"https:\/\/mussicom.com\/noticias\/wp-json\/wp\/v2\/categories?post=10385"},{"taxonomy":"post_tag","embeddable":true,"href":"https:\/\/mussicom.com\/noticias\/wp-json\/wp\/v2\/tags?post=10385"}],"curies":[{"name":"wp","href":"https:\/\/api.w.org\/{rel}","templated":true}]}}